{"id":20141,"date":"2020-01-29T21:34:55","date_gmt":"2020-01-30T00:34:55","guid":{"rendered":"http:\/\/newsinfoco.com.br\/?p=20141"},"modified":"2020-01-29T21:34:55","modified_gmt":"2020-01-30T00:34:55","slug":"mais-de-2-mil-pessoas-serao-beneficiadas-com-trabalho-social-no-conjunto-linha-verde","status":"publish","type":"post","link":"https:\/\/newsinfoco.com.br\/inicio\/mais-de-2-mil-pessoas-serao-beneficiadas-com-trabalho-social-no-conjunto-linha-verde\/","title":{"rendered":"Mais de 2 mil pessoas ser\u00e3o beneficiadas com trabalho social no Conjunto Linha Verde"},"content":{"rendered":"<p style=\"text-align: justify;\">O prefeito Joaquim Neto e o secret\u00e1rio de Assist\u00eancia Social, Alfredo Menezes, assinaram, nesta ter\u00e7a-feira (27), um conv\u00eanio com a Caixa Econ\u00f4mica Federal no valor de R$ 500.000,00 para a execu\u00e7\u00e3o do Plano de Trabalho Social (PTS), que ser\u00e1 desenvolvido no Conjunto Linha Verde, empreendimento do Programa Federal Minha Casa Minha Vida, entregue aos benefici\u00e1rios no in\u00edcio de 2018.<\/p>\n<p style=\"text-align: justify;\">Elaborado pela SEMAS, ap\u00f3s reuni\u00f5es com a Associa\u00e7\u00e3o de Moradores, realizadas com o objetivo de levantar demandas e potencialidades da comunidade, o PTS vai beneficiar mais de 2 mil pessoas com a\u00e7\u00f5es que promovem cidadania e a inclus\u00e3o social e produtiva.<\/p><div class=\"newsi-conteudo_19\" id=\"newsi-1947792564\"><a href=\"https:\/\/www.instagram.com\/prefeituraalagoinhas?igsh=YzgzdDJ1bWR3aWI4\" aria-label=\"SAVE_20251006_221555\"><img loading=\"lazy\" decoding=\"async\" src=\"https:\/\/newsinfoco.com.br\/inicio\/wp-content\/uploads\/2025\/10\/SAVE_20251006_221555-rotated.jpg\" alt=\"\"  srcset=\"https:\/\/newsinfoco.com.br\/inicio\/wp-content\/uploads\/2025\/10\/SAVE_20251006_221555-rotated.jpg 1140w, https:\/\/newsinfoco.com.br\/inicio\/wp-content\/uploads\/2025\/10\/SAVE_20251006_221555-300x52.jpg 300w, https:\/\/newsinfoco.com.br\/inicio\/wp-content\/uploads\/2025\/10\/SAVE_20251006_221555-1024x177.jpg 1024w, https:\/\/newsinfoco.com.br\/inicio\/wp-content\/uploads\/2025\/10\/SAVE_20251006_221555-768x133.jpg 768w, https:\/\/newsinfoco.com.br\/inicio\/wp-content\/uploads\/2025\/10\/SAVE_20251006_221555-600x104.jpg 600w, https:\/\/newsinfoco.com.br\/inicio\/wp-content\/uploads\/2025\/10\/SAVE_20251006_221555-696x120.jpg 696w, https:\/\/newsinfoco.com.br\/inicio\/wp-content\/uploads\/2025\/10\/SAVE_20251006_221555-1068x185.jpg 1068w\" sizes=\"(max-width: 1140px) 100vw, 1140px\" width=\"1140\" height=\"197\"   \/><\/a><\/div>\n<p style=\"text-align: justify;\">O pr\u00f3ximo passo ser\u00e1 o processo licitat\u00f3rio para contrata\u00e7\u00e3o da empresa, que ter\u00e1 o per\u00edodo de 12 meses para a execu\u00e7\u00e3o das atividades. Ser\u00e3o realizados cursos de Eletricista, Atendente de Farm\u00e1cia, Culin\u00e1ria, T\u00e9cnicas em MDF, Oficina de Empreendedorismo, Capacita\u00e7\u00e3o de L\u00edderes, Planejamento do Or\u00e7amento Familiar, Plant\u00e3o Social, Oficina de Manuten\u00e7\u00e3o e Utiliza\u00e7\u00e3o dos Equipamentos e Recursos do Condom\u00ednio, al\u00e9m palestras e outras a\u00e7\u00f5es de interesse social, como Cinema na Pra\u00e7a e gincana.<\/p>\n<p style=\"text-align: justify;\">\u201cN\u00e3o basta s\u00f3 entregar as chaves. O grande prop\u00f3sito desse trabalho social \u00e9 ajudar as pessoas a terem autonomia em todas as \u00e1reas e uma moradia digna, atrav\u00e9s da cidadania, conscientiza\u00e7\u00e3o dos seus direitos e responsabilidades com o local e da constru\u00e7\u00e3o de uma conviv\u00eancia coletiva saud\u00e1vel\u201d, pontuou o prefeito Joaquim Neto.<\/p>\n<p style=\"text-align: justify;\"><strong>Recupera\u00e7\u00e3o de recursos<\/strong><\/p>\n<p style=\"text-align: justify;\">Negligenciado pela gest\u00e3o anterior, o Plano de Trabalho Social \u00e9 um componente essencial da pol\u00edtica habitacional a ser desenvolvida junto aos benefici\u00e1rios do Programa Minha Casa Minha Vida, desde a etapa da constru\u00e7\u00e3o do empreendimento, conforme estabelecem as regras do conv\u00eanio firmado com as institui\u00e7\u00f5es financiadoras. Para evitar a perda dos recursos, no in\u00edcio de 2017, a Secretaria de Assist\u00eancia Social (SEMAS), em car\u00e1ter de urg\u00eancia, reformulou os projetos e garantiu a sua execu\u00e7\u00e3o.<\/p>\n<p style=\"text-align: justify;\">Assim, em fevereiro de 2018, o PTS foi lan\u00e7ado pela Prefeitura no Conjunto Habitacional Urupiara. Contando com um aporte de recursos no valor de R$ 1,5 mi, o Plano trouxe \u00a0um conjunto de a\u00e7\u00f5es de natureza socioeducativa, adequadas \u00e0 realidade socioecon\u00f4mica e cultural dos cerca de 4.500 moradores do conjunto. De acordo com a SEMAS, o terceiro residencial a receber o PTS ser\u00e1 o Brisas do Catu.\u00a0 A execu\u00e7\u00e3o do projeto no empreendimento ter\u00e1 inicio ainda este ano e beneficiar\u00e1 cerca de 2.500 pessoas.<\/p>\n<p style=\"text-align: right;\">Secom Alagoinhas<\/p>\n<div class='share-to-whatsapp-wrapper'><div class='share-on-whsp'>Share on: <\/div><a data-text='Mais de 2 mil pessoas ser\u00e3o beneficiadas com trabalho social no Conjunto Linha Verde' data-link='https:\/\/newsinfoco.com.br\/inicio\/mais-de-2-mil-pessoas-serao-beneficiadas-com-trabalho-social-no-conjunto-linha-verde\/' class='whatsapp-button whatsapp-share'>WhatsApp<\/a><div class='clear '><\/div><\/div>","protected":false},"excerpt":{"rendered":"<p>O prefeito Joaquim Neto e o secret\u00e1rio de Assist\u00eancia Social, Alfredo Menezes, assinaram, nesta ter\u00e7a-feira (27), um conv\u00eanio com a Caixa Econ\u00f4mica Federal no valor de R$ 500.000,00 para a execu\u00e7\u00e3o do Plano de Trabalho Social (PTS), que ser\u00e1 desenvolvido no Conjunto Linha Verde, empreendimento do Programa Federal Minha Casa Minha Vida, entregue aos benefici\u00e1rios [&hellip;]<\/p>\n","protected":false},"author":1,"featured_media":20142,"comment_status":"open","ping_status":"open","sticky":false,"template":"","format":"standard","meta":{"om_disable_all_campaigns":false,"_exactmetrics_skip_tracking":false,"_exactmetrics_sitenote_active":false,"_exactmetrics_sitenote_note":"","_exactmetrics_sitenote_category":0,"footnotes":""},"categories":[38],"tags":[],"class_list":["post-20141","post","type-post","status-publish","format-standard","has-post-thumbnail","hentry","category-alagoinhas-e-regiao"],"aioseo_notices":[],"_links":{"self":[{"href":"https:\/\/newsinfoco.com.br\/inicio\/wp-json\/wp\/v2\/posts\/20141","targetHints":{"allow":["GET"]}}],"collection":[{"href":"https:\/\/newsinfoco.com.br\/inicio\/wp-json\/wp\/v2\/posts"}],"about":[{"href":"https:\/\/newsinfoco.com.br\/inicio\/wp-json\/wp\/v2\/types\/post"}],"author":[{"embeddable":true,"href":"https:\/\/newsinfoco.com.br\/inicio\/wp-json\/wp\/v2\/users\/1"}],"replies":[{"embeddable":true,"href":"https:\/\/newsinfoco.com.br\/inicio\/wp-json\/wp\/v2\/comments?post=20141"}],"version-history":[{"count":0,"href":"https:\/\/newsinfoco.com.br\/inicio\/wp-json\/wp\/v2\/posts\/20141\/revisions"}],"wp:featuredmedia":[{"embeddable":true,"href":"https:\/\/newsinfoco.com.br\/inicio\/wp-json\/wp\/v2\/media\/20142"}],"wp:attachment":[{"href":"https:\/\/newsinfoco.com.br\/inicio\/wp-json\/wp\/v2\/media?parent=20141"}],"wp:term":[{"taxonomy":"category","embeddable":true,"href":"https:\/\/newsinfoco.com.br\/inicio\/wp-json\/wp\/v2\/categories?post=20141"},{"taxonomy":"post_tag","embeddable":true,"href":"https:\/\/newsinfoco.com.br\/inicio\/wp-json\/wp\/v2\/tags?post=20141"}],"curies":[{"name":"wp","href":"https:\/\/api.w.org\/{rel}","templated":true}]}}