{"id":20147,"date":"2020-01-30T17:42:39","date_gmt":"2020-01-30T20:42:39","guid":{"rendered":"http:\/\/newsinfoco.com.br\/?p=20147"},"modified":"2020-01-30T17:52:08","modified_gmt":"2020-01-30T20:52:08","slug":"para-jose-gomes-filipinho-e-fabio-lima-foram-os-destaques-do-atletico-de-alagoinhas-no-empate-com-o-vitoria-da-conquista","status":"publish","type":"post","link":"https:\/\/newsinfoco.com.br\/inicio\/para-jose-gomes-filipinho-e-fabio-lima-foram-os-destaques-do-atletico-de-alagoinhas-no-empate-com-o-vitoria-da-conquista\/","title":{"rendered":"Para Jos\u00e9 Gomes, Filipinho e F\u00e1bio Lima foram os destaques do Atl\u00e9tico de Alagoinhas no empate com o Vit\u00f3ria da Conquista"},"content":{"rendered":"<p style=\"text-align: justify;\">Para o comentarista esportivo do programa Primeira M\u00e3o, Jos\u00e9 Gomes, Filipinho \u00e9 o nome que vem se destacando na atual campanha do Atl\u00e9tico de Alagoinhas. O jogador tem dominado a lateral esquerda com compet\u00eancia e grande n\u00edvel t\u00e9cnico, n\u00e3o demora cair nas gra\u00e7as do torcedor mesmo disputando os holofotes com Magno Alves e agora com Makelel\u00ea. Na partida de ontem(29) contra o Vit\u00f3ria da Conquista, o meio de campo e o ataque do Carcar\u00e1 n\u00e3o estiveram muito inspirados, o que contribuiu, segundo Gomes, para o empate sem gols. Mesmo assim o atleta foi o melhor em campo ao lado do goleiro Fabio Lima, que evitou a derrota do time com grandes defesas.<\/p>\n<p style=\"text-align: justify;\">O time do Atl\u00e9tico sofreu com a aus\u00eancia de William Kaefe, suspenso por expuls\u00e3o no jogo anterior. Reninha teve chances de estrear, mas como os demais, n\u00e3o estava em noite favor\u00e1vel, mostrou pouco do que tem para apresentar. A bilheteria acusou 4870 pessoas, quando os comentaristas das emissoras que transmitiam o jogo estimavam 6 mil torcedores no Carneir\u00e3o. A casa estava cheia. Diante disso, nas redes sociais, torcedores desconfiaram do n\u00famero oficial e questionaram se o est\u00e1dio havia encolhido.<\/p>\n<p style=\"text-align: justify;\">A novidade agora no Atl\u00e9tico \u00e9 a contrata\u00e7\u00e3o do zagueiro Gabriel Franco, que deve entrar no pr\u00f3ximo jogo no lugar de Em\u00edlio, que fez uma grande partida contra o Vit\u00f3ria da Conquista, mas infelizmente foi expulso.<\/p>\n<p style=\"text-align: justify;\">Quanto ao jogo em si, o t\u00e9cnico do Vit\u00f3ria da Conquista, Elias Borges, cumpriu o que prometeu, foi para cima do Atl\u00e9tico, criou chances de gol e ainda conseguiu se defender formando duas linhas de quatro, como observou o comentarista do Primeira M\u00e3o. No segundo, tempo produziram tr\u00eas chances claras de gol, \u201cs\u00e3o\u201d F\u00e1bio Lima mais uma vez salvou os atleticanos. Os zagueiros Em\u00edlio e Emerson, sempre impec\u00e1veis, ajudaram a segurar o resultado que passou a ser lucro diante da diferen\u00e7a de produ\u00e7\u00e3o com a equipe visitante. Na opini\u00e3o de Jos\u00e9 Gomes, a arbitragem prejudicou o Atl\u00e9tico deixando de dar cart\u00f5es amarelos para a equipe advers\u00e1ria e por n\u00e3o marcar o p\u00eanalti clar\u00edssimo a favor do Carcar\u00e1.<\/p>\n<p style=\"text-align: justify;\">Makelel\u00ea entrou faltando 10 min para acabar o jogo, no lugar de Russo, n\u00e3o teve tempo suficiente para mudar o comportamento da equipe. O Atl\u00e9tico em est\u00e1 com 5 pontos, em tr\u00eas rodadas, deixou a zona do G4, ocupa a 5\u00aa coloca\u00e7\u00e3o, situa\u00e7\u00e3o melhor que a do ano passado, quando, na mesma fase, estava com apenas 3 pontos. Depois do pr\u00f3xima rodada, quando acontece o jogo contra o Jacobina, domingo, 2, o campeonato faz uma pausa e retorna no dia 15, uma grande o oportunidade para aprimorar a equipe. O Bahia ao vencer o Bahia de Feira por 1X0 assumiu a lideran\u00e7a da competi\u00e7\u00e3o. O Fluminense de Feira alcan\u00e7ou o G4, com o mesmo n\u00famero de pontos que o Atl\u00e9tico, mas com maior saldo de gol.<\/p>\n<p style=\"text-align: justify;\">Veja a classifica\u00e7\u00e3o do Baian\u00e3o:<\/p>\n<h2>Classifica\u00e7\u00e3o<\/h2>\n<table border=\"0\" cellspacing=\"0\" cellpadding=\"0\">\n<tbody>\n<tr>\n<td><\/td>\n<td><\/td>\n<td>P<\/td>\n<td>J<\/td>\n<td>V<\/td>\n<td>E<\/td>\n<td>D<\/td>\n<td>GP<\/td>\n<td>GC<\/td>\n<td>SG<\/td>\n<td>%<\/td>\n<\/tr>\n<tr>\n<td class=\"ordem\">1<\/td>\n<td class=\"titulo\">Bahia<\/td>\n<td class=\"pontos\">7<\/td>\n<td>3<\/td>\n<td>2<\/td>\n<td>1<\/td>\n<td>0<\/td>\n<td>4<\/td>\n<td>1<\/td>\n<td>3<\/td>\n<td>77.78<\/td>\n<\/tr>\n<tr>\n<td class=\"ordem\">2<\/td>\n<td class=\"titulo\">Jacuipense<\/td>\n<td class=\"pontos\">5<\/td>\n<td>3<\/td>\n<td>1<\/td>\n<td>2<\/td>\n<td>0<\/td>\n<td>7<\/td>\n<td>4<\/td>\n<td>3<\/td>\n<td>55.56<\/td>\n<\/tr>\n<tr>\n<td class=\"ordem\">3<\/td>\n<td class=\"titulo\">Vit\u00f3ria<\/td>\n<td class=\"pontos\">5<\/td>\n<td>3<\/td>\n<td>1<\/td>\n<td>2<\/td>\n<td>0<\/td>\n<td>5<\/td>\n<td>4<\/td>\n<td>1<\/td>\n<td>55.56<\/td>\n<\/tr>\n<tr>\n<td class=\"ordem\">4<\/td>\n<td class=\"titulo\">Fluminense<\/td>\n<td class=\"pontos\">5<\/td>\n<td>3<\/td>\n<td>1<\/td>\n<td>2<\/td>\n<td>0<\/td>\n<td>5<\/td>\n<td>4<\/td>\n<td>1<\/td>\n<td>55.56<\/td>\n<\/tr>\n<tr>\n<td class=\"ordem\">5<\/td>\n<td class=\"titulo\">Atl\u00e9tico de Alagoinhas<\/td>\n<td class=\"pontos\">5<\/td>\n<td>3<\/td>\n<td>1<\/td>\n<td>2<\/td>\n<td>0<\/td>\n<td>4<\/td>\n<td>3<\/td>\n<td>1<\/td>\n<td>55.56<\/td>\n<\/tr>\n<tr>\n<td class=\"ordem\">6<\/td>\n<td class=\"titulo\">Bahia de Feira<\/td>\n<td class=\"pontos\">3<\/td>\n<td>3<\/td>\n<td>1<\/td>\n<td>0<\/td>\n<td>2<\/td>\n<td>5<\/td>\n<td>6<\/td>\n<td>-1<\/td>\n<td>33.33<\/td>\n<\/tr>\n<tr>\n<td class=\"ordem\">7<\/td>\n<td class=\"titulo\">Juazeirense<\/td>\n<td class=\"pontos\">3<\/td>\n<td>3<\/td>\n<td>0<\/td>\n<td>3<\/td>\n<td>0<\/td>\n<td>4<\/td>\n<td>4<\/td>\n<td>0<\/td>\n<td>33.33<\/td>\n<\/tr>\n<tr>\n<td class=\"ordem\">8<\/td>\n<td class=\"titulo\">Vit\u00f3ria da Conquista<\/td>\n<td class=\"pontos\">2<\/td>\n<td>3<\/td>\n<td>0<\/td>\n<td>2<\/td>\n<td>1<\/td>\n<td>2<\/td>\n<td>4<\/td>\n<td>-2<\/td>\n<td>22.22<\/td>\n<\/tr>\n<tr>\n<td class=\"ordem\">9<\/td>\n<td class=\"titulo\">Jacobina<\/td>\n<td class=\"pontos\">1<\/td>\n<td>3<\/td>\n<td>0<\/td>\n<td>1<\/td>\n<td>2<\/td>\n<td>1<\/td>\n<td>3<\/td>\n<td>-2<\/td>\n<td>11.11<\/td>\n<\/tr>\n<tr>\n<td class=\"ordem\">10<\/td>\n<td class=\"titulo\">Doce Mel<\/td>\n<td class=\"pontos\">1<\/td>\n<td>3<\/td>\n<td>0<\/td>\n<td>1<\/td>\n<td>2<\/td>\n<td>3<\/td>\n<td>7<\/td>\n<td>-4<\/td>\n<td>11.11<\/td>\n<\/tr>\n<\/tbody>\n<\/table>\n<p style=\"text-align: justify;\">Acompanhe o coment\u00e1rio completo de Jos\u00e9 Gomes sobre a terceira rodada do Baian\u00e3o 2020 no Programa Primeira M\u00e3o;<\/p>\n<p><iframe loading=\"lazy\" title=\"Jos\u00e9 Gomes comenta a 3\u00aa rodada do Baian\u00e3o 2020\" width=\"696\" height=\"392\" src=\"https:\/\/www.youtube.com\/embed\/fH8gYIpyZdg?start=39&#038;feature=oembed\" frameborder=\"0\" allow=\"accelerometer; autoplay; encrypted-media; gyroscope; picture-in-picture\" allowfullscreen><\/iframe><\/p>\n<p style=\"text-align: right;\">Por Paulo Dias para o News Infoco<\/p>\n<div class='share-to-whatsapp-wrapper'><div class='share-on-whsp'>Share on: <\/div><a data-text='Para Jos\u00e9 Gomes, Filipinho e F\u00e1bio Lima foram os destaques do Atl\u00e9tico de Alagoinhas no empate com o Vit\u00f3ria da Conquista' data-link='https:\/\/newsinfoco.com.br\/inicio\/para-jose-gomes-filipinho-e-fabio-lima-foram-os-destaques-do-atletico-de-alagoinhas-no-empate-com-o-vitoria-da-conquista\/' class='whatsapp-button whatsapp-share'>WhatsApp<\/a><div class='clear '><\/div><\/div>","protected":false},"excerpt":{"rendered":"<p>Para o comentarista esportivo do programa Primeira M\u00e3o, Jos\u00e9 Gomes, Filipinho \u00e9 o nome que vem se destacando na atual campanha do Atl\u00e9tico de Alagoinhas. O jogador tem dominado a lateral esquerda com compet\u00eancia e grande n\u00edvel t\u00e9cnico, n\u00e3o demora cair nas gra\u00e7as do torcedor mesmo disputando os holofotes com Magno Alves e agora com [&hellip;]<\/p>\n","protected":false},"author":1,"featured_media":20060,"comment_status":"open","ping_status":"open","sticky":false,"template":"","format":"standard","meta":{"om_disable_all_campaigns":false,"rop_custom_images_group":[],"rop_custom_messages_group":[],"rop_publish_now":"initial","rop_publish_now_accounts":[],"rop_publish_now_history":[],"rop_publish_now_status":"pending","_exactmetrics_skip_tracking":false,"footnotes":""},"categories":[167],"tags":[],"class_list":["post-20147","post","type-post","status-publish","format-standard","has-post-thumbnail","hentry","category-exclusivas"],"aioseo_notices":[],"aioseo_head":"\n\t\t<!-- All in One SEO 4.9.10 - aioseo.com -->\n\t<meta name=\"description\" content=\"Para o comentarista esportivo do programa Primeira M\u00e3o, Jos\u00e9 Gomes, Filipinho \u00e9 o nome que vem se destacando na atual campanha do Atl\u00e9tico de Alagoinhas. O jogador tem dominado a lateral esquerda com compet\u00eancia e grande n\u00edvel t\u00e9cnico, n\u00e3o demora cair nas gra\u00e7as do torcedor mesmo disputando os holofotes com Magno Alves e agora com\" \/>\n\t<meta name=\"robots\" content=\"max-image-preview:large\" \/>\n\t<meta name=\"author\" content=\"administrador\"\/>\n\t<link rel=\"canonical\" href=\"https:\/\/newsinfoco.com.br\/inicio\/para-jose-gomes-filipinho-e-fabio-lima-foram-os-destaques-do-atletico-de-alagoinhas-no-empate-com-o-vitoria-da-conquista\/\" \/>\n\t<meta name=\"generator\" content=\"All in One SEO (AIOSEO) 4.9.10\" \/>\n\t\t<meta property=\"og:locale\" content=\"pt_BR\" \/>\n\t\t<meta property=\"og:site_name\" content=\"News In Foco - Editado por Caio Pimenta - O principal site de noticias de Alagoinhas e regi\u00e3o\" \/>\n\t\t<meta property=\"og:type\" content=\"article\" \/>\n\t\t<meta property=\"og:title\" content=\"Para Jos\u00e9 Gomes, Filipinho e F\u00e1bio Lima foram os destaques do Atl\u00e9tico de Alagoinhas no empate com o Vit\u00f3ria da Conquista - News In Foco - Editado por Caio Pimenta\" \/>\n\t\t<meta property=\"og:description\" content=\"Para o comentarista esportivo do programa Primeira M\u00e3o, Jos\u00e9 Gomes, Filipinho \u00e9 o nome que vem se destacando na atual campanha do Atl\u00e9tico de Alagoinhas. O jogador tem dominado a lateral esquerda com compet\u00eancia e grande n\u00edvel t\u00e9cnico, n\u00e3o demora cair nas gra\u00e7as do torcedor mesmo disputando os holofotes com Magno Alves e agora com\" \/>\n\t\t<meta property=\"og:url\" content=\"https:\/\/newsinfoco.com.br\/inicio\/para-jose-gomes-filipinho-e-fabio-lima-foram-os-destaques-do-atletico-de-alagoinhas-no-empate-com-o-vitoria-da-conquista\/\" \/>\n\t\t<meta property=\"article:published_time\" content=\"2020-01-30T20:42:39+00:00\" \/>\n\t\t<meta property=\"article:modified_time\" content=\"2020-01-30T20:52:08+00:00\" \/>\n\t\t<meta name=\"twitter:card\" content=\"summary_large_image\" \/>\n\t\t<meta name=\"twitter:title\" content=\"Para Jos\u00e9 Gomes, Filipinho e F\u00e1bio Lima foram os destaques do Atl\u00e9tico de Alagoinhas no empate com o Vit\u00f3ria da Conquista - News In Foco - Editado por Caio Pimenta\" \/>\n\t\t<meta name=\"twitter:description\" content=\"Para o comentarista esportivo do programa Primeira M\u00e3o, Jos\u00e9 Gomes, Filipinho \u00e9 o nome que vem se destacando na atual campanha do Atl\u00e9tico de Alagoinhas. O jogador tem dominado a lateral esquerda com compet\u00eancia e grande n\u00edvel t\u00e9cnico, n\u00e3o demora cair nas gra\u00e7as do torcedor mesmo disputando os holofotes com Magno Alves e agora com\" \/>\n\t\t<script type=\"application\/ld+json\" class=\"aioseo-schema\">\n\t\t\t{\"@context\":\"https:\\\/\\\/schema.org\",\"@graph\":[{\"@type\":\"BlogPosting\",\"@id\":\"https:\\\/\\\/newsinfoco.com.br\\\/inicio\\\/para-jose-gomes-filipinho-e-fabio-lima-foram-os-destaques-do-atletico-de-alagoinhas-no-empate-com-o-vitoria-da-conquista\\\/#blogposting\",\"name\":\"Para Jos\\u00e9 Gomes, Filipinho e F\\u00e1bio Lima foram os destaques do Atl\\u00e9tico de Alagoinhas no empate com o Vit\\u00f3ria da Conquista - News In Foco - Editado por Caio Pimenta\",\"headline\":\"Para Jos\\u00e9 Gomes, Filipinho e F\\u00e1bio Lima foram os destaques do Atl\\u00e9tico de Alagoinhas no empate com o Vit\\u00f3ria da Conquista\",\"author\":{\"@id\":\"https:\\\/\\\/newsinfoco.com.br\\\/inicio\\\/author\\\/administrador\\\/#author\"},\"publisher\":{\"@id\":\"https:\\\/\\\/newsinfoco.com.br\\\/inicio\\\/#organization\"},\"image\":{\"@type\":\"ImageObject\",\"url\":\"https:\\\/\\\/newsinfoco.com.br\\\/inicio\\\/wp-content\\\/uploads\\\/2020\\\/01\\\/20200122_080948.jpg\",\"width\":800,\"height\":600,\"caption\":\"Jos\\u00e9 Gomes\"},\"datePublished\":\"2020-01-30T17:42:39-03:00\",\"dateModified\":\"2020-01-30T17:52:08-03:00\",\"inLanguage\":\"pt-BR\",\"mainEntityOfPage\":{\"@id\":\"https:\\\/\\\/newsinfoco.com.br\\\/inicio\\\/para-jose-gomes-filipinho-e-fabio-lima-foram-os-destaques-do-atletico-de-alagoinhas-no-empate-com-o-vitoria-da-conquista\\\/#webpage\"},\"isPartOf\":{\"@id\":\"https:\\\/\\\/newsinfoco.com.br\\\/inicio\\\/para-jose-gomes-filipinho-e-fabio-lima-foram-os-destaques-do-atletico-de-alagoinhas-no-empate-com-o-vitoria-da-conquista\\\/#webpage\"},\"articleSection\":\"Manchete\"},{\"@type\":\"BreadcrumbList\",\"@id\":\"https:\\\/\\\/newsinfoco.com.br\\\/inicio\\\/para-jose-gomes-filipinho-e-fabio-lima-foram-os-destaques-do-atletico-de-alagoinhas-no-empate-com-o-vitoria-da-conquista\\\/#breadcrumblist\",\"itemListElement\":[{\"@type\":\"ListItem\",\"@id\":\"https:\\\/\\\/newsinfoco.com.br\\\/inicio#listItem\",\"position\":1,\"name\":\"In\\u00edcio\",\"item\":\"https:\\\/\\\/newsinfoco.com.br\\\/inicio\",\"nextItem\":{\"@type\":\"ListItem\",\"@id\":\"https:\\\/\\\/newsinfoco.com.br\\\/inicio\\\/category\\\/exclusivas\\\/#listItem\",\"name\":\"Manchete\"}},{\"@type\":\"ListItem\",\"@id\":\"https:\\\/\\\/newsinfoco.com.br\\\/inicio\\\/category\\\/exclusivas\\\/#listItem\",\"position\":2,\"name\":\"Manchete\",\"item\":\"https:\\\/\\\/newsinfoco.com.br\\\/inicio\\\/category\\\/exclusivas\\\/\",\"nextItem\":{\"@type\":\"ListItem\",\"@id\":\"https:\\\/\\\/newsinfoco.com.br\\\/inicio\\\/para-jose-gomes-filipinho-e-fabio-lima-foram-os-destaques-do-atletico-de-alagoinhas-no-empate-com-o-vitoria-da-conquista\\\/#listItem\",\"name\":\"Para Jos\\u00e9 Gomes, Filipinho e F\\u00e1bio Lima foram os destaques do Atl\\u00e9tico de Alagoinhas no empate com o Vit\\u00f3ria da Conquista\"},\"previousItem\":{\"@type\":\"ListItem\",\"@id\":\"https:\\\/\\\/newsinfoco.com.br\\\/inicio#listItem\",\"name\":\"In\\u00edcio\"}},{\"@type\":\"ListItem\",\"@id\":\"https:\\\/\\\/newsinfoco.com.br\\\/inicio\\\/para-jose-gomes-filipinho-e-fabio-lima-foram-os-destaques-do-atletico-de-alagoinhas-no-empate-com-o-vitoria-da-conquista\\\/#listItem\",\"position\":3,\"name\":\"Para Jos\\u00e9 Gomes, Filipinho e F\\u00e1bio Lima foram os destaques do Atl\\u00e9tico de Alagoinhas no empate com o Vit\\u00f3ria da Conquista\",\"previousItem\":{\"@type\":\"ListItem\",\"@id\":\"https:\\\/\\\/newsinfoco.com.br\\\/inicio\\\/category\\\/exclusivas\\\/#listItem\",\"name\":\"Manchete\"}}]},{\"@type\":\"Organization\",\"@id\":\"https:\\\/\\\/newsinfoco.com.br\\\/inicio\\\/#organization\",\"name\":\"News In Foco - Editado por Caio Pimenta\",\"description\":\"O principal site de noticias de Alagoinhas e regi\\u00e3o\",\"url\":\"https:\\\/\\\/newsinfoco.com.br\\\/inicio\\\/\"},{\"@type\":\"Person\",\"@id\":\"https:\\\/\\\/newsinfoco.com.br\\\/inicio\\\/author\\\/administrador\\\/#author\",\"url\":\"https:\\\/\\\/newsinfoco.com.br\\\/inicio\\\/author\\\/administrador\\\/\",\"name\":\"administrador\",\"image\":{\"@type\":\"ImageObject\",\"@id\":\"https:\\\/\\\/newsinfoco.com.br\\\/inicio\\\/para-jose-gomes-filipinho-e-fabio-lima-foram-os-destaques-do-atletico-de-alagoinhas-no-empate-com-o-vitoria-da-conquista\\\/#authorImage\",\"url\":\"https:\\\/\\\/secure.gravatar.com\\\/avatar\\\/c17a617433de8c1dc9584bb79aab7563b46f5bb7e1728c9b17d9cc3ce6a08e49?s=96&d=mm&r=g\",\"width\":96,\"height\":96,\"caption\":\"administrador\"}},{\"@type\":\"WebPage\",\"@id\":\"https:\\\/\\\/newsinfoco.com.br\\\/inicio\\\/para-jose-gomes-filipinho-e-fabio-lima-foram-os-destaques-do-atletico-de-alagoinhas-no-empate-com-o-vitoria-da-conquista\\\/#webpage\",\"url\":\"https:\\\/\\\/newsinfoco.com.br\\\/inicio\\\/para-jose-gomes-filipinho-e-fabio-lima-foram-os-destaques-do-atletico-de-alagoinhas-no-empate-com-o-vitoria-da-conquista\\\/\",\"name\":\"Para Jos\\u00e9 Gomes, Filipinho e F\\u00e1bio Lima foram os destaques do Atl\\u00e9tico de Alagoinhas no empate com o Vit\\u00f3ria da Conquista - News In Foco - Editado por Caio Pimenta\",\"description\":\"Para o comentarista esportivo do programa Primeira M\\u00e3o, Jos\\u00e9 Gomes, Filipinho \\u00e9 o nome que vem se destacando na atual campanha do Atl\\u00e9tico de Alagoinhas. O jogador tem dominado a lateral esquerda com compet\\u00eancia e grande n\\u00edvel t\\u00e9cnico, n\\u00e3o demora cair nas gra\\u00e7as do torcedor mesmo disputando os holofotes com Magno Alves e agora com\",\"inLanguage\":\"pt-BR\",\"isPartOf\":{\"@id\":\"https:\\\/\\\/newsinfoco.com.br\\\/inicio\\\/#website\"},\"breadcrumb\":{\"@id\":\"https:\\\/\\\/newsinfoco.com.br\\\/inicio\\\/para-jose-gomes-filipinho-e-fabio-lima-foram-os-destaques-do-atletico-de-alagoinhas-no-empate-com-o-vitoria-da-conquista\\\/#breadcrumblist\"},\"author\":{\"@id\":\"https:\\\/\\\/newsinfoco.com.br\\\/inicio\\\/author\\\/administrador\\\/#author\"},\"creator\":{\"@id\":\"https:\\\/\\\/newsinfoco.com.br\\\/inicio\\\/author\\\/administrador\\\/#author\"},\"image\":{\"@type\":\"ImageObject\",\"url\":\"https:\\\/\\\/newsinfoco.com.br\\\/inicio\\\/wp-content\\\/uploads\\\/2020\\\/01\\\/20200122_080948.jpg\",\"@id\":\"https:\\\/\\\/newsinfoco.com.br\\\/inicio\\\/para-jose-gomes-filipinho-e-fabio-lima-foram-os-destaques-do-atletico-de-alagoinhas-no-empate-com-o-vitoria-da-conquista\\\/#mainImage\",\"width\":800,\"height\":600,\"caption\":\"Jos\\u00e9 Gomes\"},\"primaryImageOfPage\":{\"@id\":\"https:\\\/\\\/newsinfoco.com.br\\\/inicio\\\/para-jose-gomes-filipinho-e-fabio-lima-foram-os-destaques-do-atletico-de-alagoinhas-no-empate-com-o-vitoria-da-conquista\\\/#mainImage\"},\"datePublished\":\"2020-01-30T17:42:39-03:00\",\"dateModified\":\"2020-01-30T17:52:08-03:00\"},{\"@type\":\"WebSite\",\"@id\":\"https:\\\/\\\/newsinfoco.com.br\\\/inicio\\\/#website\",\"url\":\"https:\\\/\\\/newsinfoco.com.br\\\/inicio\\\/\",\"name\":\"News In Foco - Editado por Caio Pimenta\",\"description\":\"O principal site de noticias de Alagoinhas e regi\\u00e3o\",\"inLanguage\":\"pt-BR\",\"publisher\":{\"@id\":\"https:\\\/\\\/newsinfoco.com.br\\\/inicio\\\/#organization\"}}]}\n\t\t<\/script>\n\t\t<!-- All in One SEO -->\n\n","aioseo_head_json":{"title":"Para Jos\u00e9 Gomes, Filipinho e F\u00e1bio Lima foram os destaques do Atl\u00e9tico de Alagoinhas no empate com o Vit\u00f3ria da Conquista - News In Foco - Editado por Caio Pimenta","description":"Para o comentarista esportivo do programa Primeira M\u00e3o, Jos\u00e9 Gomes, Filipinho \u00e9 o nome que vem se destacando na atual campanha do Atl\u00e9tico de Alagoinhas. O jogador tem dominado a lateral esquerda com compet\u00eancia e grande n\u00edvel t\u00e9cnico, n\u00e3o demora cair nas gra\u00e7as do torcedor mesmo disputando os holofotes com Magno Alves e agora com","canonical_url":"https:\/\/newsinfoco.com.br\/inicio\/para-jose-gomes-filipinho-e-fabio-lima-foram-os-destaques-do-atletico-de-alagoinhas-no-empate-com-o-vitoria-da-conquista\/","robots":"max-image-preview:large","keywords":"","webmasterTools":{"miscellaneous":""},"schema":{"@context":"https:\/\/schema.org","@graph":[{"@type":"BlogPosting","@id":"https:\/\/newsinfoco.com.br\/inicio\/para-jose-gomes-filipinho-e-fabio-lima-foram-os-destaques-do-atletico-de-alagoinhas-no-empate-com-o-vitoria-da-conquista\/#blogposting","name":"Para Jos\u00e9 Gomes, Filipinho e F\u00e1bio Lima foram os destaques do Atl\u00e9tico de Alagoinhas no empate com o Vit\u00f3ria da Conquista - News In Foco - Editado por Caio Pimenta","headline":"Para Jos\u00e9 Gomes, Filipinho e F\u00e1bio Lima foram os destaques do Atl\u00e9tico de Alagoinhas no empate com o Vit\u00f3ria da Conquista","author":{"@id":"https:\/\/newsinfoco.com.br\/inicio\/author\/administrador\/#author"},"publisher":{"@id":"https:\/\/newsinfoco.com.br\/inicio\/#organization"},"image":{"@type":"ImageObject","url":"https:\/\/newsinfoco.com.br\/inicio\/wp-content\/uploads\/2020\/01\/20200122_080948.jpg","width":800,"height":600,"caption":"Jos\u00e9 Gomes"},"datePublished":"2020-01-30T17:42:39-03:00","dateModified":"2020-01-30T17:52:08-03:00","inLanguage":"pt-BR","mainEntityOfPage":{"@id":"https:\/\/newsinfoco.com.br\/inicio\/para-jose-gomes-filipinho-e-fabio-lima-foram-os-destaques-do-atletico-de-alagoinhas-no-empate-com-o-vitoria-da-conquista\/#webpage"},"isPartOf":{"@id":"https:\/\/newsinfoco.com.br\/inicio\/para-jose-gomes-filipinho-e-fabio-lima-foram-os-destaques-do-atletico-de-alagoinhas-no-empate-com-o-vitoria-da-conquista\/#webpage"},"articleSection":"Manchete"},{"@type":"BreadcrumbList","@id":"https:\/\/newsinfoco.com.br\/inicio\/para-jose-gomes-filipinho-e-fabio-lima-foram-os-destaques-do-atletico-de-alagoinhas-no-empate-com-o-vitoria-da-conquista\/#breadcrumblist","itemListElement":[{"@type":"ListItem","@id":"https:\/\/newsinfoco.com.br\/inicio#listItem","position":1,"name":"In\u00edcio","item":"https:\/\/newsinfoco.com.br\/inicio","nextItem":{"@type":"ListItem","@id":"https:\/\/newsinfoco.com.br\/inicio\/category\/exclusivas\/#listItem","name":"Manchete"}},{"@type":"ListItem","@id":"https:\/\/newsinfoco.com.br\/inicio\/category\/exclusivas\/#listItem","position":2,"name":"Manchete","item":"https:\/\/newsinfoco.com.br\/inicio\/category\/exclusivas\/","nextItem":{"@type":"ListItem","@id":"https:\/\/newsinfoco.com.br\/inicio\/para-jose-gomes-filipinho-e-fabio-lima-foram-os-destaques-do-atletico-de-alagoinhas-no-empate-com-o-vitoria-da-conquista\/#listItem","name":"Para Jos\u00e9 Gomes, Filipinho e F\u00e1bio Lima foram os destaques do Atl\u00e9tico de Alagoinhas no empate com o Vit\u00f3ria da Conquista"},"previousItem":{"@type":"ListItem","@id":"https:\/\/newsinfoco.com.br\/inicio#listItem","name":"In\u00edcio"}},{"@type":"ListItem","@id":"https:\/\/newsinfoco.com.br\/inicio\/para-jose-gomes-filipinho-e-fabio-lima-foram-os-destaques-do-atletico-de-alagoinhas-no-empate-com-o-vitoria-da-conquista\/#listItem","position":3,"name":"Para Jos\u00e9 Gomes, Filipinho e F\u00e1bio Lima foram os destaques do Atl\u00e9tico de Alagoinhas no empate com o Vit\u00f3ria da Conquista","previousItem":{"@type":"ListItem","@id":"https:\/\/newsinfoco.com.br\/inicio\/category\/exclusivas\/#listItem","name":"Manchete"}}]},{"@type":"Organization","@id":"https:\/\/newsinfoco.com.br\/inicio\/#organization","name":"News In Foco - Editado por Caio Pimenta","description":"O principal site de noticias de Alagoinhas e regi\u00e3o","url":"https:\/\/newsinfoco.com.br\/inicio\/"},{"@type":"Person","@id":"https:\/\/newsinfoco.com.br\/inicio\/author\/administrador\/#author","url":"https:\/\/newsinfoco.com.br\/inicio\/author\/administrador\/","name":"administrador","image":{"@type":"ImageObject","@id":"https:\/\/newsinfoco.com.br\/inicio\/para-jose-gomes-filipinho-e-fabio-lima-foram-os-destaques-do-atletico-de-alagoinhas-no-empate-com-o-vitoria-da-conquista\/#authorImage","url":"https:\/\/secure.gravatar.com\/avatar\/c17a617433de8c1dc9584bb79aab7563b46f5bb7e1728c9b17d9cc3ce6a08e49?s=96&d=mm&r=g","width":96,"height":96,"caption":"administrador"}},{"@type":"WebPage","@id":"https:\/\/newsinfoco.com.br\/inicio\/para-jose-gomes-filipinho-e-fabio-lima-foram-os-destaques-do-atletico-de-alagoinhas-no-empate-com-o-vitoria-da-conquista\/#webpage","url":"https:\/\/newsinfoco.com.br\/inicio\/para-jose-gomes-filipinho-e-fabio-lima-foram-os-destaques-do-atletico-de-alagoinhas-no-empate-com-o-vitoria-da-conquista\/","name":"Para Jos\u00e9 Gomes, Filipinho e F\u00e1bio Lima foram os destaques do Atl\u00e9tico de Alagoinhas no empate com o Vit\u00f3ria da Conquista - News In Foco - Editado por Caio Pimenta","description":"Para o comentarista esportivo do programa Primeira M\u00e3o, Jos\u00e9 Gomes, Filipinho \u00e9 o nome que vem se destacando na atual campanha do Atl\u00e9tico de Alagoinhas. O jogador tem dominado a lateral esquerda com compet\u00eancia e grande n\u00edvel t\u00e9cnico, n\u00e3o demora cair nas gra\u00e7as do torcedor mesmo disputando os holofotes com Magno Alves e agora com","inLanguage":"pt-BR","isPartOf":{"@id":"https:\/\/newsinfoco.com.br\/inicio\/#website"},"breadcrumb":{"@id":"https:\/\/newsinfoco.com.br\/inicio\/para-jose-gomes-filipinho-e-fabio-lima-foram-os-destaques-do-atletico-de-alagoinhas-no-empate-com-o-vitoria-da-conquista\/#breadcrumblist"},"author":{"@id":"https:\/\/newsinfoco.com.br\/inicio\/author\/administrador\/#author"},"creator":{"@id":"https:\/\/newsinfoco.com.br\/inicio\/author\/administrador\/#author"},"image":{"@type":"ImageObject","url":"https:\/\/newsinfoco.com.br\/inicio\/wp-content\/uploads\/2020\/01\/20200122_080948.jpg","@id":"https:\/\/newsinfoco.com.br\/inicio\/para-jose-gomes-filipinho-e-fabio-lima-foram-os-destaques-do-atletico-de-alagoinhas-no-empate-com-o-vitoria-da-conquista\/#mainImage","width":800,"height":600,"caption":"Jos\u00e9 Gomes"},"primaryImageOfPage":{"@id":"https:\/\/newsinfoco.com.br\/inicio\/para-jose-gomes-filipinho-e-fabio-lima-foram-os-destaques-do-atletico-de-alagoinhas-no-empate-com-o-vitoria-da-conquista\/#mainImage"},"datePublished":"2020-01-30T17:42:39-03:00","dateModified":"2020-01-30T17:52:08-03:00"},{"@type":"WebSite","@id":"https:\/\/newsinfoco.com.br\/inicio\/#website","url":"https:\/\/newsinfoco.com.br\/inicio\/","name":"News In Foco - Editado por Caio Pimenta","description":"O principal site de noticias de Alagoinhas e regi\u00e3o","inLanguage":"pt-BR","publisher":{"@id":"https:\/\/newsinfoco.com.br\/inicio\/#organization"}}]},"og:locale":"pt_BR","og:site_name":"News In Foco - Editado por Caio Pimenta - O principal site de noticias de Alagoinhas e regi\u00e3o","og:type":"article","og:title":"Para Jos\u00e9 Gomes, Filipinho e F\u00e1bio Lima foram os destaques do Atl\u00e9tico de Alagoinhas no empate com o Vit\u00f3ria da Conquista - News In Foco - Editado por Caio Pimenta","og:description":"Para o comentarista esportivo do programa Primeira M\u00e3o, Jos\u00e9 Gomes, Filipinho \u00e9 o nome que vem se destacando na atual campanha do Atl\u00e9tico de Alagoinhas. O jogador tem dominado a lateral esquerda com compet\u00eancia e grande n\u00edvel t\u00e9cnico, n\u00e3o demora cair nas gra\u00e7as do torcedor mesmo disputando os holofotes com Magno Alves e agora com","og:url":"https:\/\/newsinfoco.com.br\/inicio\/para-jose-gomes-filipinho-e-fabio-lima-foram-os-destaques-do-atletico-de-alagoinhas-no-empate-com-o-vitoria-da-conquista\/","article:published_time":"2020-01-30T20:42:39+00:00","article:modified_time":"2020-01-30T20:52:08+00:00","twitter:card":"summary_large_image","twitter:title":"Para Jos\u00e9 Gomes, Filipinho e F\u00e1bio Lima foram os destaques do Atl\u00e9tico de Alagoinhas no empate com o Vit\u00f3ria da Conquista - News In Foco - Editado por Caio Pimenta","twitter:description":"Para o comentarista esportivo do programa Primeira M\u00e3o, Jos\u00e9 Gomes, Filipinho \u00e9 o nome que vem se destacando na atual campanha do Atl\u00e9tico de Alagoinhas. O jogador tem dominado a lateral esquerda com compet\u00eancia e grande n\u00edvel t\u00e9cnico, n\u00e3o demora cair nas gra\u00e7as do torcedor mesmo disputando os holofotes com Magno Alves e agora com"},"aioseo_meta_data":{"post_id":"20147","title":null,"description":null,"keywords":null,"keyphrases":null,"primary_term":null,"canonical_url":null,"og_title":null,"og_description":null,"og_object_type":"default","og_image_type":"default","og_image_url":null,"og_image_width":null,"og_image_height":null,"og_image_custom_url":null,"og_image_custom_fields":null,"og_video":null,"og_custom_url":null,"og_article_section":null,"og_article_tags":null,"twitter_use_og":false,"twitter_card":"default","twitter_image_type":"default","twitter_image_url":null,"twitter_image_custom_url":null,"twitter_image_custom_fields":null,"twitter_title":null,"twitter_description":null,"schema":{"blockGraphs":[],"customGraphs":[],"default":{"data":{"Article":[],"Course":[],"Dataset":[],"FAQPage":[],"Movie":[],"Person":[],"Product":[],"ProductReview":[],"Car":[],"Recipe":[],"Service":[],"SoftwareApplication":[],"WebPage":[]},"graphName":"","isEnabled":true},"graphs":[]},"schema_type":"default","schema_type_options":null,"pillar_content":false,"robots_default":true,"robots_noindex":false,"robots_noarchive":false,"robots_nosnippet":false,"robots_nofollow":false,"robots_noimageindex":false,"robots_noodp":false,"robots_notranslate":false,"robots_max_snippet":null,"robots_max_videopreview":null,"robots_max_imagepreview":"large","priority":null,"frequency":null,"local_seo":null,"breadcrumb_settings":null,"limit_modified_date":false,"ai":null,"created":"2023-06-12 16:05:19","updated":"2025-07-11 02:40:49","seo_analyzer_scan_date":null},"aioseo_breadcrumb":"<div class=\"aioseo-breadcrumbs\"><span class=\"aioseo-breadcrumb\">\n\t\t\t<a href=\"https:\/\/newsinfoco.com.br\/inicio\" title=\"In\u00edcio\">In\u00edcio<\/a>\n\t\t<\/span><span class=\"aioseo-breadcrumb-separator\">&raquo;<\/span><span class=\"aioseo-breadcrumb\">\n\t\t\t<a href=\"https:\/\/newsinfoco.com.br\/inicio\/category\/exclusivas\/\" title=\"Manchete\">Manchete<\/a>\n\t\t<\/span><span class=\"aioseo-breadcrumb-separator\">&raquo;<\/span><span class=\"aioseo-breadcrumb\">\n\t\t\tPara Jos\u00e9 Gomes, Filipinho e F\u00e1bio Lima foram os destaques do Atl\u00e9tico de Alagoinhas no empate com o Vit\u00f3ria da Conquista\n\t\t<\/span><\/div>","aioseo_breadcrumb_json":[{"label":"In\u00edcio","link":"https:\/\/newsinfoco.com.br\/inicio"},{"label":"Manchete","link":"https:\/\/newsinfoco.com.br\/inicio\/category\/exclusivas\/"},{"label":"Para Jos\u00e9 Gomes, Filipinho e F\u00e1bio Lima foram os destaques do Atl\u00e9tico de Alagoinhas no empate com o Vit\u00f3ria da Conquista","link":"https:\/\/newsinfoco.com.br\/inicio\/para-jose-gomes-filipinho-e-fabio-lima-foram-os-destaques-do-atletico-de-alagoinhas-no-empate-com-o-vitoria-da-conquista\/"}],"_links":{"self":[{"href":"https:\/\/newsinfoco.com.br\/inicio\/wp-json\/wp\/v2\/posts\/20147","targetHints":{"allow":["GET"]}}],"collection":[{"href":"https:\/\/newsinfoco.com.br\/inicio\/wp-json\/wp\/v2\/posts"}],"about":[{"href":"https:\/\/newsinfoco.com.br\/inicio\/wp-json\/wp\/v2\/types\/post"}],"author":[{"embeddable":true,"href":"https:\/\/newsinfoco.com.br\/inicio\/wp-json\/wp\/v2\/users\/1"}],"replies":[{"embeddable":true,"href":"https:\/\/newsinfoco.com.br\/inicio\/wp-json\/wp\/v2\/comments?post=20147"}],"version-history":[{"count":0,"href":"https:\/\/newsinfoco.com.br\/inicio\/wp-json\/wp\/v2\/posts\/20147\/revisions"}],"wp:featuredmedia":[{"embeddable":true,"href":"https:\/\/newsinfoco.com.br\/inicio\/wp-json\/wp\/v2\/media\/20060"}],"wp:attachment":[{"href":"https:\/\/newsinfoco.com.br\/inicio\/wp-json\/wp\/v2\/media?parent=20147"}],"wp:term":[{"taxonomy":"category","embeddable":true,"href":"https:\/\/newsinfoco.com.br\/inicio\/wp-json\/wp\/v2\/categories?post=20147"},{"taxonomy":"post_tag","embeddable":true,"href":"https:\/\/newsinfoco.com.br\/inicio\/wp-json\/wp\/v2\/tags?post=20147"}],"curies":[{"name":"wp","href":"https:\/\/api.w.org\/{rel}","templated":true}]}}