{"id":20153,"date":"2020-01-30T18:17:23","date_gmt":"2020-01-30T21:17:23","guid":{"rendered":"http:\/\/newsinfoco.com.br\/?p=20153"},"modified":"2020-01-30T18:17:23","modified_gmt":"2020-01-30T21:17:23","slug":"alagoinhas-sera-palco-da-caminhada-da-paz-em-fevereiro","status":"publish","type":"post","link":"https:\/\/newsinfoco.com.br\/inicio\/alagoinhas-sera-palco-da-caminhada-da-paz-em-fevereiro\/","title":{"rendered":"Alagoinhas ser\u00e1 palco da Caminhada da Paz em fevereiro"},"content":{"rendered":"<p style=\"text-align: justify;\">O vereador Ozeas Menezes esteve no programa Primeira M\u00e3o, nesta quinta-feira, 30, para divulgar a Caminhada da Paz, que ocorre dia 8 de fevereiro, a partir da 16h. Com objetivo de contribuir com a redu\u00e7\u00e3o dos altos \u00edndices de usu\u00e1rios de drogas no munic\u00edpio, principalmente entre os jovens, a comunidade evang\u00e9lica convoca toda a cidade para sair do F\u00f3rum Ezequiel Pond\u00e9 at\u00e9 o final do bairro de Santa Terezinha, acompanhados por um trio que contar\u00e1 com cantores gospel como Gisele Nascimento e banda Fogo Puro e com a participa\u00e7\u00e3o do pastor e deputado Federal Isid\u00f3rio. Alagoinhas, al\u00e9m de figurar entre as cidades mais violentas do Estado, \u00e9 o terceiro maior local de origem de jovens viciados em drogas sob tratamento na Funda\u00e7\u00e3o Dr Jesus. A situa\u00e7\u00e3o \u00e9 alarmante, por isso toda essa mobiliza\u00e7\u00e3o visando despertar a sociedade para o grave problema vivido diariamente por centenas de pessoas.<\/p>\n<p style=\"text-align: justify;\">Para Ozeas \u00e9 importante que nesse dia a comunidade alagoinhense pare para refletir sobre as causas do problema, para tomar consci\u00eancia de sua dimens\u00e3o e para buscar em conjunto as solu\u00e7\u00f5es. A Prefeitura, apesar de n\u00e3o ter nenhuma pol\u00edtica p\u00fablica espec\u00edfica sobre esse drama social, apoia o movimento e o prefeito Joaquim Neto j\u00e1 visitou junto com pastor Isid\u00f3rio a Funda\u00e7\u00e3o Dr Jesus. Alagoinhas ainda n\u00e3o disp\u00f5e de um Centro de Tratamento Psicossocial \u2013 CAPSIII \u2013 direcionado para tratar dependentes qu\u00edmicos. Talvez esse seja o in\u00edcio da mudan\u00e7a que os organizadores do evento pretendam. Ozeas acredita tamb\u00e9m que a quest\u00e3o das drogas passa pelo fortalecimento da fam\u00edlia, da estrutura\u00e7\u00e3o dos lares e da preven\u00e7\u00e3o \u00e0 gravidez precoce.<\/p>\n<p style=\"text-align: justify;\">Outro organizador do evento, Allan Mattos, ex-comandante da Guarda Municipal, fez refer\u00eancia \u00e0 passagem da B\u00edblia Romanos 12:22: \u201cN\u00e3o vos conformeis com esse mundo, mas o transforme pela renova\u00e7\u00e3o do vosso entendimento, porque assim voc\u00eas v\u00e3o experimentar a boa, perfeita e agrad\u00e1vel vontade de Deus\u201d. Com isso, ele demonstra que a transforma\u00e7\u00e3o social \u00e9 um dever crist\u00e3o. Luma Menezes, representante do Instituto Politize, tamb\u00e9m enfatizou que o uso de drogas decorre de quest\u00f5es relacionadas ao seio familiar, desestrutura\u00e7\u00e3o e traumas que tiram o jovem da escola e prejudicam seu discernimento da vida. Ela afirma que a marcha tem o objetivo de dizer a esse jovem que ele n\u00e3o est\u00e1 sozinho. Luma aproveitou a entrevista para promover um evento correlato, com o tema \u201cJuventude, Mulheres e Pol\u00edticas P\u00fablicas\u201d com a presen\u00e7a especial da integrante do Politize, a vereadora Loene, pr\u00e9-candidata a prefeita da cidade de Taubat\u00e9, S\u00e3o Paulo, respons\u00e1vel pela palestra da noite, no dia 10 de fevereiro, no Shopping Laguna, nas depend\u00eancias da Faculdade Unijorge.<\/p>\n<p style=\"text-align: justify;\"><strong>Politica<\/strong><\/p>\n<p style=\"text-align: justify;\">Falando como pr\u00e9-candidato \u00e0 prefeito, Ozeas afirmou que conversou m\u00eas passado com o prefeito Joaquim Neto e com o secret\u00e1rio de Comunica\u00e7\u00e3o e de Governo, Gustavo Carmo, mas que mant\u00e9m seu projeto de ser o candidato do Avante nas pr\u00f3ximas elei\u00e7\u00f5es. Ele disse que propostas para integrar uma chapa na condi\u00e7\u00e3o de vice-prefeito dependem do entendimento com seu grupo pol\u00edtico, assegurou, inclusive, estar aberto a qualquer vertente ideol\u00f3gica, tanto \u00e0 direita quanto \u00e0 esquerda. Luma, filha de Ozeas, est\u00e1 em busca de ampliar a consci\u00eancia pol\u00edtica entre os jovens, como tamb\u00e9m a participa\u00e7\u00e3o da mulher no preenchimento de cargos eletivos. Para ela, existe algo muito errado com o fato das mulheres representarem mais de 50% do eleitorado e ter um percentual t\u00e3o baixo do g\u00eanero em cargos do executivo e do legislativo em todas as esferas, em todo o pa\u00eds.<\/p>\n<p style=\"text-align: justify;\">Veja a entrevista de Ozeas Menezes, Allan Matos e Luma Menezes no Programa Primeira M\u00e3o:<\/p>\n<p><iframe loading=\"lazy\" title=\"Ozeas Menezes fala da caminhada da paz e futuro politico\" width=\"696\" height=\"392\" src=\"https:\/\/www.youtube.com\/embed\/V2Ncdc2cxKQ?start=3&#038;feature=oembed\" frameborder=\"0\" allow=\"accelerometer; autoplay; encrypted-media; gyroscope; picture-in-picture\" allowfullscreen><\/iframe><\/p>\n<p style=\"text-align: right;\">Por Paulo Dias para o News Infoco<\/p>\n<div class='share-to-whatsapp-wrapper'><div class='share-on-whsp'>Share on: <\/div><a data-text='Alagoinhas ser\u00e1 palco da Caminhada da Paz em fevereiro' data-link='https:\/\/newsinfoco.com.br\/inicio\/alagoinhas-sera-palco-da-caminhada-da-paz-em-fevereiro\/' class='whatsapp-button whatsapp-share'>WhatsApp<\/a><div class='clear '><\/div><\/div>","protected":false},"excerpt":{"rendered":"<p>O vereador Ozeas Menezes esteve no programa Primeira M\u00e3o, nesta quinta-feira, 30, para divulgar a Caminhada da Paz, que ocorre dia 8 de fevereiro, a partir da 16h. Com objetivo de contribuir com a redu\u00e7\u00e3o dos altos \u00edndices de usu\u00e1rios de drogas no munic\u00edpio, principalmente entre os jovens, a comunidade evang\u00e9lica convoca toda a cidade [&hellip;]<\/p>\n","protected":false},"author":1,"featured_media":20154,"comment_status":"open","ping_status":"open","sticky":false,"template":"","format":"standard","meta":{"om_disable_all_campaigns":false,"rop_custom_images_group":[],"rop_custom_messages_group":[],"rop_publish_now":"initial","rop_publish_now_accounts":[],"rop_publish_now_history":[],"rop_publish_now_status":"pending","_exactmetrics_skip_tracking":false,"footnotes":""},"categories":[167],"tags":[],"class_list":["post-20153","post","type-post","status-publish","format-standard","has-post-thumbnail","hentry","category-exclusivas"],"aioseo_notices":[],"aioseo_head":"\n\t\t<!-- All in One SEO 4.9.10 - aioseo.com -->\n\t<meta name=\"description\" content=\"O vereador Ozeas Menezes esteve no programa Primeira M\u00e3o, nesta quinta-feira, 30, para divulgar a Caminhada da Paz, que ocorre dia 8 de fevereiro, a partir da 16h. Com objetivo de contribuir com a redu\u00e7\u00e3o dos altos \u00edndices de usu\u00e1rios de drogas no munic\u00edpio, principalmente entre os jovens, a comunidade evang\u00e9lica convoca toda a cidade\" \/>\n\t<meta name=\"robots\" content=\"max-image-preview:large\" \/>\n\t<meta name=\"author\" content=\"administrador\"\/>\n\t<link rel=\"canonical\" href=\"https:\/\/newsinfoco.com.br\/inicio\/alagoinhas-sera-palco-da-caminhada-da-paz-em-fevereiro\/\" \/>\n\t<meta name=\"generator\" content=\"All in One SEO (AIOSEO) 4.9.10\" \/>\n\t\t<meta property=\"og:locale\" content=\"pt_BR\" \/>\n\t\t<meta property=\"og:site_name\" content=\"News In Foco - Editado por Caio Pimenta - O principal site de noticias de Alagoinhas e regi\u00e3o\" \/>\n\t\t<meta property=\"og:type\" content=\"article\" \/>\n\t\t<meta property=\"og:title\" content=\"Alagoinhas ser\u00e1 palco da Caminhada da Paz em fevereiro - News In Foco - Editado por Caio Pimenta\" \/>\n\t\t<meta property=\"og:description\" content=\"O vereador Ozeas Menezes esteve no programa Primeira M\u00e3o, nesta quinta-feira, 30, para divulgar a Caminhada da Paz, que ocorre dia 8 de fevereiro, a partir da 16h. Com objetivo de contribuir com a redu\u00e7\u00e3o dos altos \u00edndices de usu\u00e1rios de drogas no munic\u00edpio, principalmente entre os jovens, a comunidade evang\u00e9lica convoca toda a cidade\" \/>\n\t\t<meta property=\"og:url\" content=\"https:\/\/newsinfoco.com.br\/inicio\/alagoinhas-sera-palco-da-caminhada-da-paz-em-fevereiro\/\" \/>\n\t\t<meta property=\"article:published_time\" content=\"2020-01-30T21:17:23+00:00\" \/>\n\t\t<meta property=\"article:modified_time\" content=\"2020-01-30T21:17:23+00:00\" \/>\n\t\t<meta name=\"twitter:card\" content=\"summary_large_image\" \/>\n\t\t<meta name=\"twitter:title\" content=\"Alagoinhas ser\u00e1 palco da Caminhada da Paz em fevereiro - News In Foco - Editado por Caio Pimenta\" \/>\n\t\t<meta name=\"twitter:description\" content=\"O vereador Ozeas Menezes esteve no programa Primeira M\u00e3o, nesta quinta-feira, 30, para divulgar a Caminhada da Paz, que ocorre dia 8 de fevereiro, a partir da 16h. Com objetivo de contribuir com a redu\u00e7\u00e3o dos altos \u00edndices de usu\u00e1rios de drogas no munic\u00edpio, principalmente entre os jovens, a comunidade evang\u00e9lica convoca toda a cidade\" \/>\n\t\t<script type=\"application\/ld+json\" class=\"aioseo-schema\">\n\t\t\t{\"@context\":\"https:\\\/\\\/schema.org\",\"@graph\":[{\"@type\":\"BlogPosting\",\"@id\":\"https:\\\/\\\/newsinfoco.com.br\\\/inicio\\\/alagoinhas-sera-palco-da-caminhada-da-paz-em-fevereiro\\\/#blogposting\",\"name\":\"Alagoinhas ser\\u00e1 palco da Caminhada da Paz em fevereiro - News In Foco - Editado por Caio Pimenta\",\"headline\":\"Alagoinhas ser\\u00e1 palco da Caminhada da Paz em fevereiro\",\"author\":{\"@id\":\"https:\\\/\\\/newsinfoco.com.br\\\/inicio\\\/author\\\/administrador\\\/#author\"},\"publisher\":{\"@id\":\"https:\\\/\\\/newsinfoco.com.br\\\/inicio\\\/#organization\"},\"image\":{\"@type\":\"ImageObject\",\"url\":\"https:\\\/\\\/newsinfoco.com.br\\\/inicio\\\/wp-content\\\/uploads\\\/2020\\\/01\\\/unnamed.jpg\",\"width\":512,\"height\":341},\"datePublished\":\"2020-01-30T18:17:23-03:00\",\"dateModified\":\"2020-01-30T18:17:23-03:00\",\"inLanguage\":\"pt-BR\",\"mainEntityOfPage\":{\"@id\":\"https:\\\/\\\/newsinfoco.com.br\\\/inicio\\\/alagoinhas-sera-palco-da-caminhada-da-paz-em-fevereiro\\\/#webpage\"},\"isPartOf\":{\"@id\":\"https:\\\/\\\/newsinfoco.com.br\\\/inicio\\\/alagoinhas-sera-palco-da-caminhada-da-paz-em-fevereiro\\\/#webpage\"},\"articleSection\":\"Manchete\"},{\"@type\":\"BreadcrumbList\",\"@id\":\"https:\\\/\\\/newsinfoco.com.br\\\/inicio\\\/alagoinhas-sera-palco-da-caminhada-da-paz-em-fevereiro\\\/#breadcrumblist\",\"itemListElement\":[{\"@type\":\"ListItem\",\"@id\":\"https:\\\/\\\/newsinfoco.com.br\\\/inicio#listItem\",\"position\":1,\"name\":\"In\\u00edcio\",\"item\":\"https:\\\/\\\/newsinfoco.com.br\\\/inicio\",\"nextItem\":{\"@type\":\"ListItem\",\"@id\":\"https:\\\/\\\/newsinfoco.com.br\\\/inicio\\\/category\\\/exclusivas\\\/#listItem\",\"name\":\"Manchete\"}},{\"@type\":\"ListItem\",\"@id\":\"https:\\\/\\\/newsinfoco.com.br\\\/inicio\\\/category\\\/exclusivas\\\/#listItem\",\"position\":2,\"name\":\"Manchete\",\"item\":\"https:\\\/\\\/newsinfoco.com.br\\\/inicio\\\/category\\\/exclusivas\\\/\",\"nextItem\":{\"@type\":\"ListItem\",\"@id\":\"https:\\\/\\\/newsinfoco.com.br\\\/inicio\\\/alagoinhas-sera-palco-da-caminhada-da-paz-em-fevereiro\\\/#listItem\",\"name\":\"Alagoinhas ser\\u00e1 palco da Caminhada da Paz em fevereiro\"},\"previousItem\":{\"@type\":\"ListItem\",\"@id\":\"https:\\\/\\\/newsinfoco.com.br\\\/inicio#listItem\",\"name\":\"In\\u00edcio\"}},{\"@type\":\"ListItem\",\"@id\":\"https:\\\/\\\/newsinfoco.com.br\\\/inicio\\\/alagoinhas-sera-palco-da-caminhada-da-paz-em-fevereiro\\\/#listItem\",\"position\":3,\"name\":\"Alagoinhas ser\\u00e1 palco da Caminhada da Paz em fevereiro\",\"previousItem\":{\"@type\":\"ListItem\",\"@id\":\"https:\\\/\\\/newsinfoco.com.br\\\/inicio\\\/category\\\/exclusivas\\\/#listItem\",\"name\":\"Manchete\"}}]},{\"@type\":\"Organization\",\"@id\":\"https:\\\/\\\/newsinfoco.com.br\\\/inicio\\\/#organization\",\"name\":\"News In Foco - Editado por Caio Pimenta\",\"description\":\"O principal site de noticias de Alagoinhas e regi\\u00e3o\",\"url\":\"https:\\\/\\\/newsinfoco.com.br\\\/inicio\\\/\"},{\"@type\":\"Person\",\"@id\":\"https:\\\/\\\/newsinfoco.com.br\\\/inicio\\\/author\\\/administrador\\\/#author\",\"url\":\"https:\\\/\\\/newsinfoco.com.br\\\/inicio\\\/author\\\/administrador\\\/\",\"name\":\"administrador\",\"image\":{\"@type\":\"ImageObject\",\"@id\":\"https:\\\/\\\/newsinfoco.com.br\\\/inicio\\\/alagoinhas-sera-palco-da-caminhada-da-paz-em-fevereiro\\\/#authorImage\",\"url\":\"https:\\\/\\\/secure.gravatar.com\\\/avatar\\\/c17a617433de8c1dc9584bb79aab7563b46f5bb7e1728c9b17d9cc3ce6a08e49?s=96&d=mm&r=g\",\"width\":96,\"height\":96,\"caption\":\"administrador\"}},{\"@type\":\"WebPage\",\"@id\":\"https:\\\/\\\/newsinfoco.com.br\\\/inicio\\\/alagoinhas-sera-palco-da-caminhada-da-paz-em-fevereiro\\\/#webpage\",\"url\":\"https:\\\/\\\/newsinfoco.com.br\\\/inicio\\\/alagoinhas-sera-palco-da-caminhada-da-paz-em-fevereiro\\\/\",\"name\":\"Alagoinhas ser\\u00e1 palco da Caminhada da Paz em fevereiro - News In Foco - Editado por Caio Pimenta\",\"description\":\"O vereador Ozeas Menezes esteve no programa Primeira M\\u00e3o, nesta quinta-feira, 30, para divulgar a Caminhada da Paz, que ocorre dia 8 de fevereiro, a partir da 16h. Com objetivo de contribuir com a redu\\u00e7\\u00e3o dos altos \\u00edndices de usu\\u00e1rios de drogas no munic\\u00edpio, principalmente entre os jovens, a comunidade evang\\u00e9lica convoca toda a cidade\",\"inLanguage\":\"pt-BR\",\"isPartOf\":{\"@id\":\"https:\\\/\\\/newsinfoco.com.br\\\/inicio\\\/#website\"},\"breadcrumb\":{\"@id\":\"https:\\\/\\\/newsinfoco.com.br\\\/inicio\\\/alagoinhas-sera-palco-da-caminhada-da-paz-em-fevereiro\\\/#breadcrumblist\"},\"author\":{\"@id\":\"https:\\\/\\\/newsinfoco.com.br\\\/inicio\\\/author\\\/administrador\\\/#author\"},\"creator\":{\"@id\":\"https:\\\/\\\/newsinfoco.com.br\\\/inicio\\\/author\\\/administrador\\\/#author\"},\"image\":{\"@type\":\"ImageObject\",\"url\":\"https:\\\/\\\/newsinfoco.com.br\\\/inicio\\\/wp-content\\\/uploads\\\/2020\\\/01\\\/unnamed.jpg\",\"@id\":\"https:\\\/\\\/newsinfoco.com.br\\\/inicio\\\/alagoinhas-sera-palco-da-caminhada-da-paz-em-fevereiro\\\/#mainImage\",\"width\":512,\"height\":341},\"primaryImageOfPage\":{\"@id\":\"https:\\\/\\\/newsinfoco.com.br\\\/inicio\\\/alagoinhas-sera-palco-da-caminhada-da-paz-em-fevereiro\\\/#mainImage\"},\"datePublished\":\"2020-01-30T18:17:23-03:00\",\"dateModified\":\"2020-01-30T18:17:23-03:00\"},{\"@type\":\"WebSite\",\"@id\":\"https:\\\/\\\/newsinfoco.com.br\\\/inicio\\\/#website\",\"url\":\"https:\\\/\\\/newsinfoco.com.br\\\/inicio\\\/\",\"name\":\"News In Foco - Editado por Caio Pimenta\",\"description\":\"O principal site de noticias de Alagoinhas e regi\\u00e3o\",\"inLanguage\":\"pt-BR\",\"publisher\":{\"@id\":\"https:\\\/\\\/newsinfoco.com.br\\\/inicio\\\/#organization\"}}]}\n\t\t<\/script>\n\t\t<!-- All in One SEO -->\n\n","aioseo_head_json":{"title":"Alagoinhas ser\u00e1 palco da Caminhada da Paz em fevereiro - News In Foco - Editado por Caio Pimenta","description":"O vereador Ozeas Menezes esteve no programa Primeira M\u00e3o, nesta quinta-feira, 30, para divulgar a Caminhada da Paz, que ocorre dia 8 de fevereiro, a partir da 16h. Com objetivo de contribuir com a redu\u00e7\u00e3o dos altos \u00edndices de usu\u00e1rios de drogas no munic\u00edpio, principalmente entre os jovens, a comunidade evang\u00e9lica convoca toda a cidade","canonical_url":"https:\/\/newsinfoco.com.br\/inicio\/alagoinhas-sera-palco-da-caminhada-da-paz-em-fevereiro\/","robots":"max-image-preview:large","keywords":"","webmasterTools":{"miscellaneous":""},"schema":{"@context":"https:\/\/schema.org","@graph":[{"@type":"BlogPosting","@id":"https:\/\/newsinfoco.com.br\/inicio\/alagoinhas-sera-palco-da-caminhada-da-paz-em-fevereiro\/#blogposting","name":"Alagoinhas ser\u00e1 palco da Caminhada da Paz em fevereiro - News In Foco - Editado por Caio Pimenta","headline":"Alagoinhas ser\u00e1 palco da Caminhada da Paz em fevereiro","author":{"@id":"https:\/\/newsinfoco.com.br\/inicio\/author\/administrador\/#author"},"publisher":{"@id":"https:\/\/newsinfoco.com.br\/inicio\/#organization"},"image":{"@type":"ImageObject","url":"https:\/\/newsinfoco.com.br\/inicio\/wp-content\/uploads\/2020\/01\/unnamed.jpg","width":512,"height":341},"datePublished":"2020-01-30T18:17:23-03:00","dateModified":"2020-01-30T18:17:23-03:00","inLanguage":"pt-BR","mainEntityOfPage":{"@id":"https:\/\/newsinfoco.com.br\/inicio\/alagoinhas-sera-palco-da-caminhada-da-paz-em-fevereiro\/#webpage"},"isPartOf":{"@id":"https:\/\/newsinfoco.com.br\/inicio\/alagoinhas-sera-palco-da-caminhada-da-paz-em-fevereiro\/#webpage"},"articleSection":"Manchete"},{"@type":"BreadcrumbList","@id":"https:\/\/newsinfoco.com.br\/inicio\/alagoinhas-sera-palco-da-caminhada-da-paz-em-fevereiro\/#breadcrumblist","itemListElement":[{"@type":"ListItem","@id":"https:\/\/newsinfoco.com.br\/inicio#listItem","position":1,"name":"In\u00edcio","item":"https:\/\/newsinfoco.com.br\/inicio","nextItem":{"@type":"ListItem","@id":"https:\/\/newsinfoco.com.br\/inicio\/category\/exclusivas\/#listItem","name":"Manchete"}},{"@type":"ListItem","@id":"https:\/\/newsinfoco.com.br\/inicio\/category\/exclusivas\/#listItem","position":2,"name":"Manchete","item":"https:\/\/newsinfoco.com.br\/inicio\/category\/exclusivas\/","nextItem":{"@type":"ListItem","@id":"https:\/\/newsinfoco.com.br\/inicio\/alagoinhas-sera-palco-da-caminhada-da-paz-em-fevereiro\/#listItem","name":"Alagoinhas ser\u00e1 palco da Caminhada da Paz em fevereiro"},"previousItem":{"@type":"ListItem","@id":"https:\/\/newsinfoco.com.br\/inicio#listItem","name":"In\u00edcio"}},{"@type":"ListItem","@id":"https:\/\/newsinfoco.com.br\/inicio\/alagoinhas-sera-palco-da-caminhada-da-paz-em-fevereiro\/#listItem","position":3,"name":"Alagoinhas ser\u00e1 palco da Caminhada da Paz em fevereiro","previousItem":{"@type":"ListItem","@id":"https:\/\/newsinfoco.com.br\/inicio\/category\/exclusivas\/#listItem","name":"Manchete"}}]},{"@type":"Organization","@id":"https:\/\/newsinfoco.com.br\/inicio\/#organization","name":"News In Foco - Editado por Caio Pimenta","description":"O principal site de noticias de Alagoinhas e regi\u00e3o","url":"https:\/\/newsinfoco.com.br\/inicio\/"},{"@type":"Person","@id":"https:\/\/newsinfoco.com.br\/inicio\/author\/administrador\/#author","url":"https:\/\/newsinfoco.com.br\/inicio\/author\/administrador\/","name":"administrador","image":{"@type":"ImageObject","@id":"https:\/\/newsinfoco.com.br\/inicio\/alagoinhas-sera-palco-da-caminhada-da-paz-em-fevereiro\/#authorImage","url":"https:\/\/secure.gravatar.com\/avatar\/c17a617433de8c1dc9584bb79aab7563b46f5bb7e1728c9b17d9cc3ce6a08e49?s=96&d=mm&r=g","width":96,"height":96,"caption":"administrador"}},{"@type":"WebPage","@id":"https:\/\/newsinfoco.com.br\/inicio\/alagoinhas-sera-palco-da-caminhada-da-paz-em-fevereiro\/#webpage","url":"https:\/\/newsinfoco.com.br\/inicio\/alagoinhas-sera-palco-da-caminhada-da-paz-em-fevereiro\/","name":"Alagoinhas ser\u00e1 palco da Caminhada da Paz em fevereiro - News In Foco - Editado por Caio Pimenta","description":"O vereador Ozeas Menezes esteve no programa Primeira M\u00e3o, nesta quinta-feira, 30, para divulgar a Caminhada da Paz, que ocorre dia 8 de fevereiro, a partir da 16h. Com objetivo de contribuir com a redu\u00e7\u00e3o dos altos \u00edndices de usu\u00e1rios de drogas no munic\u00edpio, principalmente entre os jovens, a comunidade evang\u00e9lica convoca toda a cidade","inLanguage":"pt-BR","isPartOf":{"@id":"https:\/\/newsinfoco.com.br\/inicio\/#website"},"breadcrumb":{"@id":"https:\/\/newsinfoco.com.br\/inicio\/alagoinhas-sera-palco-da-caminhada-da-paz-em-fevereiro\/#breadcrumblist"},"author":{"@id":"https:\/\/newsinfoco.com.br\/inicio\/author\/administrador\/#author"},"creator":{"@id":"https:\/\/newsinfoco.com.br\/inicio\/author\/administrador\/#author"},"image":{"@type":"ImageObject","url":"https:\/\/newsinfoco.com.br\/inicio\/wp-content\/uploads\/2020\/01\/unnamed.jpg","@id":"https:\/\/newsinfoco.com.br\/inicio\/alagoinhas-sera-palco-da-caminhada-da-paz-em-fevereiro\/#mainImage","width":512,"height":341},"primaryImageOfPage":{"@id":"https:\/\/newsinfoco.com.br\/inicio\/alagoinhas-sera-palco-da-caminhada-da-paz-em-fevereiro\/#mainImage"},"datePublished":"2020-01-30T18:17:23-03:00","dateModified":"2020-01-30T18:17:23-03:00"},{"@type":"WebSite","@id":"https:\/\/newsinfoco.com.br\/inicio\/#website","url":"https:\/\/newsinfoco.com.br\/inicio\/","name":"News In Foco - Editado por Caio Pimenta","description":"O principal site de noticias de Alagoinhas e regi\u00e3o","inLanguage":"pt-BR","publisher":{"@id":"https:\/\/newsinfoco.com.br\/inicio\/#organization"}}]},"og:locale":"pt_BR","og:site_name":"News In Foco - Editado por Caio Pimenta - O principal site de noticias de Alagoinhas e regi\u00e3o","og:type":"article","og:title":"Alagoinhas ser\u00e1 palco da Caminhada da Paz em fevereiro - News In Foco - Editado por Caio Pimenta","og:description":"O vereador Ozeas Menezes esteve no programa Primeira M\u00e3o, nesta quinta-feira, 30, para divulgar a Caminhada da Paz, que ocorre dia 8 de fevereiro, a partir da 16h. Com objetivo de contribuir com a redu\u00e7\u00e3o dos altos \u00edndices de usu\u00e1rios de drogas no munic\u00edpio, principalmente entre os jovens, a comunidade evang\u00e9lica convoca toda a cidade","og:url":"https:\/\/newsinfoco.com.br\/inicio\/alagoinhas-sera-palco-da-caminhada-da-paz-em-fevereiro\/","article:published_time":"2020-01-30T21:17:23+00:00","article:modified_time":"2020-01-30T21:17:23+00:00","twitter:card":"summary_large_image","twitter:title":"Alagoinhas ser\u00e1 palco da Caminhada da Paz em fevereiro - News In Foco - Editado por Caio Pimenta","twitter:description":"O vereador Ozeas Menezes esteve no programa Primeira M\u00e3o, nesta quinta-feira, 30, para divulgar a Caminhada da Paz, que ocorre dia 8 de fevereiro, a partir da 16h. Com objetivo de contribuir com a redu\u00e7\u00e3o dos altos \u00edndices de usu\u00e1rios de drogas no munic\u00edpio, principalmente entre os jovens, a comunidade evang\u00e9lica convoca toda a cidade"},"aioseo_meta_data":{"post_id":"20153","title":null,"description":null,"keywords":null,"keyphrases":null,"primary_term":null,"canonical_url":null,"og_title":null,"og_description":null,"og_object_type":"default","og_image_type":"default","og_image_url":null,"og_image_width":null,"og_image_height":null,"og_image_custom_url":null,"og_image_custom_fields":null,"og_video":null,"og_custom_url":null,"og_article_section":null,"og_article_tags":null,"twitter_use_og":false,"twitter_card":"default","twitter_image_type":"default","twitter_image_url":null,"twitter_image_custom_url":null,"twitter_image_custom_fields":null,"twitter_title":null,"twitter_description":null,"schema":{"blockGraphs":[],"customGraphs":[],"default":{"data":{"Article":[],"Course":[],"Dataset":[],"FAQPage":[],"Movie":[],"Person":[],"Product":[],"ProductReview":[],"Car":[],"Recipe":[],"Service":[],"SoftwareApplication":[],"WebPage":[]},"graphName":"","isEnabled":true},"graphs":[]},"schema_type":"default","schema_type_options":null,"pillar_content":false,"robots_default":true,"robots_noindex":false,"robots_noarchive":false,"robots_nosnippet":false,"robots_nofollow":false,"robots_noimageindex":false,"robots_noodp":false,"robots_notranslate":false,"robots_max_snippet":null,"robots_max_videopreview":null,"robots_max_imagepreview":"large","priority":null,"frequency":null,"local_seo":null,"breadcrumb_settings":null,"limit_modified_date":false,"ai":null,"created":"2023-06-12 16:05:19","updated":"2025-07-11 02:40:49","seo_analyzer_scan_date":null},"aioseo_breadcrumb":"<div class=\"aioseo-breadcrumbs\"><span class=\"aioseo-breadcrumb\">\n\t\t\t<a href=\"https:\/\/newsinfoco.com.br\/inicio\" title=\"In\u00edcio\">In\u00edcio<\/a>\n\t\t<\/span><span class=\"aioseo-breadcrumb-separator\">&raquo;<\/span><span class=\"aioseo-breadcrumb\">\n\t\t\t<a href=\"https:\/\/newsinfoco.com.br\/inicio\/category\/exclusivas\/\" title=\"Manchete\">Manchete<\/a>\n\t\t<\/span><span class=\"aioseo-breadcrumb-separator\">&raquo;<\/span><span class=\"aioseo-breadcrumb\">\n\t\t\tAlagoinhas ser\u00e1 palco da Caminhada da Paz em fevereiro\n\t\t<\/span><\/div>","aioseo_breadcrumb_json":[{"label":"In\u00edcio","link":"https:\/\/newsinfoco.com.br\/inicio"},{"label":"Manchete","link":"https:\/\/newsinfoco.com.br\/inicio\/category\/exclusivas\/"},{"label":"Alagoinhas ser\u00e1 palco da Caminhada da Paz em fevereiro","link":"https:\/\/newsinfoco.com.br\/inicio\/alagoinhas-sera-palco-da-caminhada-da-paz-em-fevereiro\/"}],"_links":{"self":[{"href":"https:\/\/newsinfoco.com.br\/inicio\/wp-json\/wp\/v2\/posts\/20153","targetHints":{"allow":["GET"]}}],"collection":[{"href":"https:\/\/newsinfoco.com.br\/inicio\/wp-json\/wp\/v2\/posts"}],"about":[{"href":"https:\/\/newsinfoco.com.br\/inicio\/wp-json\/wp\/v2\/types\/post"}],"author":[{"embeddable":true,"href":"https:\/\/newsinfoco.com.br\/inicio\/wp-json\/wp\/v2\/users\/1"}],"replies":[{"embeddable":true,"href":"https:\/\/newsinfoco.com.br\/inicio\/wp-json\/wp\/v2\/comments?post=20153"}],"version-history":[{"count":0,"href":"https:\/\/newsinfoco.com.br\/inicio\/wp-json\/wp\/v2\/posts\/20153\/revisions"}],"wp:featuredmedia":[{"embeddable":true,"href":"https:\/\/newsinfoco.com.br\/inicio\/wp-json\/wp\/v2\/media\/20154"}],"wp:attachment":[{"href":"https:\/\/newsinfoco.com.br\/inicio\/wp-json\/wp\/v2\/media?parent=20153"}],"wp:term":[{"taxonomy":"category","embeddable":true,"href":"https:\/\/newsinfoco.com.br\/inicio\/wp-json\/wp\/v2\/categories?post=20153"},{"taxonomy":"post_tag","embeddable":true,"href":"https:\/\/newsinfoco.com.br\/inicio\/wp-json\/wp\/v2\/tags?post=20153"}],"curies":[{"name":"wp","href":"https:\/\/api.w.org\/{rel}","templated":true}]}}