{"id":20156,"date":"2020-01-30T18:45:45","date_gmt":"2020-01-30T21:45:45","guid":{"rendered":"http:\/\/newsinfoco.com.br\/?p=20156"},"modified":"2020-01-30T21:41:41","modified_gmt":"2020-01-31T00:41:41","slug":"aos-76-anos-morre-o-empresario-juracy-xavier","status":"publish","type":"post","link":"https:\/\/newsinfoco.com.br\/inicio\/aos-76-anos-morre-o-empresario-juracy-xavier\/","title":{"rendered":"Aos 76 anos, morre o empres\u00e1rio Juracy Xavier"},"content":{"rendered":"<p style=\"font-weight: 400; text-align: justify;\">Faleceu na tarde desta quinta feira, 30, Juracy Xavier, propriet\u00e1rio da empresa de \u00d4nibus Xavier, empresa que faz parte do transporte coletivo da cidade de Alagoinhas. Juracy Xavier tinha 76 anos. Segundo\u00a0 informa\u00e7\u00f5es, o empres\u00e1rio estava bastante doente e veio a \u00f3bito no Hospital Danta Bi\u00e3o.<\/p>\n<p style=\"text-align: justify;\">Nos \u00faltimos anos a empresa Xavier vinha passando por problemas financeiros e nem chegou a participar do processo de licita\u00e7\u00e3o do transporte coletivo da cidade de Alagoinhas. A informa\u00e7\u00e3o \u00e9 do site Betonews.<\/p><div class=\"newsi-conteudo_19\" id=\"newsi-2394864998\"><a href=\"https:\/\/www.instagram.com\/prefeituraalagoinhas?igsh=YzgzdDJ1bWR3aWI4\" aria-label=\"SAVE_20251006_221555\"><img loading=\"lazy\" decoding=\"async\" src=\"https:\/\/newsinfoco.com.br\/inicio\/wp-content\/uploads\/2025\/10\/SAVE_20251006_221555-rotated.jpg\" alt=\"\"  srcset=\"https:\/\/newsinfoco.com.br\/inicio\/wp-content\/uploads\/2025\/10\/SAVE_20251006_221555-rotated.jpg 1140w, https:\/\/newsinfoco.com.br\/inicio\/wp-content\/uploads\/2025\/10\/SAVE_20251006_221555-300x52.jpg 300w, https:\/\/newsinfoco.com.br\/inicio\/wp-content\/uploads\/2025\/10\/SAVE_20251006_221555-1024x177.jpg 1024w, https:\/\/newsinfoco.com.br\/inicio\/wp-content\/uploads\/2025\/10\/SAVE_20251006_221555-768x133.jpg 768w, https:\/\/newsinfoco.com.br\/inicio\/wp-content\/uploads\/2025\/10\/SAVE_20251006_221555-600x104.jpg 600w, https:\/\/newsinfoco.com.br\/inicio\/wp-content\/uploads\/2025\/10\/SAVE_20251006_221555-696x120.jpg 696w, https:\/\/newsinfoco.com.br\/inicio\/wp-content\/uploads\/2025\/10\/SAVE_20251006_221555-1068x185.jpg 1068w\" sizes=\"(max-width: 1140px) 100vw, 1140px\" width=\"1140\" height=\"197\"   \/><\/a><\/div>\n<p style=\"text-align: justify;\">O corpo est\u00e1 sendo velado na 2\u00aa igreja batista, localizada na Santa Terezinha. O sepultamento est\u00e1 previsto para ocorrer amanh\u00e3, 31, as 16 horas, no cemit\u00e9rio Pra\u00e7a da Saudade.<\/p>\n<p><span style=\"background-color: #ffffff; color: #ff0000;\"><em><span style=\"color: #ff0000;\">-Mat\u00e9ria atualizada as 21:40 do dia 30\/01\/2020 para informar local e hor\u00e1rio\u00a0do vel\u00f3rio e sepultamento.\u00a0<\/span><\/em><\/span><\/p>\n<div class='share-to-whatsapp-wrapper'><div class='share-on-whsp'>Share on: <\/div><a data-text='Aos 76 anos, morre o empres\u00e1rio Juracy Xavier' data-link='https:\/\/newsinfoco.com.br\/inicio\/aos-76-anos-morre-o-empresario-juracy-xavier\/' class='whatsapp-button whatsapp-share'>WhatsApp<\/a><div class='clear '><\/div><\/div>","protected":false},"excerpt":{"rendered":"<p>Faleceu na tarde desta quinta feira, 30, Juracy Xavier, propriet\u00e1rio da empresa de \u00d4nibus Xavier, empresa que faz parte do transporte coletivo da cidade de Alagoinhas. Juracy Xavier tinha 76 anos. Segundo\u00a0 informa\u00e7\u00f5es, o empres\u00e1rio estava bastante doente e veio a \u00f3bito no Hospital Danta Bi\u00e3o. Nos \u00faltimos anos a empresa Xavier vinha passando por [&hellip;]<\/p>\n","protected":false},"author":1,"featured_media":20157,"comment_status":"open","ping_status":"open","sticky":false,"template":"","format":"standard","meta":{"om_disable_all_campaigns":false,"_exactmetrics_skip_tracking":false,"_exactmetrics_sitenote_active":false,"_exactmetrics_sitenote_note":"","_exactmetrics_sitenote_category":0,"footnotes":""},"categories":[38],"tags":[],"class_list":["post-20156","post","type-post","status-publish","format-standard","has-post-thumbnail","hentry","category-alagoinhas-e-regiao"],"aioseo_notices":[],"_links":{"self":[{"href":"https:\/\/newsinfoco.com.br\/inicio\/wp-json\/wp\/v2\/posts\/20156","targetHints":{"allow":["GET"]}}],"collection":[{"href":"https:\/\/newsinfoco.com.br\/inicio\/wp-json\/wp\/v2\/posts"}],"about":[{"href":"https:\/\/newsinfoco.com.br\/inicio\/wp-json\/wp\/v2\/types\/post"}],"author":[{"embeddable":true,"href":"https:\/\/newsinfoco.com.br\/inicio\/wp-json\/wp\/v2\/users\/1"}],"replies":[{"embeddable":true,"href":"https:\/\/newsinfoco.com.br\/inicio\/wp-json\/wp\/v2\/comments?post=20156"}],"version-history":[{"count":0,"href":"https:\/\/newsinfoco.com.br\/inicio\/wp-json\/wp\/v2\/posts\/20156\/revisions"}],"wp:featuredmedia":[{"embeddable":true,"href":"https:\/\/newsinfoco.com.br\/inicio\/wp-json\/wp\/v2\/media\/20157"}],"wp:attachment":[{"href":"https:\/\/newsinfoco.com.br\/inicio\/wp-json\/wp\/v2\/media?parent=20156"}],"wp:term":[{"taxonomy":"category","embeddable":true,"href":"https:\/\/newsinfoco.com.br\/inicio\/wp-json\/wp\/v2\/categories?post=20156"},{"taxonomy":"post_tag","embeddable":true,"href":"https:\/\/newsinfoco.com.br\/inicio\/wp-json\/wp\/v2\/tags?post=20156"}],"curies":[{"name":"wp","href":"https:\/\/api.w.org\/{rel}","templated":true}]}}