{"id":20166,"date":"2020-01-31T15:00:40","date_gmt":"2020-01-31T18:00:40","guid":{"rendered":"http:\/\/newsinfoco.com.br\/?p=20166"},"modified":"2020-01-31T15:00:40","modified_gmt":"2020-01-31T18:00:40","slug":"professores-da-uneb-aprovam-paralisacao-imediata-contra-a-reforma-da-previdencia-estadual","status":"publish","type":"post","link":"https:\/\/newsinfoco.com.br\/inicio\/professores-da-uneb-aprovam-paralisacao-imediata-contra-a-reforma-da-previdencia-estadual\/","title":{"rendered":"Professores da Uneb aprovam paralisa\u00e7\u00e3o imediata contra a reforma da Previd\u00eancia estadual"},"content":{"rendered":"<p style=\"text-align: justify;\">Em virtude da vota\u00e7\u00e3o da PEC 159\/2020, prevista para esta sexta-feira (31) na Assembleia Legislativa da Bahia (Alba), a categoria docente da Uneb aprovou, nesta manh\u00e3, a paralisa\u00e7\u00e3o imediata das atividades em todos os campi da universidade. A a\u00e7\u00e3o visa ampliar a mobiliza\u00e7\u00e3o e propiciar maior participa\u00e7\u00e3o nas manifesta\u00e7\u00f5es contra a PEC que, se aprovada, prejudicar\u00e1 os direitos de aposentadoria de cerca de 260 mil trabalhadores. A assembleia docente ocorreu na sede da Associa\u00e7\u00e3o dos Docentes da Uneb (Aduneb), em Salvador.<\/p>\n<p style=\"text-align: justify;\">A liminar que impedia a tramita\u00e7\u00e3o da PEC na Alba, expedida pela desembargadora do Tribunal de Justi\u00e7a da Bahia, Dinalva Pimentel, foi retirada pela pr\u00f3pria magistrada na noite de ontem (30). A coordena\u00e7\u00e3o da Aduneb alerta que a Proposta de Emenda Constitucional foi aprovada em regime de prioridade, portanto, existe a possibilidade de que as vota\u00e7\u00f5es em primeiro e segundo turno ocorram no mesmo dia. \u201c\u00c9 imprescind\u00edvel a presen\u00e7a massiva da categoria hoje, a partir das 15h, na Alba. Nossos direitos, nossa aposentadoria, a melhor condi\u00e7\u00e3o de vida a nossa fam\u00edlia poder\u00e1 ser decidida hoje\u201d, informou a coordenadora de comunica\u00e7\u00e3o da Aduneb, Lilian Marinho.<\/p><div class=\"newsi-conteudo_19\" id=\"newsi-1649753702\"><a href=\"https:\/\/www.instagram.com\/prefeituraalagoinhas?igsh=YzgzdDJ1bWR3aWI4\" aria-label=\"SAVE_20251006_221555\"><img loading=\"lazy\" decoding=\"async\" src=\"https:\/\/newsinfoco.com.br\/inicio\/wp-content\/uploads\/2025\/10\/SAVE_20251006_221555-rotated.jpg\" alt=\"\"  srcset=\"https:\/\/newsinfoco.com.br\/inicio\/wp-content\/uploads\/2025\/10\/SAVE_20251006_221555-rotated.jpg 1140w, https:\/\/newsinfoco.com.br\/inicio\/wp-content\/uploads\/2025\/10\/SAVE_20251006_221555-300x52.jpg 300w, https:\/\/newsinfoco.com.br\/inicio\/wp-content\/uploads\/2025\/10\/SAVE_20251006_221555-1024x177.jpg 1024w, https:\/\/newsinfoco.com.br\/inicio\/wp-content\/uploads\/2025\/10\/SAVE_20251006_221555-768x133.jpg 768w, https:\/\/newsinfoco.com.br\/inicio\/wp-content\/uploads\/2025\/10\/SAVE_20251006_221555-600x104.jpg 600w, https:\/\/newsinfoco.com.br\/inicio\/wp-content\/uploads\/2025\/10\/SAVE_20251006_221555-696x120.jpg 696w, https:\/\/newsinfoco.com.br\/inicio\/wp-content\/uploads\/2025\/10\/SAVE_20251006_221555-1068x185.jpg 1068w\" sizes=\"(max-width: 1140px) 100vw, 1140px\" width=\"1140\" height=\"197\"   \/><\/a><\/div>\n<p style=\"text-align: justify;\">*Greve geral*<\/p>\n<p style=\"text-align: justify;\">A assembleia docente passada, realizada em 21 de janeiro, j\u00e1 havia aprovado a participa\u00e7\u00e3o da categoria na greve geral dos servidores p\u00fablicos. A paralisa\u00e7\u00e3o dever\u00e1 acontecer a partir da ter\u00e7a (04) at\u00e9 quinta-feira (06) da pr\u00f3xima semana, o que ser\u00e1 ratificada pelo conjunto das entidades que comp\u00f5em o F\u00f3rum dos Servidores P\u00fablicos da Bahia.<\/p>\n<p style=\"text-align: justify;\">Ainda de acordo com a professora Lilian Marinho, a reivindica\u00e7\u00e3o do F\u00f3rum dos Servidores P\u00fablicos \u00e9 a retirada da PEC para que a quest\u00e3o tenha uma discuss\u00e3o ampla e democr\u00e1tica. \u201cO governo fala em d\u00e9ficit da previd\u00eancia, mas n\u00e3o abre as contas, tampouco as planilhas. Al\u00e9m disso, tenta aprovar uma reforma previdenci\u00e1ria \u2018a toque de caixa\u2019, sem ouvir os trabalhadores que ser\u00e3o os mais prejudicados\u201d.<\/p>\n<p style=\"text-align: justify;\">*Mobiliza\u00e7\u00e3o no interior*<\/p>\n<p style=\"text-align: justify;\">Outra delibera\u00e7\u00e3o da assembleia docente \u00e9 que os professores dos campi do interior, que n\u00e3o puderem vir a Salvador, fa\u00e7am mobiliza\u00e7\u00f5es e protestos locais, tais como: panfletagens em sinaleiras, fechamento das BRs e passeatas. A proposta \u00e9 que as manifesta\u00e7\u00f5es ocorram em articula\u00e7\u00e3o com os demais setores do funcionalismo p\u00fablico estadual e municipal.<\/p>\n<p style=\"text-align: justify;\">Principais altera\u00e7\u00f5es da PEC<\/p>\n<p style=\"text-align: justify;\">\u2013 Para o servidor obter 100% da m\u00e9dia dos 90% maiores sal\u00e1rios, ter\u00e1 que trabalhar 35 anos se mulher e 40 anos se homem, mesmo ap\u00f3s atingir a idade m\u00ednima;<\/p>\n<p style=\"text-align: justify;\">\u2013 A aposentadoria por invalidez corresponder\u00e1 \u00e0 60% dos 90% maiores sal\u00e1rios do servidor\/a, rebaixando os seus proventos;<\/p>\n<p style=\"text-align: justify;\">\u2013 Em caso de morte do servidor\/a na ativa: ser\u00e1 calculado os proventos nos moldes da aposentadoria por invalidez. Estabelece uma cota familiar de 50% e uma cota de 15% por dependente. Caso a esposa\/o tenha menos de 42 anos, perder\u00e1 esse valor de forma escalonada a depender da idade e os filhos perder\u00e3o com a maioridade ou conclus\u00e3o do ensino superior. Um\/a esposo\/a com apenas um filho ficaria, ainda, com 80% desse valor.<\/p>\n<p>&nbsp;<\/p>\n<div class='share-to-whatsapp-wrapper'><div class='share-on-whsp'>Share on: <\/div><a data-text='Professores da Uneb aprovam paralisa\u00e7\u00e3o imediata contra a reforma da Previd\u00eancia estadual' data-link='https:\/\/newsinfoco.com.br\/inicio\/professores-da-uneb-aprovam-paralisacao-imediata-contra-a-reforma-da-previdencia-estadual\/' class='whatsapp-button whatsapp-share'>WhatsApp<\/a><div class='clear '><\/div><\/div>","protected":false},"excerpt":{"rendered":"<p>Em virtude da vota\u00e7\u00e3o da PEC 159\/2020, prevista para esta sexta-feira (31) na Assembleia Legislativa da Bahia (Alba), a categoria docente da Uneb aprovou, nesta manh\u00e3, a paralisa\u00e7\u00e3o imediata das atividades em todos os campi da universidade. A a\u00e7\u00e3o visa ampliar a mobiliza\u00e7\u00e3o e propiciar maior participa\u00e7\u00e3o nas manifesta\u00e7\u00f5es contra a PEC que, se aprovada, [&hellip;]<\/p>\n","protected":false},"author":1,"featured_media":13134,"comment_status":"open","ping_status":"open","sticky":false,"template":"","format":"standard","meta":{"om_disable_all_campaigns":false,"_exactmetrics_skip_tracking":false,"_exactmetrics_sitenote_active":false,"_exactmetrics_sitenote_note":"","_exactmetrics_sitenote_category":0,"footnotes":""},"categories":[19],"tags":[],"class_list":["post-20166","post","type-post","status-publish","format-standard","has-post-thumbnail","hentry","category-bahia"],"aioseo_notices":[],"_links":{"self":[{"href":"https:\/\/newsinfoco.com.br\/inicio\/wp-json\/wp\/v2\/posts\/20166","targetHints":{"allow":["GET"]}}],"collection":[{"href":"https:\/\/newsinfoco.com.br\/inicio\/wp-json\/wp\/v2\/posts"}],"about":[{"href":"https:\/\/newsinfoco.com.br\/inicio\/wp-json\/wp\/v2\/types\/post"}],"author":[{"embeddable":true,"href":"https:\/\/newsinfoco.com.br\/inicio\/wp-json\/wp\/v2\/users\/1"}],"replies":[{"embeddable":true,"href":"https:\/\/newsinfoco.com.br\/inicio\/wp-json\/wp\/v2\/comments?post=20166"}],"version-history":[{"count":0,"href":"https:\/\/newsinfoco.com.br\/inicio\/wp-json\/wp\/v2\/posts\/20166\/revisions"}],"wp:featuredmedia":[{"embeddable":true,"href":"https:\/\/newsinfoco.com.br\/inicio\/wp-json\/wp\/v2\/media\/13134"}],"wp:attachment":[{"href":"https:\/\/newsinfoco.com.br\/inicio\/wp-json\/wp\/v2\/media?parent=20166"}],"wp:term":[{"taxonomy":"category","embeddable":true,"href":"https:\/\/newsinfoco.com.br\/inicio\/wp-json\/wp\/v2\/categories?post=20166"},{"taxonomy":"post_tag","embeddable":true,"href":"https:\/\/newsinfoco.com.br\/inicio\/wp-json\/wp\/v2\/tags?post=20166"}],"curies":[{"name":"wp","href":"https:\/\/api.w.org\/{rel}","templated":true}]}}