{"id":20222,"date":"2020-02-03T19:29:48","date_gmt":"2020-02-03T22:29:48","guid":{"rendered":"http:\/\/newsinfoco.com.br\/?p=20222"},"modified":"2020-02-03T19:52:17","modified_gmt":"2020-02-03T22:52:17","slug":"para-juscelio-carmo-alianca-entre-paulo-cezar-e-dem-inviabiliza-qualquer-discurso-anticorrupcao-contra-adversarios","status":"publish","type":"post","link":"https:\/\/newsinfoco.com.br\/inicio\/para-juscelio-carmo-alianca-entre-paulo-cezar-e-dem-inviabiliza-qualquer-discurso-anticorrupcao-contra-adversarios\/","title":{"rendered":"Para Jusc\u00e9lio Carmo, alian\u00e7a entre Paulo Cezar e DEM inviabiliza qualquer discurso anticorrup\u00e7\u00e3o contra advers\u00e1rios"},"content":{"rendered":"<p style=\"text-align: justify;\">O primeiro pr\u00e9-candidato a dar sinais de que ir\u00e1 compor uma chapa na posi\u00e7\u00e3o de vice-prefeito j\u00e1 est\u00e1 aparecendo em tela. O comentarista do programa Primeira M\u00e3o, Caio Pimenta, nesta segunda-feira, deu conta de que est\u00e3o adiantadas as negocia\u00e7\u00f5es entre o DEM e o ex-prefeito Paulo Cezar, visando uma candidatura a prefeito neste ano, o que poderia deslocar Fabr\u00edcio Faro para a posi\u00e7\u00e3o de vice-prefeito em uma eventual chapa. Descontente com o governador Rui Costa por ter lhe tirado os cargos da ADAB para transferi-los para o deputado Federal Bacelar, Paulo Cezar ensaia retomar o conv\u00edvio pol\u00edtico com o antigo aliado, Paulo Azi. A alian\u00e7a foi vitoriosa nas elei\u00e7\u00f5es de 2008 e 2012, quando fizeram uma parceria bem sucedida, que se tentar\u00e1, ao que parece, repetir este ano.<\/p>\n<p style=\"text-align: justify;\">S\u00f3 que o ex-prefeito carrega o peso, no momento, de um processo judicial por corrup\u00e7\u00e3o, que j\u00e1 condenou outros implicados. Contudo, PC desponta como favorito nas pesquisas para a elei\u00e7\u00e3o, mesmo pairando sobre si a suspeita envolvimento em um esquema fraudulento relacionado ao transporte escolar. Paulo Cezar tamb\u00e9m \u00e9 cortejado por Marcelo Nilo, do PSB, que se coloca como pr\u00e9-candidato a governo do Estado em 2022, desejando convergir o campo da esquerda.<\/p><div class=\"newsi-conteudo_19\" id=\"newsi-1675671498\"><a href=\"https:\/\/www.instagram.com\/prefeituraalagoinhas?igsh=YzgzdDJ1bWR3aWI4\" aria-label=\"SAVE_20251006_221555\"><img loading=\"lazy\" decoding=\"async\" src=\"https:\/\/newsinfoco.com.br\/inicio\/wp-content\/uploads\/2025\/10\/SAVE_20251006_221555-rotated.jpg\" alt=\"\"  srcset=\"https:\/\/newsinfoco.com.br\/inicio\/wp-content\/uploads\/2025\/10\/SAVE_20251006_221555-rotated.jpg 1140w, https:\/\/newsinfoco.com.br\/inicio\/wp-content\/uploads\/2025\/10\/SAVE_20251006_221555-300x52.jpg 300w, https:\/\/newsinfoco.com.br\/inicio\/wp-content\/uploads\/2025\/10\/SAVE_20251006_221555-1024x177.jpg 1024w, https:\/\/newsinfoco.com.br\/inicio\/wp-content\/uploads\/2025\/10\/SAVE_20251006_221555-768x133.jpg 768w, https:\/\/newsinfoco.com.br\/inicio\/wp-content\/uploads\/2025\/10\/SAVE_20251006_221555-600x104.jpg 600w, https:\/\/newsinfoco.com.br\/inicio\/wp-content\/uploads\/2025\/10\/SAVE_20251006_221555-696x120.jpg 696w, https:\/\/newsinfoco.com.br\/inicio\/wp-content\/uploads\/2025\/10\/SAVE_20251006_221555-1068x185.jpg 1068w\" sizes=\"(max-width: 1140px) 100vw, 1140px\" width=\"1140\" height=\"197\"   \/><\/a><\/div>\n<p style=\"text-align: justify;\">Para o empres\u00e1rio e radialista Jusc\u00e9lio Carmo, presente no programa Primeira M\u00e3o de hoje, 03, o apoio a Paulo Cezar pelo partido de direita, que \u00e9 presidido por Paulo Azi, praticamente um representante de ACM Neto na regi\u00e3o, inviabiliza um futuro discurso antipetista e anticorrup\u00e7\u00e3o em uma quase certa candidatura deste ao governo do estado em 2022. Carmo considera que junto com Paulo Cezar, ACM Neto se iguala ao PT.<\/p>\n<p style=\"text-align: justify;\">A quest\u00e3o \u00e9 que Paulo Azi considera Joaquim Neto seu inimigo p\u00fablico n\u00famero 1.\u00a0 Entendem os democratas, segundo Caio Pimenta, que o prefeito os traiu depois de contar com o apoio eleitoral de Azi e do seu grupo. Jusc\u00e9lio lembra que Paulo Cezar tamb\u00e9m j\u00e1 esteve na mesma posi\u00e7\u00e3o h\u00e1 algum tempo, quando o DEM rompeu com PC ao se negar em apoiar a ent\u00e3o candidata do prefeito, Sonia Fontes. O fato \u00e9 que Paulo Cezar se apresenta como o candidato competitivo para desbancar Joaquim Neto e ainda levar votos para ACM Neto em 2022 ou impedir que esses votos acabem indo para o candidato que Rui Costa apontar como sucessor.<\/p>\n<p style=\"text-align: justify;\">Existe a possibilidade do acordo ser uma esp\u00e9cie de golpe, deduz Carmo. Colocando Fabr\u00edcio como vice, o DEM pode herdar a Prefeitura caso Paulo Cezar seja condenado e preso. Para Carmo \u00e9 a luta dos bois gordos, grupo de Joaquim, com os bois magros, grupo dos Azi, alijado do poder na esfera municipal com o rompimento politico.<\/p>\n<p style=\"text-align: justify;\">A maioria quer entrar na Prefeitura para se colocar nas centenas de cargos comissionados que v\u00eam com a vit\u00f3ria eleitoral. Ter a prefeitura significa facilidade de emplacar o deputado estadual e federal que v\u00e3o representar o munic\u00edpio. As pesquisas mostram que os eleitores mostram certas restri\u00e7\u00f5es a manuten\u00e7\u00e3o do nome de Joaquim Neto na prefeitura e acham que Paulo Cezar \u00e9 o \u00fanico capaz de venc\u00ea-lo. Considerando a fala de Marcelo Nilo, em entrevista ao Primeira M\u00e3o, a esquerda tamb\u00e9m quer os votos de PC pelos mesmos motivos.<\/p>\n<p style=\"text-align: justify;\">De uma coisa todos parecem estar certos, a senten\u00e7a de PC em primeiro grau n\u00e3o o torna ineleg\u00edvel e \u00e9 quase imposs\u00edvel uma condena\u00e7\u00e3o em segundo grau, que a\u00ed sim o tornaria ineleg\u00edvel, sair at\u00e9 outubro. Caso durante o mandato Paulo Cezar tenha a pris\u00e3o decretada, ou perca o mandato por outro motivo, assume o vice. Neste sentido, Carmo est\u00e1 certo, \u201ctemos que ver tudo isso como pe\u00e7as em um tabuleiro\u201d.<\/p>\n<p>O assunto foi abordado no programa Primeira M\u00e3o. Veja:<\/p>\n<p><iframe loading=\"lazy\" title=\"Paulo Cezar negocia ida para o DEM e Juscelio Carmo comenta\" width=\"696\" height=\"392\" src=\"https:\/\/www.youtube.com\/embed\/qRMm9etHb14?start=96&#038;feature=oembed\" frameborder=\"0\" allow=\"accelerometer; autoplay; encrypted-media; gyroscope; picture-in-picture\" allowfullscreen><\/iframe><\/p>\n<p style=\"text-align: right;\">Por Paulo Dias para o News Infoco<\/p>\n<div class='share-to-whatsapp-wrapper'><div class='share-on-whsp'>Share on: <\/div><a data-text='Para Jusc\u00e9lio Carmo, alian\u00e7a entre Paulo Cezar e DEM inviabiliza qualquer discurso anticorrup\u00e7\u00e3o contra advers\u00e1rios' data-link='https:\/\/newsinfoco.com.br\/inicio\/para-juscelio-carmo-alianca-entre-paulo-cezar-e-dem-inviabiliza-qualquer-discurso-anticorrupcao-contra-adversarios\/' class='whatsapp-button whatsapp-share'>WhatsApp<\/a><div class='clear '><\/div><\/div>","protected":false},"excerpt":{"rendered":"<p>O primeiro pr\u00e9-candidato a dar sinais de que ir\u00e1 compor uma chapa na posi\u00e7\u00e3o de vice-prefeito j\u00e1 est\u00e1 aparecendo em tela. O comentarista do programa Primeira M\u00e3o, Caio Pimenta, nesta segunda-feira, deu conta de que est\u00e3o adiantadas as negocia\u00e7\u00f5es entre o DEM e o ex-prefeito Paulo Cezar, visando uma candidatura a prefeito neste ano, o [&hellip;]<\/p>\n","protected":false},"author":1,"featured_media":14854,"comment_status":"open","ping_status":"open","sticky":false,"template":"","format":"standard","meta":{"om_disable_all_campaigns":false,"_exactmetrics_skip_tracking":false,"_exactmetrics_sitenote_active":false,"_exactmetrics_sitenote_note":"","_exactmetrics_sitenote_category":0,"footnotes":""},"categories":[167],"tags":[],"class_list":["post-20222","post","type-post","status-publish","format-standard","has-post-thumbnail","hentry","category-exclusivas"],"aioseo_notices":[],"_links":{"self":[{"href":"https:\/\/newsinfoco.com.br\/inicio\/wp-json\/wp\/v2\/posts\/20222","targetHints":{"allow":["GET"]}}],"collection":[{"href":"https:\/\/newsinfoco.com.br\/inicio\/wp-json\/wp\/v2\/posts"}],"about":[{"href":"https:\/\/newsinfoco.com.br\/inicio\/wp-json\/wp\/v2\/types\/post"}],"author":[{"embeddable":true,"href":"https:\/\/newsinfoco.com.br\/inicio\/wp-json\/wp\/v2\/users\/1"}],"replies":[{"embeddable":true,"href":"https:\/\/newsinfoco.com.br\/inicio\/wp-json\/wp\/v2\/comments?post=20222"}],"version-history":[{"count":0,"href":"https:\/\/newsinfoco.com.br\/inicio\/wp-json\/wp\/v2\/posts\/20222\/revisions"}],"wp:featuredmedia":[{"embeddable":true,"href":"https:\/\/newsinfoco.com.br\/inicio\/wp-json\/wp\/v2\/media\/14854"}],"wp:attachment":[{"href":"https:\/\/newsinfoco.com.br\/inicio\/wp-json\/wp\/v2\/media?parent=20222"}],"wp:term":[{"taxonomy":"category","embeddable":true,"href":"https:\/\/newsinfoco.com.br\/inicio\/wp-json\/wp\/v2\/categories?post=20222"},{"taxonomy":"post_tag","embeddable":true,"href":"https:\/\/newsinfoco.com.br\/inicio\/wp-json\/wp\/v2\/tags?post=20222"}],"curies":[{"name":"wp","href":"https:\/\/api.w.org\/{rel}","templated":true}]}}