{"id":20225,"date":"2020-02-03T22:37:55","date_gmt":"2020-02-04T01:37:55","guid":{"rendered":"http:\/\/newsinfoco.com.br\/?p=20225"},"modified":"2020-02-04T01:14:31","modified_gmt":"2020-02-04T04:14:31","slug":"onibus-alagoinhas-salvador-faz-trajeto-em-3h-o-que-o-trem-ha-60-anos-fazia-em-1h50min-critica-haroldo-azi","status":"publish","type":"post","link":"https:\/\/newsinfoco.com.br\/inicio\/onibus-alagoinhas-salvador-faz-trajeto-em-3h-o-que-o-trem-ha-60-anos-fazia-em-1h50min-critica-haroldo-azi\/","title":{"rendered":"&#8220;\u00d4nibus Alagoinhas\/Salvador faz trajeto em 3h o que o trem, h\u00e1 60 anos, fazia em 1h50min&#8221;, critica Haroldo Azi"},"content":{"rendered":"<p style=\"text-align: justify;\">Haroldo Azi, em seu coment\u00e1rio para o programa Primeira M\u00e3o, desta segunda-feira, 03, tocou naqueles pontos que viram tabu por ser uma coisa que antigamente se chamava de \u201cbriga de branco\u201d. O comunicador deixou a empresa Cidade Sol, que faz a linha Alagoinhas\/Salvador, sem qualquer possibilidade de argumento.<\/p>\n<p style=\"text-align: justify;\">Hoje a viagem no \u00f4nibus executivo passou a durar 3h, quando se passou d\u00e9cadas se percorrendo o trecho em 2h cravadas, sem pressa. Mas Azi fez uma compara\u00e7\u00e3o ainda mais avassaladora. O trem Marta Rocha sa\u00eda da Cal\u00e7ada, dentro de Salvador e chegava na pra\u00e7a Graciliano de Freitas, em Alagoinhas, em 1h50min, h\u00e1 60 anos. Isso mostra para a bancada do programa Primeira M\u00e3o que Alagoinhas n\u00e3o tem mais lideran\u00e7a pol\u00edtica, est\u00e1 entregue ao l\u00e9u. Esse argumento tamb\u00e9m serve para lutarmos pela volta dos trens de passageiros. Realmente, est\u00e3o faltando homens e mulheres de vis\u00e3o no campo da representatividade popular.<\/p><div class=\"newsi-conteudo_19\" id=\"newsi-793090280\"><a href=\"https:\/\/www.instagram.com\/prefeituraalagoinhas?igsh=YzgzdDJ1bWR3aWI4\" aria-label=\"SAVE_20251006_221555\"><img loading=\"lazy\" decoding=\"async\" src=\"https:\/\/newsinfoco.com.br\/inicio\/wp-content\/uploads\/2025\/10\/SAVE_20251006_221555-rotated.jpg\" alt=\"\"  srcset=\"https:\/\/newsinfoco.com.br\/inicio\/wp-content\/uploads\/2025\/10\/SAVE_20251006_221555-rotated.jpg 1140w, https:\/\/newsinfoco.com.br\/inicio\/wp-content\/uploads\/2025\/10\/SAVE_20251006_221555-300x52.jpg 300w, https:\/\/newsinfoco.com.br\/inicio\/wp-content\/uploads\/2025\/10\/SAVE_20251006_221555-1024x177.jpg 1024w, https:\/\/newsinfoco.com.br\/inicio\/wp-content\/uploads\/2025\/10\/SAVE_20251006_221555-768x133.jpg 768w, https:\/\/newsinfoco.com.br\/inicio\/wp-content\/uploads\/2025\/10\/SAVE_20251006_221555-600x104.jpg 600w, https:\/\/newsinfoco.com.br\/inicio\/wp-content\/uploads\/2025\/10\/SAVE_20251006_221555-696x120.jpg 696w, https:\/\/newsinfoco.com.br\/inicio\/wp-content\/uploads\/2025\/10\/SAVE_20251006_221555-1068x185.jpg 1068w\" sizes=\"(max-width: 1140px) 100vw, 1140px\" width=\"1140\" height=\"197\"   \/><\/a><\/div>\n<p style=\"text-align: justify;\">Quando Antonio Pena era vivo, o \u00f4nibus comercial fazia essa viagem em 2h, m\u00e1quinas que n\u00e3o possu\u00edam a tecnologia que se tem hoje e o expresso da \u00e9poca, raro, fazia em 1h50 min como o Marta Rocha. E as estradas eram p\u00e9ssimas comparadas com as de hoje em dia. Neste \u00faltimo s\u00e1bado,01, pela manh\u00e3, a empresa que explora a linha colocou dois \u00f4nibus convencionais(comerciais) antes das 7h e depois um outro \u00e0s 11h, passando em Pojuca, este fritou os passageiros durante mais de 3h. De a 7h at\u00e9 11h s\u00f3 rodou expresso, coincidentemente domingo era festa de Yemanj\u00e1 em Salvador. A empresa de \u00f4nibus n\u00e3o \u00e9 capaz de compartilhar um sinal de wi-fi no convencional e no expresso disponibiliza o agrado, mas o servi\u00e7o \u00e9 prec\u00e1rio. Alagoinhas virou &#8220;casa de joca&#8221;.<\/p>\n<p style=\"text-align: justify;\">Ou\u00e7a o coment\u00e1rio de Haroldo Azi para o programa Primeira M\u00e3o:<\/p>\n<!--[if lt IE 9]><script>document.createElement('audio');<\/script><![endif]-->\n<audio class=\"wp-audio-shortcode\" id=\"audio-20225-1\" preload=\"none\" style=\"width: 100%;\" controls=\"controls\"><source type=\"audio\/mpeg\" src=\"http:\/\/newsinfoco.com.br\/wp-content\/uploads\/2020\/02\/HAROLDO-online-audio-converter.com_.mp3?_=1\" \/><a href=\"http:\/\/newsinfoco.com.br\/wp-content\/uploads\/2020\/02\/HAROLDO-online-audio-converter.com_.mp3\">http:\/\/newsinfoco.com.br\/wp-content\/uploads\/2020\/02\/HAROLDO-online-audio-converter.com_.mp3<\/a><\/audio>\n<h6><span style=\"color: #ff0000;\"><em>\u00b9O trem Marta Rocha fazia o trajeto Salvador\/Alagoinhas em 1h50min e n\u00e3o em 1h30min como havia sido colocado. O texto j\u00e1 foi corrigido.<\/em><\/span><\/h6>\n<p style=\"text-align: right;\">Por Paulo Dias para o News Infoco<\/p>\n<p>&nbsp;<\/p>\n<div class='share-to-whatsapp-wrapper'><div class='share-on-whsp'>Share on: <\/div><a data-text='\"\u00d4nibus Alagoinhas\/Salvador faz trajeto em 3h o que o trem, h\u00e1 60 anos, fazia em 1h50min\", critica Haroldo Azi' data-link='https:\/\/newsinfoco.com.br\/inicio\/onibus-alagoinhas-salvador-faz-trajeto-em-3h-o-que-o-trem-ha-60-anos-fazia-em-1h50min-critica-haroldo-azi\/' class='whatsapp-button whatsapp-share'>WhatsApp<\/a><div class='clear '><\/div><\/div>","protected":false},"excerpt":{"rendered":"<p>Haroldo Azi, em seu coment\u00e1rio para o programa Primeira M\u00e3o, desta segunda-feira, 03, tocou naqueles pontos que viram tabu por ser uma coisa que antigamente se chamava de \u201cbriga de branco\u201d. O comunicador deixou a empresa Cidade Sol, que faz a linha Alagoinhas\/Salvador, sem qualquer possibilidade de argumento. Hoje a viagem no \u00f4nibus executivo passou [&hellip;]<\/p>\n","protected":false},"author":1,"featured_media":19797,"comment_status":"open","ping_status":"open","sticky":false,"template":"","format":"standard","meta":{"om_disable_all_campaigns":false,"_exactmetrics_skip_tracking":false,"_exactmetrics_sitenote_active":false,"_exactmetrics_sitenote_note":"","_exactmetrics_sitenote_category":0,"footnotes":""},"categories":[167],"tags":[],"class_list":["post-20225","post","type-post","status-publish","format-standard","has-post-thumbnail","hentry","category-exclusivas"],"aioseo_notices":[],"_links":{"self":[{"href":"https:\/\/newsinfoco.com.br\/inicio\/wp-json\/wp\/v2\/posts\/20225","targetHints":{"allow":["GET"]}}],"collection":[{"href":"https:\/\/newsinfoco.com.br\/inicio\/wp-json\/wp\/v2\/posts"}],"about":[{"href":"https:\/\/newsinfoco.com.br\/inicio\/wp-json\/wp\/v2\/types\/post"}],"author":[{"embeddable":true,"href":"https:\/\/newsinfoco.com.br\/inicio\/wp-json\/wp\/v2\/users\/1"}],"replies":[{"embeddable":true,"href":"https:\/\/newsinfoco.com.br\/inicio\/wp-json\/wp\/v2\/comments?post=20225"}],"version-history":[{"count":0,"href":"https:\/\/newsinfoco.com.br\/inicio\/wp-json\/wp\/v2\/posts\/20225\/revisions"}],"wp:featuredmedia":[{"embeddable":true,"href":"https:\/\/newsinfoco.com.br\/inicio\/wp-json\/wp\/v2\/media\/19797"}],"wp:attachment":[{"href":"https:\/\/newsinfoco.com.br\/inicio\/wp-json\/wp\/v2\/media?parent=20225"}],"wp:term":[{"taxonomy":"category","embeddable":true,"href":"https:\/\/newsinfoco.com.br\/inicio\/wp-json\/wp\/v2\/categories?post=20225"},{"taxonomy":"post_tag","embeddable":true,"href":"https:\/\/newsinfoco.com.br\/inicio\/wp-json\/wp\/v2\/tags?post=20225"}],"curies":[{"name":"wp","href":"https:\/\/api.w.org\/{rel}","templated":true}]}}