{"id":20233,"date":"2020-02-04T17:46:50","date_gmt":"2020-02-04T20:46:50","guid":{"rendered":"http:\/\/newsinfoco.com.br\/?p=20233"},"modified":"2020-02-04T17:46:50","modified_gmt":"2020-02-04T20:46:50","slug":"cbf-adia-jogo-entre-atletico-de-alagoinhas-e-botafogo-pb-por-conta-de-problemas-no-voo-do-clube-paraibano","status":"publish","type":"post","link":"https:\/\/newsinfoco.com.br\/inicio\/cbf-adia-jogo-entre-atletico-de-alagoinhas-e-botafogo-pb-por-conta-de-problemas-no-voo-do-clube-paraibano\/","title":{"rendered":"CBF adia jogo entre Atl\u00e9tico de Alagoinhas e Botafogo-PB por conta de problemas no voo do clube paraibano"},"content":{"rendered":"<p style=\"text-align: justify;\">A CBF adiou para a quarta-feira da pr\u00f3xima semana, dia 12, a partida entre\u00a0Atl\u00e9tico-BA\u00a0e\u00a0Botafogo-PB, que se enfrentariam no interior da Bahia pela primeira fase da\u00a0Copa do Brasil\u00a0na noite desta quarta-feira. O adiamento se deu por conta de problemas que a delega\u00e7\u00e3o do time paraibano teve em seu voo. As informa\u00e7\u00f5es preliminares, repassadas pela diretoria botafoguense, d\u00e3o conta de que um passageiro morreu no avi\u00e3o que levaria os jogadores at\u00e9 Salvador e, por isso, o voo foi cancelado. Local e hor\u00e1rio da partida foram mantidos: Est\u00e1dio Carneir\u00e3o, em Alagoinhas, \u00e0s 20h30.<\/p>\n<div class=\"mc-column content-text active-extra-styles \" style=\"text-align: justify;\" data-block-type=\"unstyled\" data-block-weight=\"59\" data-block-id=\"4\">\n<p class=\"content-text__container \" data-track-category=\"Link no Texto\" data-track-links=\"\">Um avi\u00e3o faria primeiro o percurso do Rio de Janeiro para Jo\u00e3o Pessoa e, em seguida, levaria a delega\u00e7\u00e3o do Botafogo-PB da capital paraibana at\u00e9 Salvador. Da capital baiana, os botafoguenses seguiriam de \u00f4nibus at\u00e9 Alagoinhas, no interior da Bahia, onde aconteceria a partida nesta quarta-feira. Mas, por conta do imprevisto, o voo da delega\u00e7\u00e3o botafoguense se tornou invi\u00e1vel.<\/p>\n<\/div>\n<div class=\"mc-column content-text active-extra-styles \" data-block-type=\"unstyled\" data-block-weight=\"38\" data-block-id=\"5\">\n<p class=\"content-text__container \" style=\"text-align: justify;\" data-track-category=\"Link no Texto\" data-track-links=\"\">&#8211; S\u00e3o situa\u00e7\u00f5es da vida. O passageiro faleceu, no Rio de Janeiro, e n\u00e3o tinha voo para irmos para a Bahia. A CBF remarcou para a pr\u00f3xima quarta-feira &#8211; confirmou o vice-presidente de futebol do Botafogo-PB, Ariano Vanderley.<\/p><div class=\"newsi-conteudo_19\" id=\"newsi-2810139279\"><a href=\"https:\/\/www.instagram.com\/prefeituraalagoinhas?igsh=YzgzdDJ1bWR3aWI4\" aria-label=\"SAVE_20251006_221555\"><img loading=\"lazy\" decoding=\"async\" src=\"https:\/\/newsinfoco.com.br\/inicio\/wp-content\/uploads\/2025\/10\/SAVE_20251006_221555-rotated.jpg\" alt=\"\"  srcset=\"https:\/\/newsinfoco.com.br\/inicio\/wp-content\/uploads\/2025\/10\/SAVE_20251006_221555-rotated.jpg 1140w, https:\/\/newsinfoco.com.br\/inicio\/wp-content\/uploads\/2025\/10\/SAVE_20251006_221555-300x52.jpg 300w, https:\/\/newsinfoco.com.br\/inicio\/wp-content\/uploads\/2025\/10\/SAVE_20251006_221555-1024x177.jpg 1024w, https:\/\/newsinfoco.com.br\/inicio\/wp-content\/uploads\/2025\/10\/SAVE_20251006_221555-768x133.jpg 768w, https:\/\/newsinfoco.com.br\/inicio\/wp-content\/uploads\/2025\/10\/SAVE_20251006_221555-600x104.jpg 600w, https:\/\/newsinfoco.com.br\/inicio\/wp-content\/uploads\/2025\/10\/SAVE_20251006_221555-696x120.jpg 696w, https:\/\/newsinfoco.com.br\/inicio\/wp-content\/uploads\/2025\/10\/SAVE_20251006_221555-1068x185.jpg 1068w\" sizes=\"(max-width: 1140px) 100vw, 1140px\" width=\"1140\" height=\"197\"   \/><\/a><\/div>\n<div class=\"mc-column content-text active-extra-styles \" style=\"text-align: justify;\" data-block-type=\"unstyled\" data-block-weight=\"29\" data-block-id=\"8\">\n<p class=\"content-text__container \" data-track-category=\"Link no Texto\" data-track-links=\"\">Segundo o presidente do clube paraibano, S\u00e9rgio Meira, todos os atletas e comiss\u00e3o t\u00e9cnica j\u00e1 estavam, inclusive, dentro do \u00f4nibus, prontos para dar in\u00edcio ao tr\u00e2mite da viagem.<\/p>\n<\/div>\n<div class=\"mc-column content-text active-extra-styles \" style=\"text-align: justify;\" data-block-type=\"unstyled\" data-block-weight=\"43\" data-block-id=\"9\">\n<p class=\"content-text__container \" data-track-category=\"Link no Texto\" data-track-links=\"\">Pouco mais de uma hora e meia depois de ser notificada pelo Botafogo-PB sobre o imprevisto, a CBF emitiu um parecer oficial confirmando o adiamento do jogo, alegando\u00a0&#8220;motivo de for\u00e7a maior, devido a problema log\u00edstico no voo da delega\u00e7\u00e3o do time visitante&#8221;.<\/p>\n<\/div>\n<div data-track-category=\"multicontent\" data-track-action=\"ultimo chunk conteudo\" data-track-noninteraction=\"false\" data-track-scroll=\"view\">\n<div class=\"mc-column content-text active-extra-styles \" data-block-type=\"unstyled\" data-block-weight=\"55\" data-block-id=\"10\">\n<p class=\"content-text__container \" style=\"text-align: justify;\" data-track-category=\"Link no Texto\" data-track-links=\"\">A nova data para a realiza\u00e7\u00e3o da partida do Belo contra o Atl\u00e9tico-BA \u00e9 12 de fevereiro, quarta-feira da pr\u00f3xima semana. A equipe baiana vai receber os paraibanos no Est\u00e1dio Carneir\u00e3o, em Alagoinhas, \u00e0s 20h30. No confronto &#8211; disputado em partida \u00fanica nesta primeira fase -, os botafoguenses jogam pelo empate para avan\u00e7ar de fase.<\/p>\n<\/div>\n<\/div>\n<\/div>\n<div class='share-to-whatsapp-wrapper'><div class='share-on-whsp'>Share on: <\/div><a data-text='CBF adia jogo entre Atl\u00e9tico de Alagoinhas e Botafogo-PB por conta de problemas no voo do clube paraibano' data-link='https:\/\/newsinfoco.com.br\/inicio\/cbf-adia-jogo-entre-atletico-de-alagoinhas-e-botafogo-pb-por-conta-de-problemas-no-voo-do-clube-paraibano\/' class='whatsapp-button whatsapp-share'>WhatsApp<\/a><div class='clear '><\/div><\/div>","protected":false},"excerpt":{"rendered":"<p>A CBF adiou para a quarta-feira da pr\u00f3xima semana, dia 12, a partida entre\u00a0Atl\u00e9tico-BA\u00a0e\u00a0Botafogo-PB, que se enfrentariam no interior da Bahia pela primeira fase da\u00a0Copa do Brasil\u00a0na noite desta quarta-feira. O adiamento se deu por conta de problemas que a delega\u00e7\u00e3o do time paraibano teve em seu voo. As informa\u00e7\u00f5es preliminares, repassadas pela diretoria botafoguense, [&hellip;]<\/p>\n","protected":false},"author":1,"featured_media":20234,"comment_status":"open","ping_status":"open","sticky":false,"template":"","format":"standard","meta":{"om_disable_all_campaigns":false,"_exactmetrics_skip_tracking":false,"_exactmetrics_sitenote_active":false,"_exactmetrics_sitenote_note":"","_exactmetrics_sitenote_category":0,"footnotes":""},"categories":[38],"tags":[],"class_list":["post-20233","post","type-post","status-publish","format-standard","has-post-thumbnail","hentry","category-alagoinhas-e-regiao"],"aioseo_notices":[],"_links":{"self":[{"href":"https:\/\/newsinfoco.com.br\/inicio\/wp-json\/wp\/v2\/posts\/20233","targetHints":{"allow":["GET"]}}],"collection":[{"href":"https:\/\/newsinfoco.com.br\/inicio\/wp-json\/wp\/v2\/posts"}],"about":[{"href":"https:\/\/newsinfoco.com.br\/inicio\/wp-json\/wp\/v2\/types\/post"}],"author":[{"embeddable":true,"href":"https:\/\/newsinfoco.com.br\/inicio\/wp-json\/wp\/v2\/users\/1"}],"replies":[{"embeddable":true,"href":"https:\/\/newsinfoco.com.br\/inicio\/wp-json\/wp\/v2\/comments?post=20233"}],"version-history":[{"count":0,"href":"https:\/\/newsinfoco.com.br\/inicio\/wp-json\/wp\/v2\/posts\/20233\/revisions"}],"wp:featuredmedia":[{"embeddable":true,"href":"https:\/\/newsinfoco.com.br\/inicio\/wp-json\/wp\/v2\/media\/20234"}],"wp:attachment":[{"href":"https:\/\/newsinfoco.com.br\/inicio\/wp-json\/wp\/v2\/media?parent=20233"}],"wp:term":[{"taxonomy":"category","embeddable":true,"href":"https:\/\/newsinfoco.com.br\/inicio\/wp-json\/wp\/v2\/categories?post=20233"},{"taxonomy":"post_tag","embeddable":true,"href":"https:\/\/newsinfoco.com.br\/inicio\/wp-json\/wp\/v2\/tags?post=20233"}],"curies":[{"name":"wp","href":"https:\/\/api.w.org\/{rel}","templated":true}]}}