{"id":20236,"date":"2020-02-04T18:28:38","date_gmt":"2020-02-04T21:28:38","guid":{"rendered":"http:\/\/newsinfoco.com.br\/?p=20236"},"modified":"2020-02-04T21:07:39","modified_gmt":"2020-02-05T00:07:39","slug":"adriao-barbosa-fala-da-atuacao-do-sindicato-dos-comerciarios-e-confirma-pre-candidatura-a-prefeitura-de-alagoinhas","status":"publish","type":"post","link":"https:\/\/newsinfoco.com.br\/inicio\/adriao-barbosa-fala-da-atuacao-do-sindicato-dos-comerciarios-e-confirma-pre-candidatura-a-prefeitura-de-alagoinhas\/","title":{"rendered":"Adri\u00e3o Barbosa fala da atua\u00e7\u00e3o do sindicato dos Comerci\u00e1rios e confirma pr\u00e9-candidatura \u00e0 prefeitura de Alagoinhas"},"content":{"rendered":"<p style=\"text-align: justify;\">Adri\u00e3o Barbosa, presidente do Sindicato dos Comerci\u00e1rios de Alagoinhas e regi\u00e3o, mostrou no programa Primeira M\u00e3o, nesta ter\u00e7a-feira, 04, seu novo modelo de gest\u00e3o.\u00a0 Adri\u00e3o tem vinculo com a entidade sindical h\u00e1 d\u00e9cadas. Adri\u00e3o n\u00e3o foge daquela velha escrita dos l\u00edderes sindicais que se perpetuam no comando. Por\u00e9m, seu saldo \u00e9 positivo, comparado com outros que s\u00f3 se beneficiaram da perman\u00eancia no comando de seus respectivos sindicatos por longos anos. Ele deixou uma bela sede esportiva e de lazer para os associados, reformou a sede do sindicato e agora est\u00e1 construindo uma nova. Adri\u00e3o tamb\u00e9m tem o m\u00e9rito de se adaptar \u00e0s novas tecnologias. Por meio de um aplicativo, o associado, hoje, consegue acessar eletronicamente servi\u00e7os do sindicato e, se vinculado ao Clube dos Comerci\u00e1rios, obt\u00e9m desconto em postos de gasolina, restaurantes e outros estabelecimentos.<\/p>\n<p style=\"text-align: justify;\">O per\u00edodo atual sob o governo Bolsonaro foi avaliado por Adri\u00e3o como dif\u00edcil para os sindicatos, em fun\u00e7\u00e3o da extin\u00e7\u00e3o da obrigatoriedade do imposto sindical e da nova Legisla\u00e7\u00e3o Trabalhista, aprovada ainda no governo Temer. Adri\u00e3o diz que existem sindicatos funcionando precariamente sem condi\u00e7\u00f5es de atender as necessidades dos trabalhadores. Mas tamb\u00e9m \u00e9 verdade que muitos n\u00e3o faziam nada, eram improdutivos, mesmo recebendo a contribui\u00e7\u00e3o sindical. Os rumores de corrup\u00e7\u00e3o no setor eram fortes e v\u00e1rios n\u00e3o apresentavam a transpar\u00eancia necess\u00e1ria. Havia tamb\u00e9m suspeita de que sindicatos ligados \u00e0s Centrais Sindicais patrocinavam campanhas pol\u00edticas. Os sindicatos, para sobreviverem, est\u00e3o tendo que se reinventar. Os maus sindicatos faliram. Mas este n\u00e3o parece ser o caso do Sindicato dos Com\u00e9rcios de Alagoinhas, que apesar dos efeitos da reforma, tem buscado aumentar o n\u00famero de servi\u00e7os ofertados a seus associados.<\/p><div class=\"newsi-conteudo_19\" id=\"newsi-1385658987\"><a href=\"https:\/\/www.instagram.com\/prefeituraalagoinhas?igsh=YzgzdDJ1bWR3aWI4\" aria-label=\"SAVE_20251006_221555\"><img loading=\"lazy\" decoding=\"async\" src=\"https:\/\/newsinfoco.com.br\/inicio\/wp-content\/uploads\/2025\/10\/SAVE_20251006_221555-rotated.jpg\" alt=\"\"  srcset=\"https:\/\/newsinfoco.com.br\/inicio\/wp-content\/uploads\/2025\/10\/SAVE_20251006_221555-rotated.jpg 1140w, https:\/\/newsinfoco.com.br\/inicio\/wp-content\/uploads\/2025\/10\/SAVE_20251006_221555-300x52.jpg 300w, https:\/\/newsinfoco.com.br\/inicio\/wp-content\/uploads\/2025\/10\/SAVE_20251006_221555-1024x177.jpg 1024w, https:\/\/newsinfoco.com.br\/inicio\/wp-content\/uploads\/2025\/10\/SAVE_20251006_221555-768x133.jpg 768w, https:\/\/newsinfoco.com.br\/inicio\/wp-content\/uploads\/2025\/10\/SAVE_20251006_221555-600x104.jpg 600w, https:\/\/newsinfoco.com.br\/inicio\/wp-content\/uploads\/2025\/10\/SAVE_20251006_221555-696x120.jpg 696w, https:\/\/newsinfoco.com.br\/inicio\/wp-content\/uploads\/2025\/10\/SAVE_20251006_221555-1068x185.jpg 1068w\" sizes=\"(max-width: 1140px) 100vw, 1140px\" width=\"1140\" height=\"197\"   \/><\/a><\/div>\n<p style=\"text-align: justify;\">No acordo coletivo de 2019\/2020, as negocia\u00e7\u00f5es foram favor\u00e1veis com rela\u00e7\u00e3o ao trabalho nos domingos e feriados. Ficou estabelecido, em lei municipal que o comerci\u00e1rio receber\u00e1 100% de hora extra e reposi\u00e7\u00e3o da folga no meio da semana. Algo comemorado por Adri\u00e3o.<\/p>\n<p style=\"text-align: justify;\">\u00c9 pena que o com\u00e9rcio de Alagoinhas seja fonte de tantas cr\u00edticas por parte da popula\u00e7\u00e3o, seja pela apar\u00eancia das lojas, muitas com pinturas desgastadas, que fazem do setor um espa\u00e7o urbano com baixo atrativo est\u00e9tico, seja tamb\u00e9m pela qualidade do atendimento, fruto da falta de incentivo e capacita\u00e7\u00e3o por parte dos patr\u00f5es. O ambiente de trabalho tamb\u00e9m muitas vezes \u00e9 ruim, lojas quentes com instala\u00e7\u00f5es sanit\u00e1rias prec\u00e1rias, funcion\u00e1rios que precisam subir escadas v\u00e1rias vezes ao dia. Algo presente inclusive em grandes lojas de departamento. Algo vergonhoso. Se o com\u00e9rcio funciona bem, a vida dos comerci\u00e1rios, seus sal\u00e1rios, come\u00e7am a melhorar.<\/p>\n<p style=\"text-align: justify;\">Por \u00faltimo, Adri\u00e3o Barbosa confirmou sua pr\u00e9-candidatura a prefeitura de Alagoinhas pelo partido REDE, que na \u00faltima elei\u00e7\u00e3o lan\u00e7ou o nome de Radiovaldo Costa na disputa, hoje filiado ao PT.<\/p>\n<p style=\"text-align: justify;\">Veja a entrevista concedida por Adri\u00e3o Barbosa ao programa Primeira M\u00e3o:<\/p>\n<p><iframe loading=\"lazy\" title=\"Adri\u00e3o Barbosa confirma pr\u00e9 candidatura a Prefeitura de Alagoinhas\" width=\"696\" height=\"392\" src=\"https:\/\/www.youtube.com\/embed\/-jDLFyM0buY?start=1&#038;feature=oembed\" frameborder=\"0\" allow=\"accelerometer; autoplay; encrypted-media; gyroscope; picture-in-picture\" allowfullscreen><\/iframe><\/p>\n<p style=\"text-align: right;\">Por Paulo Dias com a colabora\u00e7\u00e3o de Caio Pimenta para o News Infoco<\/p>\n<div class='share-to-whatsapp-wrapper'><div class='share-on-whsp'>Share on: <\/div><a data-text='Adri\u00e3o Barbosa fala da atua\u00e7\u00e3o do sindicato dos Comerci\u00e1rios e confirma pr\u00e9-candidatura \u00e0 prefeitura de Alagoinhas' data-link='https:\/\/newsinfoco.com.br\/inicio\/adriao-barbosa-fala-da-atuacao-do-sindicato-dos-comerciarios-e-confirma-pre-candidatura-a-prefeitura-de-alagoinhas\/' class='whatsapp-button whatsapp-share'>WhatsApp<\/a><div class='clear '><\/div><\/div>","protected":false},"excerpt":{"rendered":"<p>Adri\u00e3o Barbosa, presidente do Sindicato dos Comerci\u00e1rios de Alagoinhas e regi\u00e3o, mostrou no programa Primeira M\u00e3o, nesta ter\u00e7a-feira, 04, seu novo modelo de gest\u00e3o.\u00a0 Adri\u00e3o tem vinculo com a entidade sindical h\u00e1 d\u00e9cadas. Adri\u00e3o n\u00e3o foge daquela velha escrita dos l\u00edderes sindicais que se perpetuam no comando. Por\u00e9m, seu saldo \u00e9 positivo, comparado com outros [&hellip;]<\/p>\n","protected":false},"author":1,"featured_media":20237,"comment_status":"open","ping_status":"open","sticky":false,"template":"","format":"standard","meta":{"om_disable_all_campaigns":false,"_exactmetrics_skip_tracking":false,"_exactmetrics_sitenote_active":false,"_exactmetrics_sitenote_note":"","_exactmetrics_sitenote_category":0,"footnotes":""},"categories":[167],"tags":[],"class_list":["post-20236","post","type-post","status-publish","format-standard","has-post-thumbnail","hentry","category-exclusivas"],"aioseo_notices":[],"_links":{"self":[{"href":"https:\/\/newsinfoco.com.br\/inicio\/wp-json\/wp\/v2\/posts\/20236","targetHints":{"allow":["GET"]}}],"collection":[{"href":"https:\/\/newsinfoco.com.br\/inicio\/wp-json\/wp\/v2\/posts"}],"about":[{"href":"https:\/\/newsinfoco.com.br\/inicio\/wp-json\/wp\/v2\/types\/post"}],"author":[{"embeddable":true,"href":"https:\/\/newsinfoco.com.br\/inicio\/wp-json\/wp\/v2\/users\/1"}],"replies":[{"embeddable":true,"href":"https:\/\/newsinfoco.com.br\/inicio\/wp-json\/wp\/v2\/comments?post=20236"}],"version-history":[{"count":0,"href":"https:\/\/newsinfoco.com.br\/inicio\/wp-json\/wp\/v2\/posts\/20236\/revisions"}],"wp:featuredmedia":[{"embeddable":true,"href":"https:\/\/newsinfoco.com.br\/inicio\/wp-json\/wp\/v2\/media\/20237"}],"wp:attachment":[{"href":"https:\/\/newsinfoco.com.br\/inicio\/wp-json\/wp\/v2\/media?parent=20236"}],"wp:term":[{"taxonomy":"category","embeddable":true,"href":"https:\/\/newsinfoco.com.br\/inicio\/wp-json\/wp\/v2\/categories?post=20236"},{"taxonomy":"post_tag","embeddable":true,"href":"https:\/\/newsinfoco.com.br\/inicio\/wp-json\/wp\/v2\/tags?post=20236"}],"curies":[{"name":"wp","href":"https:\/\/api.w.org\/{rel}","templated":true}]}}