{"id":20242,"date":"2020-02-05T20:48:47","date_gmt":"2020-02-05T23:48:47","guid":{"rendered":"http:\/\/newsinfoco.com.br\/?p=20242"},"modified":"2020-02-06T16:40:08","modified_gmt":"2020-02-06T19:40:08","slug":"thor-de-ninha-assume-lideranca-da-oposicao-com-a-promessa-de-investigar-a-fundo-obras-da-caf-em-alagoinhas","status":"publish","type":"post","link":"https:\/\/newsinfoco.com.br\/inicio\/thor-de-ninha-assume-lideranca-da-oposicao-com-a-promessa-de-investigar-a-fundo-obras-da-caf-em-alagoinhas\/","title":{"rendered":"Thor de Ninha assume lideran\u00e7a da oposi\u00e7\u00e3o com a promessa de investigar a fundo obras da CAF em Alagoinhas"},"content":{"rendered":"<p style=\"text-align: justify;\">Os trabalhos na C\u00e2mara de Vereadores, que recome\u00e7aram ontem, 04, contou com novidades na bancada de oposi\u00e7\u00e3o. Com sete membros, eles contam com um novo l\u00edder, Thor de Ninha do PT. Ele esteve no programa Primeira M\u00e3o, nesta ter\u00e7a-feira,04, junto com seu antecessor, Caio Ramos e o ativo oposicionista Luciano Almeida, para falar das expectativas para o novo ano e das realiza\u00e7\u00f5es, at\u00e9 ent\u00e3o, do grupo contr\u00e1rio ao governo municipal no legislativo. Al\u00e9m deles, completam a bancada oposicionista os vereadores Anderson Baqueiro, Luciano S\u00e9rgio, Jo\u00e3o Henrique Paolilo e Darlan Lucena.<\/p>\n<p style=\"text-align: justify;\">Na entrevista n\u00e3o faltaram cr\u00edticas para o Governo Municipal. Para os oposicionistas, o governo de Joaquim Neto n\u00e3o necessita de dinheiro, mas de gest\u00e3o. O novo l\u00edder disse que o prefeito planeja e executa mal os projetos e controla mal a qualidade das interven\u00e7\u00f5es p\u00fablicas. Por isso \u00e9 o pol\u00edtico com maior desgaste e com elevado \u00edndice de rejei\u00e7\u00e3o da hist\u00f3ria recente da cidade.<\/p><div class=\"newsi-conteudo_19\" id=\"newsi-3864973494\"><a href=\"https:\/\/www.instagram.com\/prefeituraalagoinhas?igsh=YzgzdDJ1bWR3aWI4\" aria-label=\"SAVE_20251006_221555\"><img loading=\"lazy\" decoding=\"async\" src=\"https:\/\/newsinfoco.com.br\/inicio\/wp-content\/uploads\/2025\/10\/SAVE_20251006_221555-rotated.jpg\" alt=\"\"  srcset=\"https:\/\/newsinfoco.com.br\/inicio\/wp-content\/uploads\/2025\/10\/SAVE_20251006_221555-rotated.jpg 1140w, https:\/\/newsinfoco.com.br\/inicio\/wp-content\/uploads\/2025\/10\/SAVE_20251006_221555-300x52.jpg 300w, https:\/\/newsinfoco.com.br\/inicio\/wp-content\/uploads\/2025\/10\/SAVE_20251006_221555-1024x177.jpg 1024w, https:\/\/newsinfoco.com.br\/inicio\/wp-content\/uploads\/2025\/10\/SAVE_20251006_221555-768x133.jpg 768w, https:\/\/newsinfoco.com.br\/inicio\/wp-content\/uploads\/2025\/10\/SAVE_20251006_221555-600x104.jpg 600w, https:\/\/newsinfoco.com.br\/inicio\/wp-content\/uploads\/2025\/10\/SAVE_20251006_221555-696x120.jpg 696w, https:\/\/newsinfoco.com.br\/inicio\/wp-content\/uploads\/2025\/10\/SAVE_20251006_221555-1068x185.jpg 1068w\" sizes=\"(max-width: 1140px) 100vw, 1140px\" width=\"1140\" height=\"197\"   \/><\/a><\/div>\n<p style=\"text-align: justify;\">A principal meta do grupo para esse ano \u00e9 solicitar uma miss\u00e3o do Banco Interamericano de Desenvolvimento \u2013 CAF &#8211; na cidade para dar conta das obras do empr\u00e9stimo contra\u00eddo pela Prefeitura de Alagoinhas, j\u00e1 que o executivo n\u00e3o fornece os dados solicitados pelo legislativo. Existe uma cortina de sil\u00eancio e de desinforma\u00e7\u00e3o, com a prefeitura misturando realiza\u00e7\u00f5es do empr\u00e9stimo com outras de recursos pr\u00f3prios, querendo se passar a impress\u00e3o de que o atual governo faz mais com os mesmos recursos que seus antecessores, passando uma falsa ilus\u00e3o de efici\u00eancia.<\/p>\n<p style=\"text-align: justify;\">Sob o comando de Caio Ramos, a bancada de oposi\u00e7\u00e3o fez graves den\u00fancias ao Minist\u00e9rio P\u00fablico que estranhamente n\u00e3o as acolheu. Apenas uma, a relacionada a cess\u00e3o do Bob\u2019s na pra\u00e7a Rui Barbosa foi acatada e segue sob investiga\u00e7\u00e3o, ou seja, algo de irregular pode ter ocorrido em benef\u00edcio da empresa privada, em detrimento do contribuinte. Outra a\u00e7\u00e3o acatada pelo MP diz respeito \u00e0s irregularidades no concurso p\u00fablico, negadas pela gest\u00e3o, mas finalmente identificadas pelo \u00f3rg\u00e3o do judici\u00e1rio.<\/p>\n<p style=\"text-align: justify;\">No entanto, o Minist\u00e9rio P\u00fablico Municipal n\u00e3o encontrou m\u00e1 gest\u00e3o de recursos no pagamento indevido \u00e0 empresa terceirizada pela Secretaria de Sa\u00fade, nem com rela\u00e7\u00e3o aos crit\u00e9rios adotados pela Zona Azul, que prejudicam o interesse p\u00fablico. No final do ano os opositores fizeram um bolo comemorativo da promessa prefeito de implantar o hospital maternidade. Misteriosamente, dias depois Otto Alencar emplacou uma emenda parlamentar, salvando a pele de Joaquim. O Hospital do C\u00e2ncer foi prometido para mar\u00e7o desse ano, mas ainda n\u00e3o saiu do papel.<\/p>\n<p style=\"text-align: justify;\">Agora com Thor de Ninha no comando, o grupo est\u00e1 de olho na UPA de Santa Terezinha que o prefeito prometeu inaugurar no final do ano passado e at\u00e9 agora nada. Quanto mais tempo fechada melhor para a Prefeitura que n\u00e3o precisa se preocupar com o seu custeio. Pior para a popula\u00e7\u00e3o, que continua desassistida. O vereador Luciano Almeida disse que o governo quer operacionalizar a unidade como se fosse um mero posto m\u00e9dico.<\/p>\n<p style=\"text-align: justify;\">Quando o assunto passou a ser moralidade p\u00fablica, os entrevistados revelaram contradi\u00e7\u00f5es, inclusive apontadas por v\u00e1rios ouvintes. Um ouvinte pediu a opini\u00e3o dos vereadores e do \u00e2ncora do programa, Caio Pimenta, sobre as chances do pr\u00e9-candidato a prefeito Paulo Cezar ser condenado na Justi\u00e7a no seu suposto envolvimento com o esquema fraudulento nos contratos do transporte escolar. Na condu\u00e7\u00e3o do programa, Caio Pimenta afirmou que, de acordo com as senten\u00e7as j\u00e1 proferidas, condenando alguns implicados, Paulo Cezar tem grandes chances de ser culpabilizado pela corrup\u00e7\u00e3o em seu governo. Luciano\u00a0 Almeida e Caio Ramos, seguidor fiel de PC, acham que se ter\u00e1 de esperar a decis\u00e3o da justi\u00e7a para se afirmar se o ex-prefeito \u00e9 ou n\u00e3o corrupto. Luciano Almeida, preside o DEM local, que negocia uma alian\u00e7a com PC para as pr\u00f3ximas elei\u00e7\u00f5es. J\u00e1 o novo l\u00edder da oposi\u00e7\u00e3o, Thor de Ninha, acha que PC \u00e9 culpado, mas considera ao mesmo tempo Lula inocente, prova disso s\u00e3o, para ele, as mensagens roubadas publicadas pelo Intercept, cujo jornalista gringo est\u00e1 sendo acusado de colaborar com a quadrilha que fez os grampos. Detalhe, os grampos n\u00e3o provam nada, apenas que pessoas que se conhecem conversam sobre trabalho, como em todo lugar do mundo. O PT est\u00e1 perdido quando o assunto \u00e9 Lava Jato, tentam criar uma realidade paralela \u00e0 realidade do senso comum e do bom senso.<\/p>\n<p>Acompanhe a entrevista da bancada de oposi\u00e7\u00e3o no programa Primeira M\u00e3o:<\/p>\n<p><iframe loading=\"lazy\" title=\"Bancada de oposi\u00e7\u00e3o na C\u00e2mara de Alagoinhas fala no Primeira M\u00e3o\" width=\"696\" height=\"392\" src=\"https:\/\/www.youtube.com\/embed\/GRJ9RJ5hICA?feature=oembed\" frameborder=\"0\" allow=\"accelerometer; autoplay; encrypted-media; gyroscope; picture-in-picture\" allowfullscreen><\/iframe><\/p>\n<p style=\"text-align: right;\">Por Paulo Dias para o News Infoco<\/p>\n<div class='share-to-whatsapp-wrapper'><div class='share-on-whsp'>Share on: <\/div><a data-text='Thor de Ninha assume lideran\u00e7a da oposi\u00e7\u00e3o com a promessa de investigar a fundo obras da CAF em Alagoinhas' data-link='https:\/\/newsinfoco.com.br\/inicio\/thor-de-ninha-assume-lideranca-da-oposicao-com-a-promessa-de-investigar-a-fundo-obras-da-caf-em-alagoinhas\/' class='whatsapp-button whatsapp-share'>WhatsApp<\/a><div class='clear '><\/div><\/div>","protected":false},"excerpt":{"rendered":"<p>Os trabalhos na C\u00e2mara de Vereadores, que recome\u00e7aram ontem, 04, contou com novidades na bancada de oposi\u00e7\u00e3o. Com sete membros, eles contam com um novo l\u00edder, Thor de Ninha do PT. Ele esteve no programa Primeira M\u00e3o, nesta ter\u00e7a-feira,04, junto com seu antecessor, Caio Ramos e o ativo oposicionista Luciano Almeida, para falar das expectativas [&hellip;]<\/p>\n","protected":false},"author":1,"featured_media":5367,"comment_status":"open","ping_status":"open","sticky":false,"template":"","format":"standard","meta":{"om_disable_all_campaigns":false,"_exactmetrics_skip_tracking":false,"_exactmetrics_sitenote_active":false,"_exactmetrics_sitenote_note":"","_exactmetrics_sitenote_category":0,"footnotes":""},"categories":[167],"tags":[],"class_list":["post-20242","post","type-post","status-publish","format-standard","has-post-thumbnail","hentry","category-exclusivas"],"aioseo_notices":[],"_links":{"self":[{"href":"https:\/\/newsinfoco.com.br\/inicio\/wp-json\/wp\/v2\/posts\/20242","targetHints":{"allow":["GET"]}}],"collection":[{"href":"https:\/\/newsinfoco.com.br\/inicio\/wp-json\/wp\/v2\/posts"}],"about":[{"href":"https:\/\/newsinfoco.com.br\/inicio\/wp-json\/wp\/v2\/types\/post"}],"author":[{"embeddable":true,"href":"https:\/\/newsinfoco.com.br\/inicio\/wp-json\/wp\/v2\/users\/1"}],"replies":[{"embeddable":true,"href":"https:\/\/newsinfoco.com.br\/inicio\/wp-json\/wp\/v2\/comments?post=20242"}],"version-history":[{"count":0,"href":"https:\/\/newsinfoco.com.br\/inicio\/wp-json\/wp\/v2\/posts\/20242\/revisions"}],"wp:featuredmedia":[{"embeddable":true,"href":"https:\/\/newsinfoco.com.br\/inicio\/wp-json\/wp\/v2\/media\/5367"}],"wp:attachment":[{"href":"https:\/\/newsinfoco.com.br\/inicio\/wp-json\/wp\/v2\/media?parent=20242"}],"wp:term":[{"taxonomy":"category","embeddable":true,"href":"https:\/\/newsinfoco.com.br\/inicio\/wp-json\/wp\/v2\/categories?post=20242"},{"taxonomy":"post_tag","embeddable":true,"href":"https:\/\/newsinfoco.com.br\/inicio\/wp-json\/wp\/v2\/tags?post=20242"}],"curies":[{"name":"wp","href":"https:\/\/api.w.org\/{rel}","templated":true}]}}