{"id":20244,"date":"2020-02-05T21:11:15","date_gmt":"2020-02-06T00:11:15","guid":{"rendered":"http:\/\/newsinfoco.com.br\/?p=20244"},"modified":"2020-02-05T22:37:58","modified_gmt":"2020-02-06T01:37:58","slug":"ozeas-menezes-desmente-boatos-sobre-exoneracao-de-assessor-do-avante","status":"publish","type":"post","link":"https:\/\/newsinfoco.com.br\/inicio\/ozeas-menezes-desmente-boatos-sobre-exoneracao-de-assessor-do-avante\/","title":{"rendered":"Ozeas Menezes desmente boatos sobre exonera\u00e7\u00e3o de assessor do Avante"},"content":{"rendered":"<p style=\"text-align: justify;\">A not\u00edcia de que o assessor parlamentar do Avante, M\u00e1rio Souza, teria sofrido retalia\u00e7\u00e3o por manter sua pr\u00e9-candidatura a vereador foi esclarecida por uma das lideran\u00e7as do partido local, o vereador Ozeas Menezes, no programa Primeira M\u00e3o nesta ter\u00e7a-feira, 04. Segundo os boatos, M\u00e1rio Souza estaria sendo perseguido por ter contrariado decis\u00e3o de candidatura \u00fanica do grupo liderado por Ozeas dentro do partido, destinada, no caso, \u00e0 sua filha, Luma Menezes.<\/p>\n<p style=\"text-align: justify;\">O vereador desmentiu as especula\u00e7\u00f5es, pontuando que a sigla ter\u00e1 v\u00e1rios candidatos a vereador e que M\u00e1rio Souza ser\u00e1 um deles. No entanto, o grupo pol\u00edtico de Ozeas Menezes, pr\u00e9-candidato a prefeito, esse sim, ter\u00e1 apenas um de seus membros concorrendo a uma das vagas da C\u00e2mara de Vereadores e que esse nome foi escolhido democraticamente em vota\u00e7\u00e3o. Na ocasi\u00e3o, Mario Souza e Luma disputaram a prefer\u00eancia do grupo, resultando na escolha dela. Esta vota\u00e7\u00e3o inclusive foi registrada ata, informa o vereador.<\/p><div class=\"newsi-conteudo_19\" id=\"newsi-2145771785\"><a href=\"https:\/\/www.instagram.com\/prefeituraalagoinhas?igsh=YzgzdDJ1bWR3aWI4\" aria-label=\"SAVE_20251006_221555\"><img loading=\"lazy\" decoding=\"async\" src=\"https:\/\/newsinfoco.com.br\/inicio\/wp-content\/uploads\/2025\/10\/SAVE_20251006_221555-rotated.jpg\" alt=\"\"  srcset=\"https:\/\/newsinfoco.com.br\/inicio\/wp-content\/uploads\/2025\/10\/SAVE_20251006_221555-rotated.jpg 1140w, https:\/\/newsinfoco.com.br\/inicio\/wp-content\/uploads\/2025\/10\/SAVE_20251006_221555-300x52.jpg 300w, https:\/\/newsinfoco.com.br\/inicio\/wp-content\/uploads\/2025\/10\/SAVE_20251006_221555-1024x177.jpg 1024w, https:\/\/newsinfoco.com.br\/inicio\/wp-content\/uploads\/2025\/10\/SAVE_20251006_221555-768x133.jpg 768w, https:\/\/newsinfoco.com.br\/inicio\/wp-content\/uploads\/2025\/10\/SAVE_20251006_221555-600x104.jpg 600w, https:\/\/newsinfoco.com.br\/inicio\/wp-content\/uploads\/2025\/10\/SAVE_20251006_221555-696x120.jpg 696w, https:\/\/newsinfoco.com.br\/inicio\/wp-content\/uploads\/2025\/10\/SAVE_20251006_221555-1068x185.jpg 1068w\" sizes=\"(max-width: 1140px) 100vw, 1140px\" width=\"1140\" height=\"197\"   \/><\/a><\/div>\n<p style=\"text-align: justify;\">M\u00e1rio deixou a assessoria do pastor Isid\u00f3rio, pois esta pertence ao grupo do vereador e n\u00e3o ao partido Avante, por um acordo pr\u00e9vio. Agora M\u00e1rio segue sua trajet\u00f3ria como pr\u00e9-candidato, formando seu pr\u00f3prio grupo, como v\u00e1rios ir\u00e3o fazer. S\u00f3 resta saber se o partido tem a predisposi\u00e7\u00e3o de lan\u00e7ar quantos nomes apare\u00e7am ou se limitar\u00e1 a um grupo pequeno de op\u00e7\u00f5es. Para o eleitor de um modo geral, j\u00e1 que o partido ter\u00e1 provavelmente candidato a prefeito, resta saber que tamanho tem o grupo de Ozeas dentro do Avante e at\u00e9 que ponto o grupo do vereador n\u00e3o forma uma maioria absoluta na sigla a ponto de inviabilizar outras candidaturas a vereador.<\/p>\n<p style=\"text-align: justify;\">O certo \u00e9 que Ozeas tem a coragem de criar um projeto pol\u00edtico para a cidade, n\u00e3o acompanhando a vis\u00e3o imediatista predominante. Luma Menezes representa muito dessa mudan\u00e7a de comportamento, pois talvez seja a candidata mais preparada para disputar a vaga de vereador(a), nas pr\u00f3ximas elei\u00e7\u00f5es, por ser formada em Administra\u00e7\u00e3o por uma universidade federal, ter curso de especializa\u00e7\u00e3o em gest\u00e3o p\u00fablica, ter feito interc\u00e2mbio no exterior e estar ligada a movimentos como o Renova Brasil e o Politize. Resultado de sua trajet\u00f3ria, Luma estar\u00e1 trazendo uma embaixada do Politize para a cidade este ano.<\/p>\n<p style=\"text-align: justify;\">Ozeas percebe que todo o falat\u00f3rio negativo s\u00f3 vem a somar para a forma\u00e7\u00e3o da filha, no sentido do seu amadurecimento pol\u00edtico. Ozeas aproveitou para refor\u00e7ar o convite para a Caminhada da Paz, que acontece no pr\u00f3ximo s\u00e1bado, dia 08, com sa\u00edda do F\u00f3rum Ezequiel Pond\u00e9 at\u00e9 o fim do bairro de Santa Terezinha, com a participa\u00e7\u00e3o de artistas gospel e do deputado pastor Isid\u00f3rio. O evento visa o combate ao uso de drogas e o fortalecimento da fam\u00edlia.<\/p>\n<p><iframe loading=\"lazy\" title=\"Ozeas Menezes fala sobre pol\u00eamica sa\u00edda de assessor de seu grupo politico\" width=\"696\" height=\"392\" src=\"https:\/\/www.youtube.com\/embed\/raNNCn91cHs?feature=oembed\" frameborder=\"0\" allow=\"accelerometer; autoplay; encrypted-media; gyroscope; picture-in-picture\" allowfullscreen><\/iframe><\/p>\n<p>&nbsp;<\/p>\n<p style=\"text-align: right;\">Por Paulo Dias para o News Infoco<\/p>\n<p>&nbsp;<\/p>\n<div class='share-to-whatsapp-wrapper'><div class='share-on-whsp'>Share on: <\/div><a data-text='Ozeas Menezes desmente boatos sobre exonera\u00e7\u00e3o de assessor do Avante' data-link='https:\/\/newsinfoco.com.br\/inicio\/ozeas-menezes-desmente-boatos-sobre-exoneracao-de-assessor-do-avante\/' class='whatsapp-button whatsapp-share'>WhatsApp<\/a><div class='clear '><\/div><\/div>","protected":false},"excerpt":{"rendered":"<p>A not\u00edcia de que o assessor parlamentar do Avante, M\u00e1rio Souza, teria sofrido retalia\u00e7\u00e3o por manter sua pr\u00e9-candidatura a vereador foi esclarecida por uma das lideran\u00e7as do partido local, o vereador Ozeas Menezes, no programa Primeira M\u00e3o nesta ter\u00e7a-feira, 04. Segundo os boatos, M\u00e1rio Souza estaria sendo perseguido por ter contrariado decis\u00e3o de candidatura \u00fanica [&hellip;]<\/p>\n","protected":false},"author":1,"featured_media":19245,"comment_status":"open","ping_status":"open","sticky":false,"template":"","format":"standard","meta":{"om_disable_all_campaigns":false,"_exactmetrics_skip_tracking":false,"_exactmetrics_sitenote_active":false,"_exactmetrics_sitenote_note":"","_exactmetrics_sitenote_category":0,"footnotes":""},"categories":[167],"tags":[],"class_list":["post-20244","post","type-post","status-publish","format-standard","has-post-thumbnail","hentry","category-exclusivas"],"aioseo_notices":[],"_links":{"self":[{"href":"https:\/\/newsinfoco.com.br\/inicio\/wp-json\/wp\/v2\/posts\/20244","targetHints":{"allow":["GET"]}}],"collection":[{"href":"https:\/\/newsinfoco.com.br\/inicio\/wp-json\/wp\/v2\/posts"}],"about":[{"href":"https:\/\/newsinfoco.com.br\/inicio\/wp-json\/wp\/v2\/types\/post"}],"author":[{"embeddable":true,"href":"https:\/\/newsinfoco.com.br\/inicio\/wp-json\/wp\/v2\/users\/1"}],"replies":[{"embeddable":true,"href":"https:\/\/newsinfoco.com.br\/inicio\/wp-json\/wp\/v2\/comments?post=20244"}],"version-history":[{"count":0,"href":"https:\/\/newsinfoco.com.br\/inicio\/wp-json\/wp\/v2\/posts\/20244\/revisions"}],"wp:featuredmedia":[{"embeddable":true,"href":"https:\/\/newsinfoco.com.br\/inicio\/wp-json\/wp\/v2\/media\/19245"}],"wp:attachment":[{"href":"https:\/\/newsinfoco.com.br\/inicio\/wp-json\/wp\/v2\/media?parent=20244"}],"wp:term":[{"taxonomy":"category","embeddable":true,"href":"https:\/\/newsinfoco.com.br\/inicio\/wp-json\/wp\/v2\/categories?post=20244"},{"taxonomy":"post_tag","embeddable":true,"href":"https:\/\/newsinfoco.com.br\/inicio\/wp-json\/wp\/v2\/tags?post=20244"}],"curies":[{"name":"wp","href":"https:\/\/api.w.org\/{rel}","templated":true}]}}