{"id":20250,"date":"2020-02-06T16:27:29","date_gmt":"2020-02-06T19:27:29","guid":{"rendered":"http:\/\/newsinfoco.com.br\/?p=20250"},"modified":"2020-02-06T16:27:29","modified_gmt":"2020-02-06T19:27:29","slug":"vice-presidente-da-uama-acusa-governo-joaquim-neto-de-descumprir-tac-firmado-com-mp-para-implantacao-da-coleta-seletiva-no-municipio","status":"publish","type":"post","link":"https:\/\/newsinfoco.com.br\/inicio\/vice-presidente-da-uama-acusa-governo-joaquim-neto-de-descumprir-tac-firmado-com-mp-para-implantacao-da-coleta-seletiva-no-municipio\/","title":{"rendered":"Vice-presidente da UAMA acusa governo Joaquim Neto de descumprir TAC firmado com MP para implanta\u00e7\u00e3o da coleta seletiva no munic\u00edpio"},"content":{"rendered":"<p style=\"text-align: justify;\">Por ser, ao mesmo tempo, presidente da Associa\u00e7\u00e3o dos Diab\u00e9ticos de Alagoinhas, presidente do Conselho Municipal de Inclus\u00e3o Digital(CEMID) e vice-presidente da Uni\u00e3o das Associa\u00e7\u00f5es de Moradores de Alagoinhas(UAMA), Jos\u00e9 Santana levantou discuss\u00f5es importantes sobre as v\u00e1rias \u00e1reas de atua\u00e7\u00e3o que est\u00e1 envolvido no programa Primeira M\u00e3o, desta quarta-feira, 05. Sobre a destina\u00e7\u00e3o adequada dos res\u00edduos s\u00f3lidos, ele informou que a separa\u00e7\u00e3o seletiva para posterior reaproveitamento de materiais, reciclagem, ainda n\u00e3o foi implantada no munic\u00edpio, apesar de fazer parte de um Termo de Ajuste de Conduta &#8211; TAC, firmado com o Minist\u00e9rio P\u00fablico Municipal pela Prefeitura.<\/p>\n<p style=\"text-align: justify;\">A gest\u00e3o municipal tem a obriga\u00e7\u00e3o de implantar esse modelo ecologicamente sustent\u00e1vel. Para cobrar a\u00e7\u00f5es do poder p\u00fablico nesse sentido, o conselho se reunir\u00e1 na sede da Associa\u00e7\u00e3o do Moradores do Bairro do Teres\u00f3polis, no dia 14 desse m\u00eas. Para o encontro, est\u00e3o convidadas as secretarias de Servi\u00e7os P\u00fablicos, de Administra\u00e7\u00e3o e a Procuradoria Jur\u00eddica. Essas cobran\u00e7as ainda se apoiam na Pol\u00edtica Nacional Res\u00edduos S\u00f3lidos (Lei 12305\/10).<\/p><div class=\"newsi-conteudo_19\" id=\"newsi-694613762\"><a href=\"https:\/\/www.instagram.com\/prefeituraalagoinhas?igsh=YzgzdDJ1bWR3aWI4\" aria-label=\"SAVE_20251006_221555\"><img loading=\"lazy\" decoding=\"async\" src=\"https:\/\/newsinfoco.com.br\/inicio\/wp-content\/uploads\/2025\/10\/SAVE_20251006_221555-rotated.jpg\" alt=\"\"  srcset=\"https:\/\/newsinfoco.com.br\/inicio\/wp-content\/uploads\/2025\/10\/SAVE_20251006_221555-rotated.jpg 1140w, https:\/\/newsinfoco.com.br\/inicio\/wp-content\/uploads\/2025\/10\/SAVE_20251006_221555-300x52.jpg 300w, https:\/\/newsinfoco.com.br\/inicio\/wp-content\/uploads\/2025\/10\/SAVE_20251006_221555-1024x177.jpg 1024w, https:\/\/newsinfoco.com.br\/inicio\/wp-content\/uploads\/2025\/10\/SAVE_20251006_221555-768x133.jpg 768w, https:\/\/newsinfoco.com.br\/inicio\/wp-content\/uploads\/2025\/10\/SAVE_20251006_221555-600x104.jpg 600w, https:\/\/newsinfoco.com.br\/inicio\/wp-content\/uploads\/2025\/10\/SAVE_20251006_221555-696x120.jpg 696w, https:\/\/newsinfoco.com.br\/inicio\/wp-content\/uploads\/2025\/10\/SAVE_20251006_221555-1068x185.jpg 1068w\" sizes=\"(max-width: 1140px) 100vw, 1140px\" width=\"1140\" height=\"197\"   \/><\/a><\/div>\n<p style=\"text-align: justify;\">Segundo Santana, que tamb\u00e9m \u00e9 vice-presidente da Uni\u00e3o das Associa\u00e7\u00e3o de Moradores de Alagoinhas- UAMA &#8211; o prazo dado de dois anos para o cumprimento do TAC j\u00e1 se esgotou, o acordo foi firmado em 28 novembro 2017. Ao inv\u00e9s de cumprir a lei, a prefeitura firmou um contrato de 3 anos com uma empresa de coleta, transporte e deposi\u00e7\u00e3o de res\u00edduos s\u00f3lidos(lixo) no valor de R$ 72 milh\u00f5es. Se tivesse atendido as determina\u00e7\u00f5es do TAC, poderia, segundo Santana, ter reduzido esse custo elevado, fortalecido as cooperativas de catadores, gerando centenas de empregos diretos e milhares de indiretos e feito com que esses milh\u00f5es em recursos p\u00fablicos ficassem no pr\u00f3prio munic\u00edpio, com um impacto positivo incalcul\u00e1vel para meio ambiente. Acontece que nenhum prefeito quer se libertar das empresas de lixo, algo considerado suspeito em todo o Brasil.<\/p>\n<p><strong>Aten\u00e7\u00e3o aos Diab\u00e9ticos<\/strong><\/p>\n<p style=\"text-align: justify;\">Visando prestar apoio a um p\u00fablico estimado de 5% da popula\u00e7\u00e3o, a Associa\u00e7\u00e3o dos Diab\u00e9ticos de Alagoinhas \u2013 ADIA &#8211; retoma suas atividades esse m\u00eas, com as consultas com a nutricionista \u00e0s sextas e aos s\u00e1bados, pela manh\u00e3, com as volunt\u00e1rias Diana e Adila. Est\u00e1 tamb\u00e9m recrutando volunt\u00e1rios e estagi\u00e1rios, especialmente entre os auxiliares de enfermagem e dando continuidade \u00e0 parcerias com cl\u00ednicas da cidade. Vai iniciar ainda uma campanha de recebimento e repasse de doa\u00e7\u00e3o de medicamentos. E est\u00e1 reivindicando da Secretaria de Sa\u00fade, para o Centro de Atendimento de Obesidade e Diabetes, a contrata\u00e7\u00e3o de um psic\u00f3logo e de um nefrologista, como tamb\u00e9m a climatiza\u00e7\u00e3o do ambiente.<\/p>\n<p style=\"text-align: justify;\">Veja a entrevista concedida por Jos\u00e9 Santana ao programa Primeira M\u00e3o:<\/p>\n<p><iframe loading=\"lazy\" title=\"Presidente da ADIA fala sobre as a\u00e7\u00f5es para os diabeticos de Alagoinhas\" width=\"696\" height=\"392\" src=\"https:\/\/www.youtube.com\/embed\/uOubA0hpIpE?feature=oembed\" frameborder=\"0\" allow=\"accelerometer; autoplay; encrypted-media; gyroscope; picture-in-picture\" allowfullscreen><\/iframe><\/p>\n<p style=\"text-align: right;\">Por Paulo Dias para o News Infoco<\/p>\n<div class='share-to-whatsapp-wrapper'><div class='share-on-whsp'>Share on: <\/div><a data-text='Vice-presidente da UAMA acusa governo Joaquim Neto de descumprir TAC firmado com MP para implanta\u00e7\u00e3o da coleta seletiva no munic\u00edpio' data-link='https:\/\/newsinfoco.com.br\/inicio\/vice-presidente-da-uama-acusa-governo-joaquim-neto-de-descumprir-tac-firmado-com-mp-para-implantacao-da-coleta-seletiva-no-municipio\/' class='whatsapp-button whatsapp-share'>WhatsApp<\/a><div class='clear '><\/div><\/div>","protected":false},"excerpt":{"rendered":"<p>Por ser, ao mesmo tempo, presidente da Associa\u00e7\u00e3o dos Diab\u00e9ticos de Alagoinhas, presidente do Conselho Municipal de Inclus\u00e3o Digital(CEMID) e vice-presidente da Uni\u00e3o das Associa\u00e7\u00f5es de Moradores de Alagoinhas(UAMA), Jos\u00e9 Santana levantou discuss\u00f5es importantes sobre as v\u00e1rias \u00e1reas de atua\u00e7\u00e3o que est\u00e1 envolvido no programa Primeira M\u00e3o, desta quarta-feira, 05. Sobre a destina\u00e7\u00e3o adequada dos [&hellip;]<\/p>\n","protected":false},"author":1,"featured_media":12659,"comment_status":"open","ping_status":"open","sticky":false,"template":"","format":"standard","meta":{"om_disable_all_campaigns":false,"_exactmetrics_skip_tracking":false,"_exactmetrics_sitenote_active":false,"_exactmetrics_sitenote_note":"","_exactmetrics_sitenote_category":0,"footnotes":""},"categories":[167],"tags":[],"class_list":["post-20250","post","type-post","status-publish","format-standard","has-post-thumbnail","hentry","category-exclusivas"],"aioseo_notices":[],"_links":{"self":[{"href":"https:\/\/newsinfoco.com.br\/inicio\/wp-json\/wp\/v2\/posts\/20250","targetHints":{"allow":["GET"]}}],"collection":[{"href":"https:\/\/newsinfoco.com.br\/inicio\/wp-json\/wp\/v2\/posts"}],"about":[{"href":"https:\/\/newsinfoco.com.br\/inicio\/wp-json\/wp\/v2\/types\/post"}],"author":[{"embeddable":true,"href":"https:\/\/newsinfoco.com.br\/inicio\/wp-json\/wp\/v2\/users\/1"}],"replies":[{"embeddable":true,"href":"https:\/\/newsinfoco.com.br\/inicio\/wp-json\/wp\/v2\/comments?post=20250"}],"version-history":[{"count":0,"href":"https:\/\/newsinfoco.com.br\/inicio\/wp-json\/wp\/v2\/posts\/20250\/revisions"}],"wp:featuredmedia":[{"embeddable":true,"href":"https:\/\/newsinfoco.com.br\/inicio\/wp-json\/wp\/v2\/media\/12659"}],"wp:attachment":[{"href":"https:\/\/newsinfoco.com.br\/inicio\/wp-json\/wp\/v2\/media?parent=20250"}],"wp:term":[{"taxonomy":"category","embeddable":true,"href":"https:\/\/newsinfoco.com.br\/inicio\/wp-json\/wp\/v2\/categories?post=20250"},{"taxonomy":"post_tag","embeddable":true,"href":"https:\/\/newsinfoco.com.br\/inicio\/wp-json\/wp\/v2\/tags?post=20250"}],"curies":[{"name":"wp","href":"https:\/\/api.w.org\/{rel}","templated":true}]}}