{"id":20254,"date":"2020-02-06T17:10:18","date_gmt":"2020-02-06T20:10:18","guid":{"rendered":"http:\/\/newsinfoco.com.br\/?p=20254"},"modified":"2020-02-06T17:12:43","modified_gmt":"2020-02-06T20:12:43","slug":"atp-e-viacao-cidade-das-aguas-vencem-licitacao-do-transporte-coletivo-de-alagoinhas","status":"publish","type":"post","link":"https:\/\/newsinfoco.com.br\/inicio\/atp-e-viacao-cidade-das-aguas-vencem-licitacao-do-transporte-coletivo-de-alagoinhas\/","title":{"rendered":"ATP e Via\u00e7\u00e3o Cidade das \u00c1guas vencem licita\u00e7\u00e3o do transporte coletivo de Alagoinhas"},"content":{"rendered":"<p style=\"text-align: justify;\">ATP e Via\u00e7\u00e3o Cidade das \u00c1guas venceram o processo licitat\u00f3rio para explora\u00e7\u00e3o do sistema de transporte coletivo da cidade de Alagoinhas. Marcado para ocorrer primeiramente no dia 23 de janeiro, o recolhimento das propostas dos interessados foi remarcado para hoje, dia 06, ap\u00f3s todas as 3 empresas interessadas terem deixado de apresentar a documenta\u00e7\u00e3o completa exigida. Algo que, inclusive, levantou suspeitas. Na ocasi\u00e3o demonstraram interesse na licita\u00e7\u00e3o as empresas ATP, Via\u00e7\u00e3o Cidade das \u00c1guas e Via\u00e7\u00e3o S\u00e3o Crist\u00f3v\u00e3o. Dessas, a S\u00e3o Cristov\u00e3o foi a \u00fanica que n\u00e3o conseguiu obter um dois dois lotes ofertados pela prefeitura.<\/p>\n<p style=\"text-align: justify;\">A ATP ficar\u00e1 com o lote 1 e explorar\u00e1 as linhas 21 DE SETEMBRO\/RODOVI\u00c1IRA, 21 DE SETEMBRO\/CENTRO, BARREIRO DE CIMA\/RODOVI\u00c1RIA, BARREIRO DE CIMA\/CENTRO, SILVA JARDIM\/RODOVI\u00c1RIA, SILVA JARDIM\/CENTRO, MIGUEL VELHO\/RODOVI\u00c1RIA, MIGUEL VELHO\/CENTRO, URUPIARA via RUA DO CATU\/RODOVI\u00c1RIA, URUPIARA via RUA DO CATU\/CENTRO, BAIXA DA CANDEIA\/RODOVI\u00c1RIA, BRISAS DO CATU via BAIXA DA SANTINHA\/RODOVI\u00c1RIA, BRISAS DO CATU via BAIXA DA SANTINHA\/CENTRO, MANGAL\u00d4\/RODOVI\u00c1RIA, MANGAL\u00d4 VIA RUA ALTO CORA\u00c7\u00c3O DE JESUS\/RODOVI\u00c1RIA, VILA S PEDRO\/ N HORIZONTE\/ AGUAS DE VIVER\/RUA S JOS\u00c9\/RODOVI\u00c1RIA, MANGAL\u00d4\/MIGUEL VELHO e CJ LINHA VERDE\/P\u00c7A DO CALU.<\/p><div class=\"newsi-conteudo_19\" id=\"newsi-1544951151\"><a href=\"https:\/\/www.instagram.com\/prefeituraalagoinhas?igsh=YzgzdDJ1bWR3aWI4\" aria-label=\"SAVE_20251006_221555\"><img loading=\"lazy\" decoding=\"async\" src=\"https:\/\/newsinfoco.com.br\/inicio\/wp-content\/uploads\/2025\/10\/SAVE_20251006_221555-rotated.jpg\" alt=\"\"  srcset=\"https:\/\/newsinfoco.com.br\/inicio\/wp-content\/uploads\/2025\/10\/SAVE_20251006_221555-rotated.jpg 1140w, https:\/\/newsinfoco.com.br\/inicio\/wp-content\/uploads\/2025\/10\/SAVE_20251006_221555-300x52.jpg 300w, https:\/\/newsinfoco.com.br\/inicio\/wp-content\/uploads\/2025\/10\/SAVE_20251006_221555-1024x177.jpg 1024w, https:\/\/newsinfoco.com.br\/inicio\/wp-content\/uploads\/2025\/10\/SAVE_20251006_221555-768x133.jpg 768w, https:\/\/newsinfoco.com.br\/inicio\/wp-content\/uploads\/2025\/10\/SAVE_20251006_221555-600x104.jpg 600w, https:\/\/newsinfoco.com.br\/inicio\/wp-content\/uploads\/2025\/10\/SAVE_20251006_221555-696x120.jpg 696w, https:\/\/newsinfoco.com.br\/inicio\/wp-content\/uploads\/2025\/10\/SAVE_20251006_221555-1068x185.jpg 1068w\" sizes=\"(max-width: 1140px) 100vw, 1140px\" width=\"1140\" height=\"197\"   \/><\/a><\/div>\n<p style=\"text-align: justify;\">J\u00e1 a Cidade das \u00e1guas ficou com o lote 2 e explorar\u00e1 as linhas 2 DE JULHO\/RODOVI\u00c1RIA, 2 DE JULHO\/CENTRO, CRUZEIRO DOS MONTES\/SCHINCARIOL\/RODOVI\u00c1RIA, CRUZEIRO DOS MONTES\/VIA UNIRB, JARDIM PETROLAR VIA RUA 21 DE ABRIL, JARDIM PETROLAR VIA RUA M\u00c1RIO C PEDREIRA, UNEB\/MODELO via JURACY MAGALH\u00c3ES, JARDIM IMPERIAL &#8211; JARDIM TROPICAL\/ INOCOOP, CENTRO\/P\u00c7 KENNEDY\/RODOVIARIA VIA PQ DA JAQUEIRA, CENTRO\/RUA DO CATU\/URBIS III, CENTRO\/STA TEREZINHA\/FIM DE LINHA, CENTRO\/STA TEREZINHA\/RODOVI\u00c1RIA, CENTRO\/STA TEREZINHA\/VIA S\u00c3O CRISPIM, CENTRO\/MAL FLORIANO VIA STA TEREZINHA, CENTRO\/STA TEREZINHA\/VALE, CAMPO BELO\/ALAGOINHAS IV\/CAVADA, CENTRO\/P\u00c7A KENNEDY\/POSTO BRASIL, CENTRO\/PIRINEL\/POSTO 5 ESTRELAS VIA PQ VALE DO SOL, CENTRO\/AV SILVA\/POSTO ALAGOINHAS.<\/p>\n<p style=\"text-align: justify;\">Apesar de n\u00e3o participar da licita\u00e7\u00e3o, os controladores da empresa Xavier j\u00e1 anunciaram que entrar\u00e3o com um mandado de seguran\u00e7a contra o resultado da licita\u00e7\u00e3o. \u00a0Eles garantem que a empresa vai continuar operando na cidade. Ao site GazetaBahia, Mazinho, um dos filhos de Juracy Xavier, falecido no \u00faltimo dia 30, afirmou que a empresa Xavier j\u00e1 participou de uma licita\u00e7\u00e3o anterior, estando, portanto, habilitada ao exerc\u00edcio da atividade. A quebra de bra\u00e7o com a prefeitura deve parar na Justi\u00e7a.<\/p>\n<p style=\"text-align: right;\">Por Caio Pimenta para o News Infoco<\/p>\n<div class='share-to-whatsapp-wrapper'><div class='share-on-whsp'>Share on: <\/div><a data-text='ATP e Via\u00e7\u00e3o Cidade das \u00c1guas vencem licita\u00e7\u00e3o do transporte coletivo de Alagoinhas' data-link='https:\/\/newsinfoco.com.br\/inicio\/atp-e-viacao-cidade-das-aguas-vencem-licitacao-do-transporte-coletivo-de-alagoinhas\/' class='whatsapp-button whatsapp-share'>WhatsApp<\/a><div class='clear '><\/div><\/div>","protected":false},"excerpt":{"rendered":"<p>ATP e Via\u00e7\u00e3o Cidade das \u00c1guas venceram o processo licitat\u00f3rio para explora\u00e7\u00e3o do sistema de transporte coletivo da cidade de Alagoinhas. Marcado para ocorrer primeiramente no dia 23 de janeiro, o recolhimento das propostas dos interessados foi remarcado para hoje, dia 06, ap\u00f3s todas as 3 empresas interessadas terem deixado de apresentar a documenta\u00e7\u00e3o completa [&hellip;]<\/p>\n","protected":false},"author":1,"featured_media":20255,"comment_status":"open","ping_status":"open","sticky":false,"template":"","format":"standard","meta":{"om_disable_all_campaigns":false,"_exactmetrics_skip_tracking":false,"_exactmetrics_sitenote_active":false,"_exactmetrics_sitenote_note":"","_exactmetrics_sitenote_category":0,"footnotes":""},"categories":[167],"tags":[],"class_list":["post-20254","post","type-post","status-publish","format-standard","has-post-thumbnail","hentry","category-exclusivas"],"aioseo_notices":[],"_links":{"self":[{"href":"https:\/\/newsinfoco.com.br\/inicio\/wp-json\/wp\/v2\/posts\/20254","targetHints":{"allow":["GET"]}}],"collection":[{"href":"https:\/\/newsinfoco.com.br\/inicio\/wp-json\/wp\/v2\/posts"}],"about":[{"href":"https:\/\/newsinfoco.com.br\/inicio\/wp-json\/wp\/v2\/types\/post"}],"author":[{"embeddable":true,"href":"https:\/\/newsinfoco.com.br\/inicio\/wp-json\/wp\/v2\/users\/1"}],"replies":[{"embeddable":true,"href":"https:\/\/newsinfoco.com.br\/inicio\/wp-json\/wp\/v2\/comments?post=20254"}],"version-history":[{"count":0,"href":"https:\/\/newsinfoco.com.br\/inicio\/wp-json\/wp\/v2\/posts\/20254\/revisions"}],"wp:featuredmedia":[{"embeddable":true,"href":"https:\/\/newsinfoco.com.br\/inicio\/wp-json\/wp\/v2\/media\/20255"}],"wp:attachment":[{"href":"https:\/\/newsinfoco.com.br\/inicio\/wp-json\/wp\/v2\/media?parent=20254"}],"wp:term":[{"taxonomy":"category","embeddable":true,"href":"https:\/\/newsinfoco.com.br\/inicio\/wp-json\/wp\/v2\/categories?post=20254"},{"taxonomy":"post_tag","embeddable":true,"href":"https:\/\/newsinfoco.com.br\/inicio\/wp-json\/wp\/v2\/tags?post=20254"}],"curies":[{"name":"wp","href":"https:\/\/api.w.org\/{rel}","templated":true}]}}