{"id":20328,"date":"2020-02-12T21:39:22","date_gmt":"2020-02-13T00:39:22","guid":{"rendered":"http:\/\/newsinfoco.com.br\/?p=20328"},"modified":"2020-02-13T17:32:59","modified_gmt":"2020-02-13T20:32:59","slug":"marconi-william-acerta-com-a-radio-2-de-julho-e-reforcara-a-bancada-do-programa-primeira-mao-estreia-sera-nesta-segunda-feira17","status":"publish","type":"post","link":"https:\/\/newsinfoco.com.br\/inicio\/marconi-william-acerta-com-a-radio-2-de-julho-e-reforcara-a-bancada-do-programa-primeira-mao-estreia-sera-nesta-segunda-feira17\/","title":{"rendered":"Marconi William acerta com a r\u00e1dio 2 de Julho e refor\u00e7ar\u00e1 a bancada do Programa Primeira M\u00e3o; estr\u00e9ia ser\u00e1 nesta segunda-feira(17)"},"content":{"rendered":"<p style=\"text-align: justify;\">O radialista Marconi William \u00e9 o mais novo contratado da r\u00e1dio 2 de julho. Ele refor\u00e7ar\u00e1 a bancada do programa Primeira M\u00e3o, jornalistico da r\u00e1dio web 2 de julho retransmitido pela r\u00e1dio Ouro Negro 100.5 FM que vai ao ar de segunda a sexta-feira, das 6 as 8 da manh\u00e3. Marconi se junta a equipe do programa que j\u00e1 conta com a presen\u00e7a dos comentaristas Caio Pimenta, Jos\u00e9 Gomes, do rep\u00f3rter policial Luciano Reis e \u00e9 comandada pelo radialista Haroldo Azi, que se afastou temporariamente da atra\u00e7\u00e3o para se recuperar de uma cirurgia. Marconi estreia no programa na pr\u00f3xima segunda-feira, 17.<\/p>\n<p style=\"text-align: justify;\">Marconi \u00e9 um radialista experiente, com passagens por diversas emissoras de Alagoinhas e regi\u00e3o. Ele j\u00e1 trabalhou anteriormente com Haroldo Azi na antiga Nova AM 1240 e seu \u00faltimo trabalho foi na 93 FM, onde apresentava o extinto programa Canal Aberto, que foi substitu\u00eddo pelo Linha Aberta..<\/p>\n<p style=\"text-align: justify;\">A estreia de Marconi William no programa Primeira M\u00e3o \u00e9 cercada de grande expectativa por parte da dire\u00e7\u00e3o da emissora. O Primeira M\u00e3o \u00e9 o principal produto da r\u00e1dio 2 de julho e \u00e9 conhecido pelo seu jornalismo de qualidade, um jornalismo opinativo e combativo, especializado nos bastidores da politica. A presen\u00e7a de Marconi vem para enriquecer os debates que s\u00e3o frequentes na atra\u00e7\u00e3o.<\/p>\n<p style=\"text-align: justify;\">Al\u00e9m do Primeira M\u00e3o, Marconi leva para a r\u00e1dio 2 de julho o seu programa Opini\u00e3o. A estreia est\u00e1 prevista para o dia 02 de mar\u00e7o, as 19 horas, e contar\u00e1 com a participa\u00e7\u00e3o de Evaldo Santos.<\/p>\n<p style=\"text-align: justify;\">O programa Primeira M\u00e3o vai ao ar de segunda a sexta-feira, das 6 as 8 da manh\u00e3, pela r\u00e1dio web 2 de julho e retransmitido pela r\u00e1dio Ouro Negro 100.5 FM. O programa tamb\u00e9m \u00e9 transmitido pelo facebook nas p\u00e1ginas do site News Infoco e da r\u00e1dio web 2 de julho e pelo youtube no canal da r\u00e1dio 2 de Julho. Voc\u00ea escuta a r\u00e1dio 2 de Julho pelo site www.radio2dejulho.com, pelo aplicativo radio 2 de julho presente em todos os celulares e pela Radiosnet.<\/p>\n<div class='share-to-whatsapp-wrapper'><div class='share-on-whsp'>Share on: <\/div><a data-text='Marconi William acerta com a r\u00e1dio 2 de Julho e refor\u00e7ar\u00e1 a bancada do Programa Primeira M\u00e3o; estr\u00e9ia ser\u00e1 nesta segunda-feira(17)' data-link='https:\/\/newsinfoco.com.br\/inicio\/marconi-william-acerta-com-a-radio-2-de-julho-e-reforcara-a-bancada-do-programa-primeira-mao-estreia-sera-nesta-segunda-feira17\/' class='whatsapp-button whatsapp-share'>WhatsApp<\/a><div class='clear '><\/div><\/div>","protected":false},"excerpt":{"rendered":"<p>O radialista Marconi William \u00e9 o mais novo contratado da r\u00e1dio 2 de julho. Ele refor\u00e7ar\u00e1 a bancada do programa Primeira M\u00e3o, jornalistico da r\u00e1dio web 2 de julho retransmitido pela r\u00e1dio Ouro Negro 100.5 FM que vai ao ar de segunda a sexta-feira, das 6 as 8 da manh\u00e3. Marconi se junta a equipe [&hellip;]<\/p>\n","protected":false},"author":1,"featured_media":20329,"comment_status":"open","ping_status":"open","sticky":false,"template":"","format":"standard","meta":{"om_disable_all_campaigns":false,"rop_custom_images_group":[],"rop_custom_messages_group":[],"rop_publish_now":"initial","rop_publish_now_accounts":[],"rop_publish_now_history":[],"rop_publish_now_status":"pending","_exactmetrics_skip_tracking":false,"footnotes":""},"categories":[167],"tags":[],"class_list":["post-20328","post","type-post","status-publish","format-standard","has-post-thumbnail","hentry","category-exclusivas"],"aioseo_notices":[],"aioseo_head":"\n\t\t<!-- All in One SEO 4.9.10 - aioseo.com -->\n\t<meta name=\"description\" content=\"O radialista Marconi William \u00e9 o mais novo contratado da r\u00e1dio 2 de julho. Ele refor\u00e7ar\u00e1 a bancada do programa Primeira M\u00e3o, jornalistico da r\u00e1dio web 2 de julho retransmitido pela r\u00e1dio Ouro Negro 100.5 FM que vai ao ar de segunda a sexta-feira, das 6 as 8 da manh\u00e3. Marconi se junta a equipe\" \/>\n\t<meta name=\"robots\" content=\"max-image-preview:large\" \/>\n\t<meta name=\"author\" content=\"administrador\"\/>\n\t<link rel=\"canonical\" href=\"https:\/\/newsinfoco.com.br\/inicio\/marconi-william-acerta-com-a-radio-2-de-julho-e-reforcara-a-bancada-do-programa-primeira-mao-estreia-sera-nesta-segunda-feira17\/\" \/>\n\t<meta name=\"generator\" content=\"All in One SEO (AIOSEO) 4.9.10\" \/>\n\t\t<meta property=\"og:locale\" content=\"pt_BR\" \/>\n\t\t<meta property=\"og:site_name\" content=\"News In Foco - Editado por Caio Pimenta - O principal site de noticias de Alagoinhas e regi\u00e3o\" \/>\n\t\t<meta property=\"og:type\" content=\"article\" \/>\n\t\t<meta property=\"og:title\" content=\"Marconi William acerta com a r\u00e1dio 2 de Julho e refor\u00e7ar\u00e1 a bancada do Programa Primeira M\u00e3o; estr\u00e9ia ser\u00e1 nesta segunda-feira(17) - News In Foco - Editado por Caio Pimenta\" \/>\n\t\t<meta property=\"og:description\" content=\"O radialista Marconi William \u00e9 o mais novo contratado da r\u00e1dio 2 de julho. Ele refor\u00e7ar\u00e1 a bancada do programa Primeira M\u00e3o, jornalistico da r\u00e1dio web 2 de julho retransmitido pela r\u00e1dio Ouro Negro 100.5 FM que vai ao ar de segunda a sexta-feira, das 6 as 8 da manh\u00e3. Marconi se junta a equipe\" \/>\n\t\t<meta property=\"og:url\" content=\"https:\/\/newsinfoco.com.br\/inicio\/marconi-william-acerta-com-a-radio-2-de-julho-e-reforcara-a-bancada-do-programa-primeira-mao-estreia-sera-nesta-segunda-feira17\/\" \/>\n\t\t<meta property=\"article:published_time\" content=\"2020-02-13T00:39:22+00:00\" \/>\n\t\t<meta property=\"article:modified_time\" content=\"2020-02-13T20:32:59+00:00\" \/>\n\t\t<meta name=\"twitter:card\" content=\"summary_large_image\" \/>\n\t\t<meta name=\"twitter:title\" content=\"Marconi William acerta com a r\u00e1dio 2 de Julho e refor\u00e7ar\u00e1 a bancada do Programa Primeira M\u00e3o; estr\u00e9ia ser\u00e1 nesta segunda-feira(17) - News In Foco - Editado por Caio Pimenta\" \/>\n\t\t<meta name=\"twitter:description\" content=\"O radialista Marconi William \u00e9 o mais novo contratado da r\u00e1dio 2 de julho. Ele refor\u00e7ar\u00e1 a bancada do programa Primeira M\u00e3o, jornalistico da r\u00e1dio web 2 de julho retransmitido pela r\u00e1dio Ouro Negro 100.5 FM que vai ao ar de segunda a sexta-feira, das 6 as 8 da manh\u00e3. Marconi se junta a equipe\" \/>\n\t\t<script type=\"application\/ld+json\" class=\"aioseo-schema\">\n\t\t\t{\"@context\":\"https:\\\/\\\/schema.org\",\"@graph\":[{\"@type\":\"BlogPosting\",\"@id\":\"https:\\\/\\\/newsinfoco.com.br\\\/inicio\\\/marconi-william-acerta-com-a-radio-2-de-julho-e-reforcara-a-bancada-do-programa-primeira-mao-estreia-sera-nesta-segunda-feira17\\\/#blogposting\",\"name\":\"Marconi William acerta com a r\\u00e1dio 2 de Julho e refor\\u00e7ar\\u00e1 a bancada do Programa Primeira M\\u00e3o; estr\\u00e9ia ser\\u00e1 nesta segunda-feira(17) - News In Foco - Editado por Caio Pimenta\",\"headline\":\"Marconi William acerta com a r\\u00e1dio 2 de Julho e refor\\u00e7ar\\u00e1 a bancada do Programa Primeira M\\u00e3o; estr\\u00e9ia ser\\u00e1 nesta segunda-feira(17)\",\"author\":{\"@id\":\"https:\\\/\\\/newsinfoco.com.br\\\/inicio\\\/author\\\/administrador\\\/#author\"},\"publisher\":{\"@id\":\"https:\\\/\\\/newsinfoco.com.br\\\/inicio\\\/#organization\"},\"image\":{\"@type\":\"ImageObject\",\"url\":\"https:\\\/\\\/newsinfoco.com.br\\\/inicio\\\/wp-content\\\/uploads\\\/2020\\\/02\\\/8609.jpg\",\"width\":822,\"height\":547},\"datePublished\":\"2020-02-12T21:39:22-03:00\",\"dateModified\":\"2020-02-13T17:32:59-03:00\",\"inLanguage\":\"pt-BR\",\"mainEntityOfPage\":{\"@id\":\"https:\\\/\\\/newsinfoco.com.br\\\/inicio\\\/marconi-william-acerta-com-a-radio-2-de-julho-e-reforcara-a-bancada-do-programa-primeira-mao-estreia-sera-nesta-segunda-feira17\\\/#webpage\"},\"isPartOf\":{\"@id\":\"https:\\\/\\\/newsinfoco.com.br\\\/inicio\\\/marconi-william-acerta-com-a-radio-2-de-julho-e-reforcara-a-bancada-do-programa-primeira-mao-estreia-sera-nesta-segunda-feira17\\\/#webpage\"},\"articleSection\":\"Manchete\"},{\"@type\":\"BreadcrumbList\",\"@id\":\"https:\\\/\\\/newsinfoco.com.br\\\/inicio\\\/marconi-william-acerta-com-a-radio-2-de-julho-e-reforcara-a-bancada-do-programa-primeira-mao-estreia-sera-nesta-segunda-feira17\\\/#breadcrumblist\",\"itemListElement\":[{\"@type\":\"ListItem\",\"@id\":\"https:\\\/\\\/newsinfoco.com.br\\\/inicio#listItem\",\"position\":1,\"name\":\"In\\u00edcio\",\"item\":\"https:\\\/\\\/newsinfoco.com.br\\\/inicio\",\"nextItem\":{\"@type\":\"ListItem\",\"@id\":\"https:\\\/\\\/newsinfoco.com.br\\\/inicio\\\/category\\\/exclusivas\\\/#listItem\",\"name\":\"Manchete\"}},{\"@type\":\"ListItem\",\"@id\":\"https:\\\/\\\/newsinfoco.com.br\\\/inicio\\\/category\\\/exclusivas\\\/#listItem\",\"position\":2,\"name\":\"Manchete\",\"item\":\"https:\\\/\\\/newsinfoco.com.br\\\/inicio\\\/category\\\/exclusivas\\\/\",\"nextItem\":{\"@type\":\"ListItem\",\"@id\":\"https:\\\/\\\/newsinfoco.com.br\\\/inicio\\\/marconi-william-acerta-com-a-radio-2-de-julho-e-reforcara-a-bancada-do-programa-primeira-mao-estreia-sera-nesta-segunda-feira17\\\/#listItem\",\"name\":\"Marconi William acerta com a r\\u00e1dio 2 de Julho e refor\\u00e7ar\\u00e1 a bancada do Programa Primeira M\\u00e3o; estr\\u00e9ia ser\\u00e1 nesta segunda-feira(17)\"},\"previousItem\":{\"@type\":\"ListItem\",\"@id\":\"https:\\\/\\\/newsinfoco.com.br\\\/inicio#listItem\",\"name\":\"In\\u00edcio\"}},{\"@type\":\"ListItem\",\"@id\":\"https:\\\/\\\/newsinfoco.com.br\\\/inicio\\\/marconi-william-acerta-com-a-radio-2-de-julho-e-reforcara-a-bancada-do-programa-primeira-mao-estreia-sera-nesta-segunda-feira17\\\/#listItem\",\"position\":3,\"name\":\"Marconi William acerta com a r\\u00e1dio 2 de Julho e refor\\u00e7ar\\u00e1 a bancada do Programa Primeira M\\u00e3o; estr\\u00e9ia ser\\u00e1 nesta segunda-feira(17)\",\"previousItem\":{\"@type\":\"ListItem\",\"@id\":\"https:\\\/\\\/newsinfoco.com.br\\\/inicio\\\/category\\\/exclusivas\\\/#listItem\",\"name\":\"Manchete\"}}]},{\"@type\":\"Organization\",\"@id\":\"https:\\\/\\\/newsinfoco.com.br\\\/inicio\\\/#organization\",\"name\":\"News In Foco - Editado por Caio Pimenta\",\"description\":\"O principal site de noticias de Alagoinhas e regi\\u00e3o\",\"url\":\"https:\\\/\\\/newsinfoco.com.br\\\/inicio\\\/\"},{\"@type\":\"Person\",\"@id\":\"https:\\\/\\\/newsinfoco.com.br\\\/inicio\\\/author\\\/administrador\\\/#author\",\"url\":\"https:\\\/\\\/newsinfoco.com.br\\\/inicio\\\/author\\\/administrador\\\/\",\"name\":\"administrador\",\"image\":{\"@type\":\"ImageObject\",\"@id\":\"https:\\\/\\\/newsinfoco.com.br\\\/inicio\\\/marconi-william-acerta-com-a-radio-2-de-julho-e-reforcara-a-bancada-do-programa-primeira-mao-estreia-sera-nesta-segunda-feira17\\\/#authorImage\",\"url\":\"https:\\\/\\\/secure.gravatar.com\\\/avatar\\\/c17a617433de8c1dc9584bb79aab7563b46f5bb7e1728c9b17d9cc3ce6a08e49?s=96&d=mm&r=g\",\"width\":96,\"height\":96,\"caption\":\"administrador\"}},{\"@type\":\"WebPage\",\"@id\":\"https:\\\/\\\/newsinfoco.com.br\\\/inicio\\\/marconi-william-acerta-com-a-radio-2-de-julho-e-reforcara-a-bancada-do-programa-primeira-mao-estreia-sera-nesta-segunda-feira17\\\/#webpage\",\"url\":\"https:\\\/\\\/newsinfoco.com.br\\\/inicio\\\/marconi-william-acerta-com-a-radio-2-de-julho-e-reforcara-a-bancada-do-programa-primeira-mao-estreia-sera-nesta-segunda-feira17\\\/\",\"name\":\"Marconi William acerta com a r\\u00e1dio 2 de Julho e refor\\u00e7ar\\u00e1 a bancada do Programa Primeira M\\u00e3o; estr\\u00e9ia ser\\u00e1 nesta segunda-feira(17) - News In Foco - Editado por Caio Pimenta\",\"description\":\"O radialista Marconi William \\u00e9 o mais novo contratado da r\\u00e1dio 2 de julho. Ele refor\\u00e7ar\\u00e1 a bancada do programa Primeira M\\u00e3o, jornalistico da r\\u00e1dio web 2 de julho retransmitido pela r\\u00e1dio Ouro Negro 100.5 FM que vai ao ar de segunda a sexta-feira, das 6 as 8 da manh\\u00e3. Marconi se junta a equipe\",\"inLanguage\":\"pt-BR\",\"isPartOf\":{\"@id\":\"https:\\\/\\\/newsinfoco.com.br\\\/inicio\\\/#website\"},\"breadcrumb\":{\"@id\":\"https:\\\/\\\/newsinfoco.com.br\\\/inicio\\\/marconi-william-acerta-com-a-radio-2-de-julho-e-reforcara-a-bancada-do-programa-primeira-mao-estreia-sera-nesta-segunda-feira17\\\/#breadcrumblist\"},\"author\":{\"@id\":\"https:\\\/\\\/newsinfoco.com.br\\\/inicio\\\/author\\\/administrador\\\/#author\"},\"creator\":{\"@id\":\"https:\\\/\\\/newsinfoco.com.br\\\/inicio\\\/author\\\/administrador\\\/#author\"},\"image\":{\"@type\":\"ImageObject\",\"url\":\"https:\\\/\\\/newsinfoco.com.br\\\/inicio\\\/wp-content\\\/uploads\\\/2020\\\/02\\\/8609.jpg\",\"@id\":\"https:\\\/\\\/newsinfoco.com.br\\\/inicio\\\/marconi-william-acerta-com-a-radio-2-de-julho-e-reforcara-a-bancada-do-programa-primeira-mao-estreia-sera-nesta-segunda-feira17\\\/#mainImage\",\"width\":822,\"height\":547},\"primaryImageOfPage\":{\"@id\":\"https:\\\/\\\/newsinfoco.com.br\\\/inicio\\\/marconi-william-acerta-com-a-radio-2-de-julho-e-reforcara-a-bancada-do-programa-primeira-mao-estreia-sera-nesta-segunda-feira17\\\/#mainImage\"},\"datePublished\":\"2020-02-12T21:39:22-03:00\",\"dateModified\":\"2020-02-13T17:32:59-03:00\"},{\"@type\":\"WebSite\",\"@id\":\"https:\\\/\\\/newsinfoco.com.br\\\/inicio\\\/#website\",\"url\":\"https:\\\/\\\/newsinfoco.com.br\\\/inicio\\\/\",\"name\":\"News In Foco - Editado por Caio Pimenta\",\"description\":\"O principal site de noticias de Alagoinhas e regi\\u00e3o\",\"inLanguage\":\"pt-BR\",\"publisher\":{\"@id\":\"https:\\\/\\\/newsinfoco.com.br\\\/inicio\\\/#organization\"}}]}\n\t\t<\/script>\n\t\t<!-- All in One SEO -->\n\n","aioseo_head_json":{"title":"Marconi William acerta com a r\u00e1dio 2 de Julho e refor\u00e7ar\u00e1 a bancada do Programa Primeira M\u00e3o; estr\u00e9ia ser\u00e1 nesta segunda-feira(17) - News In Foco - Editado por Caio Pimenta","description":"O radialista Marconi William \u00e9 o mais novo contratado da r\u00e1dio 2 de julho. Ele refor\u00e7ar\u00e1 a bancada do programa Primeira M\u00e3o, jornalistico da r\u00e1dio web 2 de julho retransmitido pela r\u00e1dio Ouro Negro 100.5 FM que vai ao ar de segunda a sexta-feira, das 6 as 8 da manh\u00e3. Marconi se junta a equipe","canonical_url":"https:\/\/newsinfoco.com.br\/inicio\/marconi-william-acerta-com-a-radio-2-de-julho-e-reforcara-a-bancada-do-programa-primeira-mao-estreia-sera-nesta-segunda-feira17\/","robots":"max-image-preview:large","keywords":"","webmasterTools":{"miscellaneous":""},"schema":{"@context":"https:\/\/schema.org","@graph":[{"@type":"BlogPosting","@id":"https:\/\/newsinfoco.com.br\/inicio\/marconi-william-acerta-com-a-radio-2-de-julho-e-reforcara-a-bancada-do-programa-primeira-mao-estreia-sera-nesta-segunda-feira17\/#blogposting","name":"Marconi William acerta com a r\u00e1dio 2 de Julho e refor\u00e7ar\u00e1 a bancada do Programa Primeira M\u00e3o; estr\u00e9ia ser\u00e1 nesta segunda-feira(17) - News In Foco - Editado por Caio Pimenta","headline":"Marconi William acerta com a r\u00e1dio 2 de Julho e refor\u00e7ar\u00e1 a bancada do Programa Primeira M\u00e3o; estr\u00e9ia ser\u00e1 nesta segunda-feira(17)","author":{"@id":"https:\/\/newsinfoco.com.br\/inicio\/author\/administrador\/#author"},"publisher":{"@id":"https:\/\/newsinfoco.com.br\/inicio\/#organization"},"image":{"@type":"ImageObject","url":"https:\/\/newsinfoco.com.br\/inicio\/wp-content\/uploads\/2020\/02\/8609.jpg","width":822,"height":547},"datePublished":"2020-02-12T21:39:22-03:00","dateModified":"2020-02-13T17:32:59-03:00","inLanguage":"pt-BR","mainEntityOfPage":{"@id":"https:\/\/newsinfoco.com.br\/inicio\/marconi-william-acerta-com-a-radio-2-de-julho-e-reforcara-a-bancada-do-programa-primeira-mao-estreia-sera-nesta-segunda-feira17\/#webpage"},"isPartOf":{"@id":"https:\/\/newsinfoco.com.br\/inicio\/marconi-william-acerta-com-a-radio-2-de-julho-e-reforcara-a-bancada-do-programa-primeira-mao-estreia-sera-nesta-segunda-feira17\/#webpage"},"articleSection":"Manchete"},{"@type":"BreadcrumbList","@id":"https:\/\/newsinfoco.com.br\/inicio\/marconi-william-acerta-com-a-radio-2-de-julho-e-reforcara-a-bancada-do-programa-primeira-mao-estreia-sera-nesta-segunda-feira17\/#breadcrumblist","itemListElement":[{"@type":"ListItem","@id":"https:\/\/newsinfoco.com.br\/inicio#listItem","position":1,"name":"In\u00edcio","item":"https:\/\/newsinfoco.com.br\/inicio","nextItem":{"@type":"ListItem","@id":"https:\/\/newsinfoco.com.br\/inicio\/category\/exclusivas\/#listItem","name":"Manchete"}},{"@type":"ListItem","@id":"https:\/\/newsinfoco.com.br\/inicio\/category\/exclusivas\/#listItem","position":2,"name":"Manchete","item":"https:\/\/newsinfoco.com.br\/inicio\/category\/exclusivas\/","nextItem":{"@type":"ListItem","@id":"https:\/\/newsinfoco.com.br\/inicio\/marconi-william-acerta-com-a-radio-2-de-julho-e-reforcara-a-bancada-do-programa-primeira-mao-estreia-sera-nesta-segunda-feira17\/#listItem","name":"Marconi William acerta com a r\u00e1dio 2 de Julho e refor\u00e7ar\u00e1 a bancada do Programa Primeira M\u00e3o; estr\u00e9ia ser\u00e1 nesta segunda-feira(17)"},"previousItem":{"@type":"ListItem","@id":"https:\/\/newsinfoco.com.br\/inicio#listItem","name":"In\u00edcio"}},{"@type":"ListItem","@id":"https:\/\/newsinfoco.com.br\/inicio\/marconi-william-acerta-com-a-radio-2-de-julho-e-reforcara-a-bancada-do-programa-primeira-mao-estreia-sera-nesta-segunda-feira17\/#listItem","position":3,"name":"Marconi William acerta com a r\u00e1dio 2 de Julho e refor\u00e7ar\u00e1 a bancada do Programa Primeira M\u00e3o; estr\u00e9ia ser\u00e1 nesta segunda-feira(17)","previousItem":{"@type":"ListItem","@id":"https:\/\/newsinfoco.com.br\/inicio\/category\/exclusivas\/#listItem","name":"Manchete"}}]},{"@type":"Organization","@id":"https:\/\/newsinfoco.com.br\/inicio\/#organization","name":"News In Foco - Editado por Caio Pimenta","description":"O principal site de noticias de Alagoinhas e regi\u00e3o","url":"https:\/\/newsinfoco.com.br\/inicio\/"},{"@type":"Person","@id":"https:\/\/newsinfoco.com.br\/inicio\/author\/administrador\/#author","url":"https:\/\/newsinfoco.com.br\/inicio\/author\/administrador\/","name":"administrador","image":{"@type":"ImageObject","@id":"https:\/\/newsinfoco.com.br\/inicio\/marconi-william-acerta-com-a-radio-2-de-julho-e-reforcara-a-bancada-do-programa-primeira-mao-estreia-sera-nesta-segunda-feira17\/#authorImage","url":"https:\/\/secure.gravatar.com\/avatar\/c17a617433de8c1dc9584bb79aab7563b46f5bb7e1728c9b17d9cc3ce6a08e49?s=96&d=mm&r=g","width":96,"height":96,"caption":"administrador"}},{"@type":"WebPage","@id":"https:\/\/newsinfoco.com.br\/inicio\/marconi-william-acerta-com-a-radio-2-de-julho-e-reforcara-a-bancada-do-programa-primeira-mao-estreia-sera-nesta-segunda-feira17\/#webpage","url":"https:\/\/newsinfoco.com.br\/inicio\/marconi-william-acerta-com-a-radio-2-de-julho-e-reforcara-a-bancada-do-programa-primeira-mao-estreia-sera-nesta-segunda-feira17\/","name":"Marconi William acerta com a r\u00e1dio 2 de Julho e refor\u00e7ar\u00e1 a bancada do Programa Primeira M\u00e3o; estr\u00e9ia ser\u00e1 nesta segunda-feira(17) - News In Foco - Editado por Caio Pimenta","description":"O radialista Marconi William \u00e9 o mais novo contratado da r\u00e1dio 2 de julho. Ele refor\u00e7ar\u00e1 a bancada do programa Primeira M\u00e3o, jornalistico da r\u00e1dio web 2 de julho retransmitido pela r\u00e1dio Ouro Negro 100.5 FM que vai ao ar de segunda a sexta-feira, das 6 as 8 da manh\u00e3. Marconi se junta a equipe","inLanguage":"pt-BR","isPartOf":{"@id":"https:\/\/newsinfoco.com.br\/inicio\/#website"},"breadcrumb":{"@id":"https:\/\/newsinfoco.com.br\/inicio\/marconi-william-acerta-com-a-radio-2-de-julho-e-reforcara-a-bancada-do-programa-primeira-mao-estreia-sera-nesta-segunda-feira17\/#breadcrumblist"},"author":{"@id":"https:\/\/newsinfoco.com.br\/inicio\/author\/administrador\/#author"},"creator":{"@id":"https:\/\/newsinfoco.com.br\/inicio\/author\/administrador\/#author"},"image":{"@type":"ImageObject","url":"https:\/\/newsinfoco.com.br\/inicio\/wp-content\/uploads\/2020\/02\/8609.jpg","@id":"https:\/\/newsinfoco.com.br\/inicio\/marconi-william-acerta-com-a-radio-2-de-julho-e-reforcara-a-bancada-do-programa-primeira-mao-estreia-sera-nesta-segunda-feira17\/#mainImage","width":822,"height":547},"primaryImageOfPage":{"@id":"https:\/\/newsinfoco.com.br\/inicio\/marconi-william-acerta-com-a-radio-2-de-julho-e-reforcara-a-bancada-do-programa-primeira-mao-estreia-sera-nesta-segunda-feira17\/#mainImage"},"datePublished":"2020-02-12T21:39:22-03:00","dateModified":"2020-02-13T17:32:59-03:00"},{"@type":"WebSite","@id":"https:\/\/newsinfoco.com.br\/inicio\/#website","url":"https:\/\/newsinfoco.com.br\/inicio\/","name":"News In Foco - Editado por Caio Pimenta","description":"O principal site de noticias de Alagoinhas e regi\u00e3o","inLanguage":"pt-BR","publisher":{"@id":"https:\/\/newsinfoco.com.br\/inicio\/#organization"}}]},"og:locale":"pt_BR","og:site_name":"News In Foco - Editado por Caio Pimenta - O principal site de noticias de Alagoinhas e regi\u00e3o","og:type":"article","og:title":"Marconi William acerta com a r\u00e1dio 2 de Julho e refor\u00e7ar\u00e1 a bancada do Programa Primeira M\u00e3o; estr\u00e9ia ser\u00e1 nesta segunda-feira(17) - News In Foco - Editado por Caio Pimenta","og:description":"O radialista Marconi William \u00e9 o mais novo contratado da r\u00e1dio 2 de julho. Ele refor\u00e7ar\u00e1 a bancada do programa Primeira M\u00e3o, jornalistico da r\u00e1dio web 2 de julho retransmitido pela r\u00e1dio Ouro Negro 100.5 FM que vai ao ar de segunda a sexta-feira, das 6 as 8 da manh\u00e3. Marconi se junta a equipe","og:url":"https:\/\/newsinfoco.com.br\/inicio\/marconi-william-acerta-com-a-radio-2-de-julho-e-reforcara-a-bancada-do-programa-primeira-mao-estreia-sera-nesta-segunda-feira17\/","article:published_time":"2020-02-13T00:39:22+00:00","article:modified_time":"2020-02-13T20:32:59+00:00","twitter:card":"summary_large_image","twitter:title":"Marconi William acerta com a r\u00e1dio 2 de Julho e refor\u00e7ar\u00e1 a bancada do Programa Primeira M\u00e3o; estr\u00e9ia ser\u00e1 nesta segunda-feira(17) - News In Foco - Editado por Caio Pimenta","twitter:description":"O radialista Marconi William \u00e9 o mais novo contratado da r\u00e1dio 2 de julho. Ele refor\u00e7ar\u00e1 a bancada do programa Primeira M\u00e3o, jornalistico da r\u00e1dio web 2 de julho retransmitido pela r\u00e1dio Ouro Negro 100.5 FM que vai ao ar de segunda a sexta-feira, das 6 as 8 da manh\u00e3. Marconi se junta a equipe"},"aioseo_meta_data":{"post_id":"20328","title":null,"description":null,"keywords":null,"keyphrases":null,"primary_term":null,"canonical_url":null,"og_title":null,"og_description":null,"og_object_type":"default","og_image_type":"default","og_image_url":null,"og_image_width":null,"og_image_height":null,"og_image_custom_url":null,"og_image_custom_fields":null,"og_video":null,"og_custom_url":null,"og_article_section":null,"og_article_tags":null,"twitter_use_og":false,"twitter_card":"default","twitter_image_type":"default","twitter_image_url":null,"twitter_image_custom_url":null,"twitter_image_custom_fields":null,"twitter_title":null,"twitter_description":null,"schema":{"blockGraphs":[],"customGraphs":[],"default":{"data":{"Article":[],"Course":[],"Dataset":[],"FAQPage":[],"Movie":[],"Person":[],"Product":[],"ProductReview":[],"Car":[],"Recipe":[],"Service":[],"SoftwareApplication":[],"WebPage":[]},"graphName":"","isEnabled":true},"graphs":[]},"schema_type":"default","schema_type_options":null,"pillar_content":false,"robots_default":true,"robots_noindex":false,"robots_noarchive":false,"robots_nosnippet":false,"robots_nofollow":false,"robots_noimageindex":false,"robots_noodp":false,"robots_notranslate":false,"robots_max_snippet":null,"robots_max_videopreview":null,"robots_max_imagepreview":"large","priority":null,"frequency":null,"local_seo":null,"breadcrumb_settings":null,"limit_modified_date":false,"ai":null,"created":"2023-06-12 16:08:43","updated":"2025-07-11 02:44:49","seo_analyzer_scan_date":null},"aioseo_breadcrumb":"<div class=\"aioseo-breadcrumbs\"><span class=\"aioseo-breadcrumb\">\n\t\t\t<a href=\"https:\/\/newsinfoco.com.br\/inicio\" title=\"In\u00edcio\">In\u00edcio<\/a>\n\t\t<\/span><span class=\"aioseo-breadcrumb-separator\">&raquo;<\/span><span class=\"aioseo-breadcrumb\">\n\t\t\t<a href=\"https:\/\/newsinfoco.com.br\/inicio\/category\/exclusivas\/\" title=\"Manchete\">Manchete<\/a>\n\t\t<\/span><span class=\"aioseo-breadcrumb-separator\">&raquo;<\/span><span class=\"aioseo-breadcrumb\">\n\t\t\tMarconi William acerta com a r\u00e1dio 2 de Julho e refor\u00e7ar\u00e1 a bancada do Programa Primeira M\u00e3o; estr\u00e9ia ser\u00e1 nesta segunda-feira(17)\n\t\t<\/span><\/div>","aioseo_breadcrumb_json":[{"label":"In\u00edcio","link":"https:\/\/newsinfoco.com.br\/inicio"},{"label":"Manchete","link":"https:\/\/newsinfoco.com.br\/inicio\/category\/exclusivas\/"},{"label":"Marconi William acerta com a r\u00e1dio 2 de Julho e refor\u00e7ar\u00e1 a bancada do Programa Primeira M\u00e3o; estr\u00e9ia ser\u00e1 nesta segunda-feira(17)","link":"https:\/\/newsinfoco.com.br\/inicio\/marconi-william-acerta-com-a-radio-2-de-julho-e-reforcara-a-bancada-do-programa-primeira-mao-estreia-sera-nesta-segunda-feira17\/"}],"_links":{"self":[{"href":"https:\/\/newsinfoco.com.br\/inicio\/wp-json\/wp\/v2\/posts\/20328","targetHints":{"allow":["GET"]}}],"collection":[{"href":"https:\/\/newsinfoco.com.br\/inicio\/wp-json\/wp\/v2\/posts"}],"about":[{"href":"https:\/\/newsinfoco.com.br\/inicio\/wp-json\/wp\/v2\/types\/post"}],"author":[{"embeddable":true,"href":"https:\/\/newsinfoco.com.br\/inicio\/wp-json\/wp\/v2\/users\/1"}],"replies":[{"embeddable":true,"href":"https:\/\/newsinfoco.com.br\/inicio\/wp-json\/wp\/v2\/comments?post=20328"}],"version-history":[{"count":0,"href":"https:\/\/newsinfoco.com.br\/inicio\/wp-json\/wp\/v2\/posts\/20328\/revisions"}],"wp:featuredmedia":[{"embeddable":true,"href":"https:\/\/newsinfoco.com.br\/inicio\/wp-json\/wp\/v2\/media\/20329"}],"wp:attachment":[{"href":"https:\/\/newsinfoco.com.br\/inicio\/wp-json\/wp\/v2\/media?parent=20328"}],"wp:term":[{"taxonomy":"category","embeddable":true,"href":"https:\/\/newsinfoco.com.br\/inicio\/wp-json\/wp\/v2\/categories?post=20328"},{"taxonomy":"post_tag","embeddable":true,"href":"https:\/\/newsinfoco.com.br\/inicio\/wp-json\/wp\/v2\/tags?post=20328"}],"curies":[{"name":"wp","href":"https:\/\/api.w.org\/{rel}","templated":true}]}}