{"id":20380,"date":"2020-02-15T18:03:11","date_gmt":"2020-02-15T21:03:11","guid":{"rendered":"http:\/\/newsinfoco.com.br\/?p=20380"},"modified":"2020-02-15T18:03:11","modified_gmt":"2020-02-15T21:03:11","slug":"vizinhanca-da-familia-que-abrigou-adriano-no-interior-da-bahia-vive-clima-tenso","status":"publish","type":"post","link":"https:\/\/newsinfoco.com.br\/inicio\/vizinhanca-da-familia-que-abrigou-adriano-no-interior-da-bahia-vive-clima-tenso\/","title":{"rendered":"Vizinhan\u00e7a da fam\u00edlia que abrigou Adriano no interior da Bahia vive clima tenso"},"content":{"rendered":"<p style=\"text-align: justify;\">Investigado pela Pol\u00edcia baiana por supostamente ter dado abrigo ao miliciano Adriano Magalh\u00e3es da N\u00f3brega, morto pela PM no domingo, 9, em Esplanada, no litoral norte da Bahia, o fazendeiro Leandro Guimar\u00e3es desapareceu nos \u00faltimos dias, em meio a ambiente de tens\u00e3o na regi\u00e3o. Em Esplanada, o Parque Gilton Guimar\u00e3es, fazenda de Leandro onde Adriano se escondeu, aberto e acess\u00edvel at\u00e9 a quinta-feira, 13, foi fechado com corrente a forasteiros. J\u00e1 em Pojuca, a 80 quil\u00f4metros dali, jornalistas da revista Veja, que procuravam o empres\u00e1rio, foram detidos por policiais. Uma equipe do Estado tamb\u00e9m tentou ach\u00e1-lo. Foi recebida com temor e quase nenhuma informa\u00e7\u00e3o por moradores.<\/p>\n<p style=\"text-align: justify;\">Leandro Guimar\u00e3es \u00e9 uma esp\u00e9cie de celebridade local, por causa das vaquejadas que organiza em Esplanada, munic\u00edpio de menos de 30 mil habitantes no litoral norte da Bahia. Pertence a uma fam\u00edlia abastada que, al\u00e9m de promover vaquejadas com pr\u00eamios de mais de R$ 100 mil, tem atua\u00e7\u00e3o pol\u00edtica em Pojuca. Nas duas cidades, os Guimar\u00e3es s\u00e3o figuras conhecidas. Para descobrir onde moram, basta pedir informa\u00e7\u00e3o a qualquer um em posto de gasolina, lanchonete ou na beira da estrada. Todos sabem.<\/p>\n<p style=\"text-align: justify;\">Em Pojuca, um dos irm\u00e3os de Leandro, Lucas Jos\u00e9 Abreu Guimar\u00e3es, \u00e9 secret\u00e1rio de Servi\u00e7os P\u00fablicos e Meio Ambiente, al\u00e9m de filiado ao PDT. Tamb\u00e9m no munic\u00edpio, Leandro tem filia\u00e7\u00e3o ativa no Podemos desde 2003.<\/p>\n<p style=\"text-align: justify;\">\u201cS\u00e3o meninos bons\u201d, disse uma vizinha, sem se identificar.<\/p>\n<p style=\"text-align: justify;\">O \u201ccapit\u00e3o\u201d Adriano era chefe da mil\u00edcia Escrit\u00f3rio do Crime, investigada nas opera\u00e7\u00f5es Os Intoc\u00e1veis e Os Intoc\u00e1veis II. Fugiu do Rio h\u00e1 mais de um ano. Era filho de Raimunda Veras Magalh\u00e3es e ex-marido de Danielle Mendon\u00e7a da Costa. As duas foram nomeadas assessoras de Flavio Bolsonaro, ent\u00e3o deputado estadual na Assembleia Legislativa do Rio e filho do presidente Jair Bolsonaro. S\u00e3o investigadas por suposto envolvimento no esquema de \u201crachadinha\u201d (devolu\u00e7\u00e3o de sal\u00e1rios ao parlamentar), do qual Adriano tamb\u00e9m teria se beneficiado. Depois de escapar a um cerco policial na Costa do Sau\u00edpe, em janeiro, ele foi para Esplanada, onde foi abrigado por Leandro em sua fazenda. L\u00e1, apurou o Estado, o suspeito circulava a cavalo e exibindo fuzil.<\/p>\n<p style=\"text-align: justify;\">O envolvimento \u2013 ainda nebuloso \u2013 de Leandro com o miliciano foragido da Justi\u00e7a do Rio intriga moradores das duas cidades. Na fazenda de Esplanada, os funcion\u00e1rios demonstravam preocupa\u00e7\u00e3o com o futuro, j\u00e1 que n\u00e3o veem o patr\u00e3o desde o s\u00e1bado, 8. Foi quando policiais prenderam Leandro por porte ilegal de arma. Esta semana, o empres\u00e1rio ganhou da Justi\u00e7a baiana a liberdade, com uso de tornozeleira eletr\u00f4nica e pagamento de fian\u00e7a. Mas os funcion\u00e1rios da propriedade sentem falta do comando do chefe.<\/p>\n<p style=\"text-align: justify;\">\u201cLeandro arranjou um problem\u00e3o pra ele, vai ser dif\u00edcil se explicar\u201d, comentou um funcion\u00e1rio na manh\u00e3 de quinta-feira, 13.<\/p>\n<p style=\"text-align: justify;\">O fazendeiro afirma ter conhecido Adriano nas vaquejadas que organiza. Disse \u00e0 Pol\u00edcia que n\u00e3o sabia que o ex-oficial era um homem procurado. Afirmou ainda que o Adriano dizia querer comprar fazendas na regi\u00e3o \u2013 o empres\u00e1rio lhe teria mostrado algumas. S\u00f3 percebeu que o ex-policial era perigoso quando ele, acuado, o amea\u00e7ou. A Pol\u00edcia investiga essa vers\u00e3o.<\/p>\n<p style=\"text-align: justify;\">O Estado tentou localizar Leandro em Pojuca, pouco depois da deten\u00e7\u00e3o da equipe de Veja. O inc\u00f4modo de moradores das casas humildes com a presen\u00e7a da equipe de reportagem era n\u00edtido e quase de irrita\u00e7\u00e3o. Ao chamar por Leandro da entrada da casa, a reportagem recebeu apenas um aceno negativo por parte de um homem que estava l\u00e1 dentro.<\/p>\n<p style=\"text-align: justify;\">\u201cEle n\u00e3o est\u00e1\u201d, limitou-se a dizer.<\/p>\n<p style=\"text-align: justify;\">Quem tamb\u00e9m n\u00e3o tem sido visto em Esplanada nos \u00faltimos dias \u00e9 o vereador Gilson de Ded\u00e9 (PSL), dono da casa onde Adriano foi morto no \u00faltimo domingo. N\u00e3o apareceu na C\u00e2mara Municipal, e as pessoas abordadas afirmaram n\u00e3o saber dele. O Estado apurou que o parlamentar frequentava a fazenda de Leandro, visitada por muitos moradores interessados nas vaquejadas. A Pol\u00edcia considera plaus\u00edvel a vers\u00e3o do pol\u00edtico: ele disse que n\u00e3o conhecia Adriano que, em fuga, abrigou-se no im\u00f3vel vazio.<\/p>\n<div class='share-to-whatsapp-wrapper'><div class='share-on-whsp'>Share on: <\/div><a data-text='Vizinhan\u00e7a da fam\u00edlia que abrigou Adriano no interior da Bahia vive clima tenso' data-link='https:\/\/newsinfoco.com.br\/inicio\/vizinhanca-da-familia-que-abrigou-adriano-no-interior-da-bahia-vive-clima-tenso\/' class='whatsapp-button whatsapp-share'>WhatsApp<\/a><div class='clear '><\/div><\/div>","protected":false},"excerpt":{"rendered":"<p>Investigado pela Pol\u00edcia baiana por supostamente ter dado abrigo ao miliciano Adriano Magalh\u00e3es da N\u00f3brega, morto pela PM no domingo, 9, em Esplanada, no litoral norte da Bahia, o fazendeiro Leandro Guimar\u00e3es desapareceu nos \u00faltimos dias, em meio a ambiente de tens\u00e3o na regi\u00e3o. Em Esplanada, o Parque Gilton Guimar\u00e3es, fazenda de Leandro onde Adriano [&hellip;]<\/p>\n","protected":false},"author":1,"featured_media":20381,"comment_status":"open","ping_status":"open","sticky":false,"template":"","format":"standard","meta":{"om_disable_all_campaigns":false,"rop_custom_images_group":[],"rop_custom_messages_group":[],"rop_publish_now":"initial","rop_publish_now_accounts":[],"rop_publish_now_history":[],"rop_publish_now_status":"pending","_exactmetrics_skip_tracking":false,"footnotes":""},"categories":[19],"tags":[],"class_list":["post-20380","post","type-post","status-publish","format-standard","has-post-thumbnail","hentry","category-bahia"],"aioseo_notices":[],"aioseo_head":"\n\t\t<!-- All in One SEO 4.9.10 - aioseo.com -->\n\t<meta name=\"description\" content=\"Investigado pela Pol\u00edcia baiana por supostamente ter dado abrigo ao miliciano Adriano Magalh\u00e3es da N\u00f3brega, morto pela PM no domingo, 9, em Esplanada, no litoral norte da Bahia, o fazendeiro Leandro Guimar\u00e3es desapareceu nos \u00faltimos dias, em meio a ambiente de tens\u00e3o na regi\u00e3o. Em Esplanada, o Parque Gilton Guimar\u00e3es, fazenda de Leandro onde Adriano\" \/>\n\t<meta name=\"robots\" content=\"max-image-preview:large\" \/>\n\t<meta name=\"author\" content=\"administrador\"\/>\n\t<link rel=\"canonical\" href=\"https:\/\/newsinfoco.com.br\/inicio\/vizinhanca-da-familia-que-abrigou-adriano-no-interior-da-bahia-vive-clima-tenso\/\" \/>\n\t<meta name=\"generator\" content=\"All in One SEO (AIOSEO) 4.9.10\" \/>\n\t\t<meta property=\"og:locale\" content=\"pt_BR\" \/>\n\t\t<meta property=\"og:site_name\" content=\"News In Foco - Editado por Caio Pimenta - O principal site de noticias de Alagoinhas e regi\u00e3o\" \/>\n\t\t<meta property=\"og:type\" content=\"article\" \/>\n\t\t<meta property=\"og:title\" content=\"Vizinhan\u00e7a da fam\u00edlia que abrigou Adriano no interior da Bahia vive clima tenso - News In Foco - Editado por Caio Pimenta\" \/>\n\t\t<meta property=\"og:description\" content=\"Investigado pela Pol\u00edcia baiana por supostamente ter dado abrigo ao miliciano Adriano Magalh\u00e3es da N\u00f3brega, morto pela PM no domingo, 9, em Esplanada, no litoral norte da Bahia, o fazendeiro Leandro Guimar\u00e3es desapareceu nos \u00faltimos dias, em meio a ambiente de tens\u00e3o na regi\u00e3o. Em Esplanada, o Parque Gilton Guimar\u00e3es, fazenda de Leandro onde Adriano\" \/>\n\t\t<meta property=\"og:url\" content=\"https:\/\/newsinfoco.com.br\/inicio\/vizinhanca-da-familia-que-abrigou-adriano-no-interior-da-bahia-vive-clima-tenso\/\" \/>\n\t\t<meta property=\"article:published_time\" content=\"2020-02-15T21:03:11+00:00\" \/>\n\t\t<meta property=\"article:modified_time\" content=\"2020-02-15T21:03:11+00:00\" \/>\n\t\t<meta name=\"twitter:card\" content=\"summary_large_image\" \/>\n\t\t<meta name=\"twitter:title\" content=\"Vizinhan\u00e7a da fam\u00edlia que abrigou Adriano no interior da Bahia vive clima tenso - News In Foco - Editado por Caio Pimenta\" \/>\n\t\t<meta name=\"twitter:description\" content=\"Investigado pela Pol\u00edcia baiana por supostamente ter dado abrigo ao miliciano Adriano Magalh\u00e3es da N\u00f3brega, morto pela PM no domingo, 9, em Esplanada, no litoral norte da Bahia, o fazendeiro Leandro Guimar\u00e3es desapareceu nos \u00faltimos dias, em meio a ambiente de tens\u00e3o na regi\u00e3o. Em Esplanada, o Parque Gilton Guimar\u00e3es, fazenda de Leandro onde Adriano\" \/>\n\t\t<script type=\"application\/ld+json\" class=\"aioseo-schema\">\n\t\t\t{\"@context\":\"https:\\\/\\\/schema.org\",\"@graph\":[{\"@type\":\"BlogPosting\",\"@id\":\"https:\\\/\\\/newsinfoco.com.br\\\/inicio\\\/vizinhanca-da-familia-que-abrigou-adriano-no-interior-da-bahia-vive-clima-tenso\\\/#blogposting\",\"name\":\"Vizinhan\\u00e7a da fam\\u00edlia que abrigou Adriano no interior da Bahia vive clima tenso - News In Foco - Editado por Caio Pimenta\",\"headline\":\"Vizinhan\\u00e7a da fam\\u00edlia que abrigou Adriano no interior da Bahia vive clima tenso\",\"author\":{\"@id\":\"https:\\\/\\\/newsinfoco.com.br\\\/inicio\\\/author\\\/administrador\\\/#author\"},\"publisher\":{\"@id\":\"https:\\\/\\\/newsinfoco.com.br\\\/inicio\\\/#organization\"},\"image\":{\"@type\":\"ImageObject\",\"url\":\"https:\\\/\\\/newsinfoco.com.br\\\/inicio\\\/wp-content\\\/uploads\\\/2020\\\/02\\\/placa-do-parque-gilton-guimar\\u00e3es_wilton-j\\u00fanior_estad\\u00e3o-900x615-1.jpg\",\"width\":900,\"height\":615,\"caption\":\"Placa para o Parque Gilton Guimar\\u00e3es\"},\"datePublished\":\"2020-02-15T18:03:11-03:00\",\"dateModified\":\"2020-02-15T18:03:11-03:00\",\"inLanguage\":\"pt-BR\",\"mainEntityOfPage\":{\"@id\":\"https:\\\/\\\/newsinfoco.com.br\\\/inicio\\\/vizinhanca-da-familia-que-abrigou-adriano-no-interior-da-bahia-vive-clima-tenso\\\/#webpage\"},\"isPartOf\":{\"@id\":\"https:\\\/\\\/newsinfoco.com.br\\\/inicio\\\/vizinhanca-da-familia-que-abrigou-adriano-no-interior-da-bahia-vive-clima-tenso\\\/#webpage\"},\"articleSection\":\"Bahia\"},{\"@type\":\"BreadcrumbList\",\"@id\":\"https:\\\/\\\/newsinfoco.com.br\\\/inicio\\\/vizinhanca-da-familia-que-abrigou-adriano-no-interior-da-bahia-vive-clima-tenso\\\/#breadcrumblist\",\"itemListElement\":[{\"@type\":\"ListItem\",\"@id\":\"https:\\\/\\\/newsinfoco.com.br\\\/inicio#listItem\",\"position\":1,\"name\":\"In\\u00edcio\",\"item\":\"https:\\\/\\\/newsinfoco.com.br\\\/inicio\",\"nextItem\":{\"@type\":\"ListItem\",\"@id\":\"https:\\\/\\\/newsinfoco.com.br\\\/inicio\\\/category\\\/bahia\\\/#listItem\",\"name\":\"Bahia\"}},{\"@type\":\"ListItem\",\"@id\":\"https:\\\/\\\/newsinfoco.com.br\\\/inicio\\\/category\\\/bahia\\\/#listItem\",\"position\":2,\"name\":\"Bahia\",\"item\":\"https:\\\/\\\/newsinfoco.com.br\\\/inicio\\\/category\\\/bahia\\\/\",\"nextItem\":{\"@type\":\"ListItem\",\"@id\":\"https:\\\/\\\/newsinfoco.com.br\\\/inicio\\\/vizinhanca-da-familia-que-abrigou-adriano-no-interior-da-bahia-vive-clima-tenso\\\/#listItem\",\"name\":\"Vizinhan\\u00e7a da fam\\u00edlia que abrigou Adriano no interior da Bahia vive clima tenso\"},\"previousItem\":{\"@type\":\"ListItem\",\"@id\":\"https:\\\/\\\/newsinfoco.com.br\\\/inicio#listItem\",\"name\":\"In\\u00edcio\"}},{\"@type\":\"ListItem\",\"@id\":\"https:\\\/\\\/newsinfoco.com.br\\\/inicio\\\/vizinhanca-da-familia-que-abrigou-adriano-no-interior-da-bahia-vive-clima-tenso\\\/#listItem\",\"position\":3,\"name\":\"Vizinhan\\u00e7a da fam\\u00edlia que abrigou Adriano no interior da Bahia vive clima tenso\",\"previousItem\":{\"@type\":\"ListItem\",\"@id\":\"https:\\\/\\\/newsinfoco.com.br\\\/inicio\\\/category\\\/bahia\\\/#listItem\",\"name\":\"Bahia\"}}]},{\"@type\":\"Organization\",\"@id\":\"https:\\\/\\\/newsinfoco.com.br\\\/inicio\\\/#organization\",\"name\":\"News In Foco - Editado por Caio Pimenta\",\"description\":\"O principal site de noticias de Alagoinhas e regi\\u00e3o\",\"url\":\"https:\\\/\\\/newsinfoco.com.br\\\/inicio\\\/\"},{\"@type\":\"Person\",\"@id\":\"https:\\\/\\\/newsinfoco.com.br\\\/inicio\\\/author\\\/administrador\\\/#author\",\"url\":\"https:\\\/\\\/newsinfoco.com.br\\\/inicio\\\/author\\\/administrador\\\/\",\"name\":\"administrador\",\"image\":{\"@type\":\"ImageObject\",\"@id\":\"https:\\\/\\\/newsinfoco.com.br\\\/inicio\\\/vizinhanca-da-familia-que-abrigou-adriano-no-interior-da-bahia-vive-clima-tenso\\\/#authorImage\",\"url\":\"https:\\\/\\\/secure.gravatar.com\\\/avatar\\\/c17a617433de8c1dc9584bb79aab7563b46f5bb7e1728c9b17d9cc3ce6a08e49?s=96&d=mm&r=g\",\"width\":96,\"height\":96,\"caption\":\"administrador\"}},{\"@type\":\"WebPage\",\"@id\":\"https:\\\/\\\/newsinfoco.com.br\\\/inicio\\\/vizinhanca-da-familia-que-abrigou-adriano-no-interior-da-bahia-vive-clima-tenso\\\/#webpage\",\"url\":\"https:\\\/\\\/newsinfoco.com.br\\\/inicio\\\/vizinhanca-da-familia-que-abrigou-adriano-no-interior-da-bahia-vive-clima-tenso\\\/\",\"name\":\"Vizinhan\\u00e7a da fam\\u00edlia que abrigou Adriano no interior da Bahia vive clima tenso - News In Foco - Editado por Caio Pimenta\",\"description\":\"Investigado pela Pol\\u00edcia baiana por supostamente ter dado abrigo ao miliciano Adriano Magalh\\u00e3es da N\\u00f3brega, morto pela PM no domingo, 9, em Esplanada, no litoral norte da Bahia, o fazendeiro Leandro Guimar\\u00e3es desapareceu nos \\u00faltimos dias, em meio a ambiente de tens\\u00e3o na regi\\u00e3o. Em Esplanada, o Parque Gilton Guimar\\u00e3es, fazenda de Leandro onde Adriano\",\"inLanguage\":\"pt-BR\",\"isPartOf\":{\"@id\":\"https:\\\/\\\/newsinfoco.com.br\\\/inicio\\\/#website\"},\"breadcrumb\":{\"@id\":\"https:\\\/\\\/newsinfoco.com.br\\\/inicio\\\/vizinhanca-da-familia-que-abrigou-adriano-no-interior-da-bahia-vive-clima-tenso\\\/#breadcrumblist\"},\"author\":{\"@id\":\"https:\\\/\\\/newsinfoco.com.br\\\/inicio\\\/author\\\/administrador\\\/#author\"},\"creator\":{\"@id\":\"https:\\\/\\\/newsinfoco.com.br\\\/inicio\\\/author\\\/administrador\\\/#author\"},\"image\":{\"@type\":\"ImageObject\",\"url\":\"https:\\\/\\\/newsinfoco.com.br\\\/inicio\\\/wp-content\\\/uploads\\\/2020\\\/02\\\/placa-do-parque-gilton-guimar\\u00e3es_wilton-j\\u00fanior_estad\\u00e3o-900x615-1.jpg\",\"@id\":\"https:\\\/\\\/newsinfoco.com.br\\\/inicio\\\/vizinhanca-da-familia-que-abrigou-adriano-no-interior-da-bahia-vive-clima-tenso\\\/#mainImage\",\"width\":900,\"height\":615,\"caption\":\"Placa para o Parque Gilton Guimar\\u00e3es\"},\"primaryImageOfPage\":{\"@id\":\"https:\\\/\\\/newsinfoco.com.br\\\/inicio\\\/vizinhanca-da-familia-que-abrigou-adriano-no-interior-da-bahia-vive-clima-tenso\\\/#mainImage\"},\"datePublished\":\"2020-02-15T18:03:11-03:00\",\"dateModified\":\"2020-02-15T18:03:11-03:00\"},{\"@type\":\"WebSite\",\"@id\":\"https:\\\/\\\/newsinfoco.com.br\\\/inicio\\\/#website\",\"url\":\"https:\\\/\\\/newsinfoco.com.br\\\/inicio\\\/\",\"name\":\"News In Foco - Editado por Caio Pimenta\",\"description\":\"O principal site de noticias de Alagoinhas e regi\\u00e3o\",\"inLanguage\":\"pt-BR\",\"publisher\":{\"@id\":\"https:\\\/\\\/newsinfoco.com.br\\\/inicio\\\/#organization\"}}]}\n\t\t<\/script>\n\t\t<!-- All in One SEO -->\n\n","aioseo_head_json":{"title":"Vizinhan\u00e7a da fam\u00edlia que abrigou Adriano no interior da Bahia vive clima tenso - News In Foco - Editado por Caio Pimenta","description":"Investigado pela Pol\u00edcia baiana por supostamente ter dado abrigo ao miliciano Adriano Magalh\u00e3es da N\u00f3brega, morto pela PM no domingo, 9, em Esplanada, no litoral norte da Bahia, o fazendeiro Leandro Guimar\u00e3es desapareceu nos \u00faltimos dias, em meio a ambiente de tens\u00e3o na regi\u00e3o. Em Esplanada, o Parque Gilton Guimar\u00e3es, fazenda de Leandro onde Adriano","canonical_url":"https:\/\/newsinfoco.com.br\/inicio\/vizinhanca-da-familia-que-abrigou-adriano-no-interior-da-bahia-vive-clima-tenso\/","robots":"max-image-preview:large","keywords":"","webmasterTools":{"miscellaneous":""},"schema":{"@context":"https:\/\/schema.org","@graph":[{"@type":"BlogPosting","@id":"https:\/\/newsinfoco.com.br\/inicio\/vizinhanca-da-familia-que-abrigou-adriano-no-interior-da-bahia-vive-clima-tenso\/#blogposting","name":"Vizinhan\u00e7a da fam\u00edlia que abrigou Adriano no interior da Bahia vive clima tenso - News In Foco - Editado por Caio Pimenta","headline":"Vizinhan\u00e7a da fam\u00edlia que abrigou Adriano no interior da Bahia vive clima tenso","author":{"@id":"https:\/\/newsinfoco.com.br\/inicio\/author\/administrador\/#author"},"publisher":{"@id":"https:\/\/newsinfoco.com.br\/inicio\/#organization"},"image":{"@type":"ImageObject","url":"https:\/\/newsinfoco.com.br\/inicio\/wp-content\/uploads\/2020\/02\/placa-do-parque-gilton-guimar\u00e3es_wilton-j\u00fanior_estad\u00e3o-900x615-1.jpg","width":900,"height":615,"caption":"Placa para o Parque Gilton Guimar\u00e3es"},"datePublished":"2020-02-15T18:03:11-03:00","dateModified":"2020-02-15T18:03:11-03:00","inLanguage":"pt-BR","mainEntityOfPage":{"@id":"https:\/\/newsinfoco.com.br\/inicio\/vizinhanca-da-familia-que-abrigou-adriano-no-interior-da-bahia-vive-clima-tenso\/#webpage"},"isPartOf":{"@id":"https:\/\/newsinfoco.com.br\/inicio\/vizinhanca-da-familia-que-abrigou-adriano-no-interior-da-bahia-vive-clima-tenso\/#webpage"},"articleSection":"Bahia"},{"@type":"BreadcrumbList","@id":"https:\/\/newsinfoco.com.br\/inicio\/vizinhanca-da-familia-que-abrigou-adriano-no-interior-da-bahia-vive-clima-tenso\/#breadcrumblist","itemListElement":[{"@type":"ListItem","@id":"https:\/\/newsinfoco.com.br\/inicio#listItem","position":1,"name":"In\u00edcio","item":"https:\/\/newsinfoco.com.br\/inicio","nextItem":{"@type":"ListItem","@id":"https:\/\/newsinfoco.com.br\/inicio\/category\/bahia\/#listItem","name":"Bahia"}},{"@type":"ListItem","@id":"https:\/\/newsinfoco.com.br\/inicio\/category\/bahia\/#listItem","position":2,"name":"Bahia","item":"https:\/\/newsinfoco.com.br\/inicio\/category\/bahia\/","nextItem":{"@type":"ListItem","@id":"https:\/\/newsinfoco.com.br\/inicio\/vizinhanca-da-familia-que-abrigou-adriano-no-interior-da-bahia-vive-clima-tenso\/#listItem","name":"Vizinhan\u00e7a da fam\u00edlia que abrigou Adriano no interior da Bahia vive clima tenso"},"previousItem":{"@type":"ListItem","@id":"https:\/\/newsinfoco.com.br\/inicio#listItem","name":"In\u00edcio"}},{"@type":"ListItem","@id":"https:\/\/newsinfoco.com.br\/inicio\/vizinhanca-da-familia-que-abrigou-adriano-no-interior-da-bahia-vive-clima-tenso\/#listItem","position":3,"name":"Vizinhan\u00e7a da fam\u00edlia que abrigou Adriano no interior da Bahia vive clima tenso","previousItem":{"@type":"ListItem","@id":"https:\/\/newsinfoco.com.br\/inicio\/category\/bahia\/#listItem","name":"Bahia"}}]},{"@type":"Organization","@id":"https:\/\/newsinfoco.com.br\/inicio\/#organization","name":"News In Foco - Editado por Caio Pimenta","description":"O principal site de noticias de Alagoinhas e regi\u00e3o","url":"https:\/\/newsinfoco.com.br\/inicio\/"},{"@type":"Person","@id":"https:\/\/newsinfoco.com.br\/inicio\/author\/administrador\/#author","url":"https:\/\/newsinfoco.com.br\/inicio\/author\/administrador\/","name":"administrador","image":{"@type":"ImageObject","@id":"https:\/\/newsinfoco.com.br\/inicio\/vizinhanca-da-familia-que-abrigou-adriano-no-interior-da-bahia-vive-clima-tenso\/#authorImage","url":"https:\/\/secure.gravatar.com\/avatar\/c17a617433de8c1dc9584bb79aab7563b46f5bb7e1728c9b17d9cc3ce6a08e49?s=96&d=mm&r=g","width":96,"height":96,"caption":"administrador"}},{"@type":"WebPage","@id":"https:\/\/newsinfoco.com.br\/inicio\/vizinhanca-da-familia-que-abrigou-adriano-no-interior-da-bahia-vive-clima-tenso\/#webpage","url":"https:\/\/newsinfoco.com.br\/inicio\/vizinhanca-da-familia-que-abrigou-adriano-no-interior-da-bahia-vive-clima-tenso\/","name":"Vizinhan\u00e7a da fam\u00edlia que abrigou Adriano no interior da Bahia vive clima tenso - News In Foco - Editado por Caio Pimenta","description":"Investigado pela Pol\u00edcia baiana por supostamente ter dado abrigo ao miliciano Adriano Magalh\u00e3es da N\u00f3brega, morto pela PM no domingo, 9, em Esplanada, no litoral norte da Bahia, o fazendeiro Leandro Guimar\u00e3es desapareceu nos \u00faltimos dias, em meio a ambiente de tens\u00e3o na regi\u00e3o. Em Esplanada, o Parque Gilton Guimar\u00e3es, fazenda de Leandro onde Adriano","inLanguage":"pt-BR","isPartOf":{"@id":"https:\/\/newsinfoco.com.br\/inicio\/#website"},"breadcrumb":{"@id":"https:\/\/newsinfoco.com.br\/inicio\/vizinhanca-da-familia-que-abrigou-adriano-no-interior-da-bahia-vive-clima-tenso\/#breadcrumblist"},"author":{"@id":"https:\/\/newsinfoco.com.br\/inicio\/author\/administrador\/#author"},"creator":{"@id":"https:\/\/newsinfoco.com.br\/inicio\/author\/administrador\/#author"},"image":{"@type":"ImageObject","url":"https:\/\/newsinfoco.com.br\/inicio\/wp-content\/uploads\/2020\/02\/placa-do-parque-gilton-guimar\u00e3es_wilton-j\u00fanior_estad\u00e3o-900x615-1.jpg","@id":"https:\/\/newsinfoco.com.br\/inicio\/vizinhanca-da-familia-que-abrigou-adriano-no-interior-da-bahia-vive-clima-tenso\/#mainImage","width":900,"height":615,"caption":"Placa para o Parque Gilton Guimar\u00e3es"},"primaryImageOfPage":{"@id":"https:\/\/newsinfoco.com.br\/inicio\/vizinhanca-da-familia-que-abrigou-adriano-no-interior-da-bahia-vive-clima-tenso\/#mainImage"},"datePublished":"2020-02-15T18:03:11-03:00","dateModified":"2020-02-15T18:03:11-03:00"},{"@type":"WebSite","@id":"https:\/\/newsinfoco.com.br\/inicio\/#website","url":"https:\/\/newsinfoco.com.br\/inicio\/","name":"News In Foco - Editado por Caio Pimenta","description":"O principal site de noticias de Alagoinhas e regi\u00e3o","inLanguage":"pt-BR","publisher":{"@id":"https:\/\/newsinfoco.com.br\/inicio\/#organization"}}]},"og:locale":"pt_BR","og:site_name":"News In Foco - Editado por Caio Pimenta - O principal site de noticias de Alagoinhas e regi\u00e3o","og:type":"article","og:title":"Vizinhan\u00e7a da fam\u00edlia que abrigou Adriano no interior da Bahia vive clima tenso - News In Foco - Editado por Caio Pimenta","og:description":"Investigado pela Pol\u00edcia baiana por supostamente ter dado abrigo ao miliciano Adriano Magalh\u00e3es da N\u00f3brega, morto pela PM no domingo, 9, em Esplanada, no litoral norte da Bahia, o fazendeiro Leandro Guimar\u00e3es desapareceu nos \u00faltimos dias, em meio a ambiente de tens\u00e3o na regi\u00e3o. Em Esplanada, o Parque Gilton Guimar\u00e3es, fazenda de Leandro onde Adriano","og:url":"https:\/\/newsinfoco.com.br\/inicio\/vizinhanca-da-familia-que-abrigou-adriano-no-interior-da-bahia-vive-clima-tenso\/","article:published_time":"2020-02-15T21:03:11+00:00","article:modified_time":"2020-02-15T21:03:11+00:00","twitter:card":"summary_large_image","twitter:title":"Vizinhan\u00e7a da fam\u00edlia que abrigou Adriano no interior da Bahia vive clima tenso - News In Foco - Editado por Caio Pimenta","twitter:description":"Investigado pela Pol\u00edcia baiana por supostamente ter dado abrigo ao miliciano Adriano Magalh\u00e3es da N\u00f3brega, morto pela PM no domingo, 9, em Esplanada, no litoral norte da Bahia, o fazendeiro Leandro Guimar\u00e3es desapareceu nos \u00faltimos dias, em meio a ambiente de tens\u00e3o na regi\u00e3o. Em Esplanada, o Parque Gilton Guimar\u00e3es, fazenda de Leandro onde Adriano"},"aioseo_meta_data":{"post_id":"20380","title":null,"description":null,"keywords":null,"keyphrases":null,"primary_term":null,"canonical_url":null,"og_title":null,"og_description":null,"og_object_type":"default","og_image_type":"default","og_image_url":null,"og_image_width":null,"og_image_height":null,"og_image_custom_url":null,"og_image_custom_fields":null,"og_video":null,"og_custom_url":null,"og_article_section":null,"og_article_tags":null,"twitter_use_og":false,"twitter_card":"default","twitter_image_type":"default","twitter_image_url":null,"twitter_image_custom_url":null,"twitter_image_custom_fields":null,"twitter_title":null,"twitter_description":null,"schema":{"blockGraphs":[],"customGraphs":[],"default":{"data":{"Article":[],"Course":[],"Dataset":[],"FAQPage":[],"Movie":[],"Person":[],"Product":[],"ProductReview":[],"Car":[],"Recipe":[],"Service":[],"SoftwareApplication":[],"WebPage":[]},"graphName":"","isEnabled":true},"graphs":[]},"schema_type":"default","schema_type_options":null,"pillar_content":false,"robots_default":true,"robots_noindex":false,"robots_noarchive":false,"robots_nosnippet":false,"robots_nofollow":false,"robots_noimageindex":false,"robots_noodp":false,"robots_notranslate":false,"robots_max_snippet":null,"robots_max_videopreview":null,"robots_max_imagepreview":"large","priority":null,"frequency":null,"local_seo":null,"breadcrumb_settings":null,"limit_modified_date":false,"ai":null,"created":"2023-06-12 16:10:47","updated":"2025-07-11 02:47:04","seo_analyzer_scan_date":null},"aioseo_breadcrumb":"<div class=\"aioseo-breadcrumbs\"><span class=\"aioseo-breadcrumb\">\n\t\t\t<a href=\"https:\/\/newsinfoco.com.br\/inicio\" title=\"In\u00edcio\">In\u00edcio<\/a>\n\t\t<\/span><span class=\"aioseo-breadcrumb-separator\">&raquo;<\/span><span class=\"aioseo-breadcrumb\">\n\t\t\t<a href=\"https:\/\/newsinfoco.com.br\/inicio\/category\/bahia\/\" title=\"Bahia\">Bahia<\/a>\n\t\t<\/span><span class=\"aioseo-breadcrumb-separator\">&raquo;<\/span><span class=\"aioseo-breadcrumb\">\n\t\t\tVizinhan\u00e7a da fam\u00edlia que abrigou Adriano no interior da Bahia vive clima tenso\n\t\t<\/span><\/div>","aioseo_breadcrumb_json":[{"label":"In\u00edcio","link":"https:\/\/newsinfoco.com.br\/inicio"},{"label":"Bahia","link":"https:\/\/newsinfoco.com.br\/inicio\/category\/bahia\/"},{"label":"Vizinhan\u00e7a da fam\u00edlia que abrigou Adriano no interior da Bahia vive clima tenso","link":"https:\/\/newsinfoco.com.br\/inicio\/vizinhanca-da-familia-que-abrigou-adriano-no-interior-da-bahia-vive-clima-tenso\/"}],"_links":{"self":[{"href":"https:\/\/newsinfoco.com.br\/inicio\/wp-json\/wp\/v2\/posts\/20380","targetHints":{"allow":["GET"]}}],"collection":[{"href":"https:\/\/newsinfoco.com.br\/inicio\/wp-json\/wp\/v2\/posts"}],"about":[{"href":"https:\/\/newsinfoco.com.br\/inicio\/wp-json\/wp\/v2\/types\/post"}],"author":[{"embeddable":true,"href":"https:\/\/newsinfoco.com.br\/inicio\/wp-json\/wp\/v2\/users\/1"}],"replies":[{"embeddable":true,"href":"https:\/\/newsinfoco.com.br\/inicio\/wp-json\/wp\/v2\/comments?post=20380"}],"version-history":[{"count":0,"href":"https:\/\/newsinfoco.com.br\/inicio\/wp-json\/wp\/v2\/posts\/20380\/revisions"}],"wp:featuredmedia":[{"embeddable":true,"href":"https:\/\/newsinfoco.com.br\/inicio\/wp-json\/wp\/v2\/media\/20381"}],"wp:attachment":[{"href":"https:\/\/newsinfoco.com.br\/inicio\/wp-json\/wp\/v2\/media?parent=20380"}],"wp:term":[{"taxonomy":"category","embeddable":true,"href":"https:\/\/newsinfoco.com.br\/inicio\/wp-json\/wp\/v2\/categories?post=20380"},{"taxonomy":"post_tag","embeddable":true,"href":"https:\/\/newsinfoco.com.br\/inicio\/wp-json\/wp\/v2\/tags?post=20380"}],"curies":[{"name":"wp","href":"https:\/\/api.w.org\/{rel}","templated":true}]}}