{"id":20388,"date":"2020-02-15T18:09:39","date_gmt":"2020-02-15T21:09:39","guid":{"rendered":"http:\/\/newsinfoco.com.br\/?p=20388"},"modified":"2020-02-15T18:09:39","modified_gmt":"2020-02-15T21:09:39","slug":"identidade-estudantil-pode-ser-baixada-de-graca-ate-este-domingo","status":"publish","type":"post","link":"https:\/\/newsinfoco.com.br\/inicio\/identidade-estudantil-pode-ser-baixada-de-graca-ate-este-domingo\/","title":{"rendered":"Identidade estudantil pode ser baixada de gra\u00e7a at\u00e9 este domingo"},"content":{"rendered":"<p style=\"text-align: justify;\">Interessados na identidade estudantil digital t\u00eam at\u00e9 este domingo (16) para tentar garantir o documento, que \u00e9 gratuito. \u00c9 que a Medida Provis\u00f3ria 895\/2019, editada pelo presidente Jair Bolsonaro (sem partido) em setembro, perder\u00e1 a validade na segunda-feira (17). A partir dessa data, o Minist\u00e9rio da Educa\u00e7\u00e3o (MEC) n\u00e3o ter\u00e1 mais autoriza\u00e7\u00e3o para emitir a ID Estudantil.<\/p>\n<p style=\"text-align: justify;\">At\u00e9 as 12h30 deste s\u00e1bado mais de 320 mil ID estudantis j\u00e1 haviam sido emitidas \u2014cada uma a um custo de R$ 0,15 para o governo.<\/p>\n<p style=\"text-align: justify;\">O documento d\u00e1 ao estudante direito a pagar meia-entrada em espet\u00e1culos art\u00edstico-culturais e esportivos e fica dispon\u00edvel no celular. Segundo o MEC, o objetivo \u00e9 oferecer uma alternativa \u00e0 carteirinha de pl\u00e1stico que continua sendo emitida por entidades estudantis como a Uni\u00e3o Nacional dos Estudantes (UNE) e pela Uni\u00e3o Brasileira dos Estudantes Secundaristas (Ubes) e que custa R$ 35.<\/p>\n<p style=\"text-align: justify;\"><strong>Validade<\/strong><br \/>\nDiferentemente das carteirinhas tradicionais, que valem at\u00e9 mar\u00e7o do ano seguinte, segundo o MEC, a ID estudantil poder\u00e1 ser utilizada enquanto a matr\u00edcula do aluno em uma institui\u00e7\u00e3o de ensino estiver ativa no Sistema Educacional Brasileiro (SEB), que \u00e9 um banco de dados nacional dos estudantes.<\/p>\n<p style=\"text-align: justify;\">Mais de 6 milh\u00f5es foram cadastrados na plataforma por 7,1 mil institui\u00e7\u00f5es de educa\u00e7\u00e3o b\u00e1sica e superior. O SEB permite o acompanhamento, por exemplo, da regularidade escolar do estudante. O projeto foi pensado para que as pol\u00edticas p\u00fablicas sejam, cada vez mais, aperfei\u00e7oadas e usado como base para emitir as identidades estudantis.<\/p>\n<p style=\"text-align: justify;\">Como emitir o documento:<\/p>\n<p style=\"text-align: justify;\">\u2013 Baixe o aplicativo \u201cID Estudantil\u201d dispon\u00edvel, gratuitamente, no Google Play ou na Apple Store;<\/p>\n<p style=\"text-align: justify;\">\u2013 Fa\u00e7a um cadastro pelo login do gov.br, usando o CPF e uma senha para acesso ao sistema do governo federal;<\/p>\n<p style=\"text-align: justify;\">\u2013 Clique na op\u00e7\u00e3o para inserir uma nova ID Estudantil e aceite os termos e condi\u00e7\u00f5es;<\/p>\n<p style=\"text-align: justify;\">\u2013 Caso o estudante tenha CNH, ser\u00e1 feito um cruzamento com a fotografia tirada no aplicativo com dados do Denatran para reconhecimento facial. Caso o estudante n\u00e3o tenha esse documento, ser\u00e3o solicitadas uma foto do rosto e uma do RG (frente e verso);<\/p>\n<p style=\"text-align: justify;\">\u2013 Pronto. A ID Estudantil foi criada e ficar\u00e1 dispon\u00edvel no aplicativo.<\/p>\n<p style=\"text-align: justify;\">Tamb\u00e9m \u00e9 poss\u00edvel que o respons\u00e1vel emita o documento para menores de 18 anos. Neste caso, selecione a op\u00e7\u00e3o \u201cID Estudantil \u2013 dependente\u201d<\/p>\n<p style=\"text-align: justify;\"><strong>Congresso Nacional<\/strong><br \/>\nA MP enfrentou resist\u00eancias e n\u00e3o chegou nem a ter a comiss\u00e3o especial mista \u2013 primeira etapa de tramita\u00e7\u00e3o \u2013 instalada no Congresso Nacional. Para partidos de oposi\u00e7\u00e3o, a cria\u00e7\u00e3o da ID Estudantil seria uma forma de retaliar entidades que promoveram manifesta\u00e7\u00f5es de rua contra o governo, especialmente contra o contingenciamento de recursos para a educa\u00e7\u00e3o.<\/p>\n<p style=\"text-align: justify;\">Em uma live no Facebook esta semana, o presidente Jair Bolsonaro lamentou a n\u00e3o aprova\u00e7\u00e3o da medida pelo Congresso. \u201cPelo que tudo indica, nossa MP que permitia ao estudante tirar a carteira pela internet vai caducar. A UNE est\u00e1 vibrando, mas nossa inten\u00e7\u00e3o era facilitar a vida do estudante e evitar que ele tivesse que pagar R$ 35\u201d, disse o presidente.<\/p>\n<p style=\"text-align: justify;\">Perguntada pela Ag\u00eancia Brasil, a assessoria do MEC n\u00e3o respondeu se o governo pretende enviar outra proposta, como um projeto de lei, com o mesmo objetivo ao Congresso.<\/p>\n<div class='share-to-whatsapp-wrapper'><div class='share-on-whsp'>Share on: <\/div><a data-text='Identidade estudantil pode ser baixada de gra\u00e7a at\u00e9 este domingo' data-link='https:\/\/newsinfoco.com.br\/inicio\/identidade-estudantil-pode-ser-baixada-de-graca-ate-este-domingo\/' class='whatsapp-button whatsapp-share'>WhatsApp<\/a><div class='clear '><\/div><\/div>","protected":false},"excerpt":{"rendered":"<p>Interessados na identidade estudantil digital t\u00eam at\u00e9 este domingo (16) para tentar garantir o documento, que \u00e9 gratuito. \u00c9 que a Medida Provis\u00f3ria 895\/2019, editada pelo presidente Jair Bolsonaro (sem partido) em setembro, perder\u00e1 a validade na segunda-feira (17). A partir dessa data, o Minist\u00e9rio da Educa\u00e7\u00e3o (MEC) n\u00e3o ter\u00e1 mais autoriza\u00e7\u00e3o para emitir a [&hellip;]<\/p>\n","protected":false},"author":1,"featured_media":20389,"comment_status":"open","ping_status":"open","sticky":false,"template":"","format":"standard","meta":{"om_disable_all_campaigns":false,"rop_custom_images_group":[],"rop_custom_messages_group":[],"rop_publish_now":"initial","rop_publish_now_accounts":[],"rop_publish_now_history":[],"rop_publish_now_status":"pending","_exactmetrics_skip_tracking":false,"footnotes":""},"categories":[21],"tags":[],"class_list":["post-20388","post","type-post","status-publish","format-standard","has-post-thumbnail","hentry","category-brasil"],"aioseo_notices":[],"aioseo_head":"\n\t\t<!-- All in One SEO 4.9.10 - aioseo.com -->\n\t<meta name=\"description\" content=\"Interessados na identidade estudantil digital t\u00eam at\u00e9 este domingo (16) para tentar garantir o documento, que \u00e9 gratuito. \u00c9 que a Medida Provis\u00f3ria 895\/2019, editada pelo presidente Jair Bolsonaro (sem partido) em setembro, perder\u00e1 a validade na segunda-feira (17). A partir dessa data, o Minist\u00e9rio da Educa\u00e7\u00e3o (MEC) n\u00e3o ter\u00e1 mais autoriza\u00e7\u00e3o para emitir a\" \/>\n\t<meta name=\"robots\" content=\"max-image-preview:large\" \/>\n\t<meta name=\"author\" content=\"administrador\"\/>\n\t<link rel=\"canonical\" href=\"https:\/\/newsinfoco.com.br\/inicio\/identidade-estudantil-pode-ser-baixada-de-graca-ate-este-domingo\/\" \/>\n\t<meta name=\"generator\" content=\"All in One SEO (AIOSEO) 4.9.10\" \/>\n\t\t<meta property=\"og:locale\" content=\"pt_BR\" \/>\n\t\t<meta property=\"og:site_name\" content=\"News In Foco - Editado por Caio Pimenta - O principal site de noticias de Alagoinhas e regi\u00e3o\" \/>\n\t\t<meta property=\"og:type\" content=\"article\" \/>\n\t\t<meta property=\"og:title\" content=\"Identidade estudantil pode ser baixada de gra\u00e7a at\u00e9 este domingo - News In Foco - Editado por Caio Pimenta\" \/>\n\t\t<meta property=\"og:description\" content=\"Interessados na identidade estudantil digital t\u00eam at\u00e9 este domingo (16) para tentar garantir o documento, que \u00e9 gratuito. \u00c9 que a Medida Provis\u00f3ria 895\/2019, editada pelo presidente Jair Bolsonaro (sem partido) em setembro, perder\u00e1 a validade na segunda-feira (17). A partir dessa data, o Minist\u00e9rio da Educa\u00e7\u00e3o (MEC) n\u00e3o ter\u00e1 mais autoriza\u00e7\u00e3o para emitir a\" \/>\n\t\t<meta property=\"og:url\" content=\"https:\/\/newsinfoco.com.br\/inicio\/identidade-estudantil-pode-ser-baixada-de-graca-ate-este-domingo\/\" \/>\n\t\t<meta property=\"article:published_time\" content=\"2020-02-15T21:09:39+00:00\" \/>\n\t\t<meta property=\"article:modified_time\" content=\"2020-02-15T21:09:39+00:00\" \/>\n\t\t<meta name=\"twitter:card\" content=\"summary_large_image\" \/>\n\t\t<meta name=\"twitter:title\" content=\"Identidade estudantil pode ser baixada de gra\u00e7a at\u00e9 este domingo - News In Foco - Editado por Caio Pimenta\" \/>\n\t\t<meta name=\"twitter:description\" content=\"Interessados na identidade estudantil digital t\u00eam at\u00e9 este domingo (16) para tentar garantir o documento, que \u00e9 gratuito. \u00c9 que a Medida Provis\u00f3ria 895\/2019, editada pelo presidente Jair Bolsonaro (sem partido) em setembro, perder\u00e1 a validade na segunda-feira (17). A partir dessa data, o Minist\u00e9rio da Educa\u00e7\u00e3o (MEC) n\u00e3o ter\u00e1 mais autoriza\u00e7\u00e3o para emitir a\" \/>\n\t\t<script type=\"application\/ld+json\" class=\"aioseo-schema\">\n\t\t\t{\"@context\":\"https:\\\/\\\/schema.org\",\"@graph\":[{\"@type\":\"BlogPosting\",\"@id\":\"https:\\\/\\\/newsinfoco.com.br\\\/inicio\\\/identidade-estudantil-pode-ser-baixada-de-graca-ate-este-domingo\\\/#blogposting\",\"name\":\"Identidade estudantil pode ser baixada de gra\\u00e7a at\\u00e9 este domingo - News In Foco - Editado por Caio Pimenta\",\"headline\":\"Identidade estudantil pode ser baixada de gra\\u00e7a at\\u00e9 este domingo\",\"author\":{\"@id\":\"https:\\\/\\\/newsinfoco.com.br\\\/inicio\\\/author\\\/administrador\\\/#author\"},\"publisher\":{\"@id\":\"https:\\\/\\\/newsinfoco.com.br\\\/inicio\\\/#organization\"},\"image\":{\"@type\":\"ImageObject\",\"url\":\"https:\\\/\\\/newsinfoco.com.br\\\/inicio\\\/wp-content\\\/uploads\\\/2020\\\/02\\\/carteira-de-identidade-estudantil.jpg\",\"width\":600,\"height\":420,\"caption\":\"lan\\u00e7amento do aplicativo da ID Estudantil\"},\"datePublished\":\"2020-02-15T18:09:39-03:00\",\"dateModified\":\"2020-02-15T18:09:39-03:00\",\"inLanguage\":\"pt-BR\",\"mainEntityOfPage\":{\"@id\":\"https:\\\/\\\/newsinfoco.com.br\\\/inicio\\\/identidade-estudantil-pode-ser-baixada-de-graca-ate-este-domingo\\\/#webpage\"},\"isPartOf\":{\"@id\":\"https:\\\/\\\/newsinfoco.com.br\\\/inicio\\\/identidade-estudantil-pode-ser-baixada-de-graca-ate-este-domingo\\\/#webpage\"},\"articleSection\":\"Brasil\"},{\"@type\":\"BreadcrumbList\",\"@id\":\"https:\\\/\\\/newsinfoco.com.br\\\/inicio\\\/identidade-estudantil-pode-ser-baixada-de-graca-ate-este-domingo\\\/#breadcrumblist\",\"itemListElement\":[{\"@type\":\"ListItem\",\"@id\":\"https:\\\/\\\/newsinfoco.com.br\\\/inicio#listItem\",\"position\":1,\"name\":\"In\\u00edcio\",\"item\":\"https:\\\/\\\/newsinfoco.com.br\\\/inicio\",\"nextItem\":{\"@type\":\"ListItem\",\"@id\":\"https:\\\/\\\/newsinfoco.com.br\\\/inicio\\\/category\\\/brasil\\\/#listItem\",\"name\":\"Brasil\"}},{\"@type\":\"ListItem\",\"@id\":\"https:\\\/\\\/newsinfoco.com.br\\\/inicio\\\/category\\\/brasil\\\/#listItem\",\"position\":2,\"name\":\"Brasil\",\"item\":\"https:\\\/\\\/newsinfoco.com.br\\\/inicio\\\/category\\\/brasil\\\/\",\"nextItem\":{\"@type\":\"ListItem\",\"@id\":\"https:\\\/\\\/newsinfoco.com.br\\\/inicio\\\/identidade-estudantil-pode-ser-baixada-de-graca-ate-este-domingo\\\/#listItem\",\"name\":\"Identidade estudantil pode ser baixada de gra\\u00e7a at\\u00e9 este domingo\"},\"previousItem\":{\"@type\":\"ListItem\",\"@id\":\"https:\\\/\\\/newsinfoco.com.br\\\/inicio#listItem\",\"name\":\"In\\u00edcio\"}},{\"@type\":\"ListItem\",\"@id\":\"https:\\\/\\\/newsinfoco.com.br\\\/inicio\\\/identidade-estudantil-pode-ser-baixada-de-graca-ate-este-domingo\\\/#listItem\",\"position\":3,\"name\":\"Identidade estudantil pode ser baixada de gra\\u00e7a at\\u00e9 este domingo\",\"previousItem\":{\"@type\":\"ListItem\",\"@id\":\"https:\\\/\\\/newsinfoco.com.br\\\/inicio\\\/category\\\/brasil\\\/#listItem\",\"name\":\"Brasil\"}}]},{\"@type\":\"Organization\",\"@id\":\"https:\\\/\\\/newsinfoco.com.br\\\/inicio\\\/#organization\",\"name\":\"News In Foco - Editado por Caio Pimenta\",\"description\":\"O principal site de noticias de Alagoinhas e regi\\u00e3o\",\"url\":\"https:\\\/\\\/newsinfoco.com.br\\\/inicio\\\/\"},{\"@type\":\"Person\",\"@id\":\"https:\\\/\\\/newsinfoco.com.br\\\/inicio\\\/author\\\/administrador\\\/#author\",\"url\":\"https:\\\/\\\/newsinfoco.com.br\\\/inicio\\\/author\\\/administrador\\\/\",\"name\":\"administrador\",\"image\":{\"@type\":\"ImageObject\",\"@id\":\"https:\\\/\\\/newsinfoco.com.br\\\/inicio\\\/identidade-estudantil-pode-ser-baixada-de-graca-ate-este-domingo\\\/#authorImage\",\"url\":\"https:\\\/\\\/secure.gravatar.com\\\/avatar\\\/c17a617433de8c1dc9584bb79aab7563b46f5bb7e1728c9b17d9cc3ce6a08e49?s=96&d=mm&r=g\",\"width\":96,\"height\":96,\"caption\":\"administrador\"}},{\"@type\":\"WebPage\",\"@id\":\"https:\\\/\\\/newsinfoco.com.br\\\/inicio\\\/identidade-estudantil-pode-ser-baixada-de-graca-ate-este-domingo\\\/#webpage\",\"url\":\"https:\\\/\\\/newsinfoco.com.br\\\/inicio\\\/identidade-estudantil-pode-ser-baixada-de-graca-ate-este-domingo\\\/\",\"name\":\"Identidade estudantil pode ser baixada de gra\\u00e7a at\\u00e9 este domingo - News In Foco - Editado por Caio Pimenta\",\"description\":\"Interessados na identidade estudantil digital t\\u00eam at\\u00e9 este domingo (16) para tentar garantir o documento, que \\u00e9 gratuito. \\u00c9 que a Medida Provis\\u00f3ria 895\\\/2019, editada pelo presidente Jair Bolsonaro (sem partido) em setembro, perder\\u00e1 a validade na segunda-feira (17). A partir dessa data, o Minist\\u00e9rio da Educa\\u00e7\\u00e3o (MEC) n\\u00e3o ter\\u00e1 mais autoriza\\u00e7\\u00e3o para emitir a\",\"inLanguage\":\"pt-BR\",\"isPartOf\":{\"@id\":\"https:\\\/\\\/newsinfoco.com.br\\\/inicio\\\/#website\"},\"breadcrumb\":{\"@id\":\"https:\\\/\\\/newsinfoco.com.br\\\/inicio\\\/identidade-estudantil-pode-ser-baixada-de-graca-ate-este-domingo\\\/#breadcrumblist\"},\"author\":{\"@id\":\"https:\\\/\\\/newsinfoco.com.br\\\/inicio\\\/author\\\/administrador\\\/#author\"},\"creator\":{\"@id\":\"https:\\\/\\\/newsinfoco.com.br\\\/inicio\\\/author\\\/administrador\\\/#author\"},\"image\":{\"@type\":\"ImageObject\",\"url\":\"https:\\\/\\\/newsinfoco.com.br\\\/inicio\\\/wp-content\\\/uploads\\\/2020\\\/02\\\/carteira-de-identidade-estudantil.jpg\",\"@id\":\"https:\\\/\\\/newsinfoco.com.br\\\/inicio\\\/identidade-estudantil-pode-ser-baixada-de-graca-ate-este-domingo\\\/#mainImage\",\"width\":600,\"height\":420,\"caption\":\"lan\\u00e7amento do aplicativo da ID Estudantil\"},\"primaryImageOfPage\":{\"@id\":\"https:\\\/\\\/newsinfoco.com.br\\\/inicio\\\/identidade-estudantil-pode-ser-baixada-de-graca-ate-este-domingo\\\/#mainImage\"},\"datePublished\":\"2020-02-15T18:09:39-03:00\",\"dateModified\":\"2020-02-15T18:09:39-03:00\"},{\"@type\":\"WebSite\",\"@id\":\"https:\\\/\\\/newsinfoco.com.br\\\/inicio\\\/#website\",\"url\":\"https:\\\/\\\/newsinfoco.com.br\\\/inicio\\\/\",\"name\":\"News In Foco - Editado por Caio Pimenta\",\"description\":\"O principal site de noticias de Alagoinhas e regi\\u00e3o\",\"inLanguage\":\"pt-BR\",\"publisher\":{\"@id\":\"https:\\\/\\\/newsinfoco.com.br\\\/inicio\\\/#organization\"}}]}\n\t\t<\/script>\n\t\t<!-- All in One SEO -->\n\n","aioseo_head_json":{"title":"Identidade estudantil pode ser baixada de gra\u00e7a at\u00e9 este domingo - News In Foco - Editado por Caio Pimenta","description":"Interessados na identidade estudantil digital t\u00eam at\u00e9 este domingo (16) para tentar garantir o documento, que \u00e9 gratuito. \u00c9 que a Medida Provis\u00f3ria 895\/2019, editada pelo presidente Jair Bolsonaro (sem partido) em setembro, perder\u00e1 a validade na segunda-feira (17). A partir dessa data, o Minist\u00e9rio da Educa\u00e7\u00e3o (MEC) n\u00e3o ter\u00e1 mais autoriza\u00e7\u00e3o para emitir a","canonical_url":"https:\/\/newsinfoco.com.br\/inicio\/identidade-estudantil-pode-ser-baixada-de-graca-ate-este-domingo\/","robots":"max-image-preview:large","keywords":"","webmasterTools":{"miscellaneous":""},"schema":{"@context":"https:\/\/schema.org","@graph":[{"@type":"BlogPosting","@id":"https:\/\/newsinfoco.com.br\/inicio\/identidade-estudantil-pode-ser-baixada-de-graca-ate-este-domingo\/#blogposting","name":"Identidade estudantil pode ser baixada de gra\u00e7a at\u00e9 este domingo - News In Foco - Editado por Caio Pimenta","headline":"Identidade estudantil pode ser baixada de gra\u00e7a at\u00e9 este domingo","author":{"@id":"https:\/\/newsinfoco.com.br\/inicio\/author\/administrador\/#author"},"publisher":{"@id":"https:\/\/newsinfoco.com.br\/inicio\/#organization"},"image":{"@type":"ImageObject","url":"https:\/\/newsinfoco.com.br\/inicio\/wp-content\/uploads\/2020\/02\/carteira-de-identidade-estudantil.jpg","width":600,"height":420,"caption":"lan\u00e7amento do aplicativo da ID Estudantil"},"datePublished":"2020-02-15T18:09:39-03:00","dateModified":"2020-02-15T18:09:39-03:00","inLanguage":"pt-BR","mainEntityOfPage":{"@id":"https:\/\/newsinfoco.com.br\/inicio\/identidade-estudantil-pode-ser-baixada-de-graca-ate-este-domingo\/#webpage"},"isPartOf":{"@id":"https:\/\/newsinfoco.com.br\/inicio\/identidade-estudantil-pode-ser-baixada-de-graca-ate-este-domingo\/#webpage"},"articleSection":"Brasil"},{"@type":"BreadcrumbList","@id":"https:\/\/newsinfoco.com.br\/inicio\/identidade-estudantil-pode-ser-baixada-de-graca-ate-este-domingo\/#breadcrumblist","itemListElement":[{"@type":"ListItem","@id":"https:\/\/newsinfoco.com.br\/inicio#listItem","position":1,"name":"In\u00edcio","item":"https:\/\/newsinfoco.com.br\/inicio","nextItem":{"@type":"ListItem","@id":"https:\/\/newsinfoco.com.br\/inicio\/category\/brasil\/#listItem","name":"Brasil"}},{"@type":"ListItem","@id":"https:\/\/newsinfoco.com.br\/inicio\/category\/brasil\/#listItem","position":2,"name":"Brasil","item":"https:\/\/newsinfoco.com.br\/inicio\/category\/brasil\/","nextItem":{"@type":"ListItem","@id":"https:\/\/newsinfoco.com.br\/inicio\/identidade-estudantil-pode-ser-baixada-de-graca-ate-este-domingo\/#listItem","name":"Identidade estudantil pode ser baixada de gra\u00e7a at\u00e9 este domingo"},"previousItem":{"@type":"ListItem","@id":"https:\/\/newsinfoco.com.br\/inicio#listItem","name":"In\u00edcio"}},{"@type":"ListItem","@id":"https:\/\/newsinfoco.com.br\/inicio\/identidade-estudantil-pode-ser-baixada-de-graca-ate-este-domingo\/#listItem","position":3,"name":"Identidade estudantil pode ser baixada de gra\u00e7a at\u00e9 este domingo","previousItem":{"@type":"ListItem","@id":"https:\/\/newsinfoco.com.br\/inicio\/category\/brasil\/#listItem","name":"Brasil"}}]},{"@type":"Organization","@id":"https:\/\/newsinfoco.com.br\/inicio\/#organization","name":"News In Foco - Editado por Caio Pimenta","description":"O principal site de noticias de Alagoinhas e regi\u00e3o","url":"https:\/\/newsinfoco.com.br\/inicio\/"},{"@type":"Person","@id":"https:\/\/newsinfoco.com.br\/inicio\/author\/administrador\/#author","url":"https:\/\/newsinfoco.com.br\/inicio\/author\/administrador\/","name":"administrador","image":{"@type":"ImageObject","@id":"https:\/\/newsinfoco.com.br\/inicio\/identidade-estudantil-pode-ser-baixada-de-graca-ate-este-domingo\/#authorImage","url":"https:\/\/secure.gravatar.com\/avatar\/c17a617433de8c1dc9584bb79aab7563b46f5bb7e1728c9b17d9cc3ce6a08e49?s=96&d=mm&r=g","width":96,"height":96,"caption":"administrador"}},{"@type":"WebPage","@id":"https:\/\/newsinfoco.com.br\/inicio\/identidade-estudantil-pode-ser-baixada-de-graca-ate-este-domingo\/#webpage","url":"https:\/\/newsinfoco.com.br\/inicio\/identidade-estudantil-pode-ser-baixada-de-graca-ate-este-domingo\/","name":"Identidade estudantil pode ser baixada de gra\u00e7a at\u00e9 este domingo - News In Foco - Editado por Caio Pimenta","description":"Interessados na identidade estudantil digital t\u00eam at\u00e9 este domingo (16) para tentar garantir o documento, que \u00e9 gratuito. \u00c9 que a Medida Provis\u00f3ria 895\/2019, editada pelo presidente Jair Bolsonaro (sem partido) em setembro, perder\u00e1 a validade na segunda-feira (17). A partir dessa data, o Minist\u00e9rio da Educa\u00e7\u00e3o (MEC) n\u00e3o ter\u00e1 mais autoriza\u00e7\u00e3o para emitir a","inLanguage":"pt-BR","isPartOf":{"@id":"https:\/\/newsinfoco.com.br\/inicio\/#website"},"breadcrumb":{"@id":"https:\/\/newsinfoco.com.br\/inicio\/identidade-estudantil-pode-ser-baixada-de-graca-ate-este-domingo\/#breadcrumblist"},"author":{"@id":"https:\/\/newsinfoco.com.br\/inicio\/author\/administrador\/#author"},"creator":{"@id":"https:\/\/newsinfoco.com.br\/inicio\/author\/administrador\/#author"},"image":{"@type":"ImageObject","url":"https:\/\/newsinfoco.com.br\/inicio\/wp-content\/uploads\/2020\/02\/carteira-de-identidade-estudantil.jpg","@id":"https:\/\/newsinfoco.com.br\/inicio\/identidade-estudantil-pode-ser-baixada-de-graca-ate-este-domingo\/#mainImage","width":600,"height":420,"caption":"lan\u00e7amento do aplicativo da ID Estudantil"},"primaryImageOfPage":{"@id":"https:\/\/newsinfoco.com.br\/inicio\/identidade-estudantil-pode-ser-baixada-de-graca-ate-este-domingo\/#mainImage"},"datePublished":"2020-02-15T18:09:39-03:00","dateModified":"2020-02-15T18:09:39-03:00"},{"@type":"WebSite","@id":"https:\/\/newsinfoco.com.br\/inicio\/#website","url":"https:\/\/newsinfoco.com.br\/inicio\/","name":"News In Foco - Editado por Caio Pimenta","description":"O principal site de noticias de Alagoinhas e regi\u00e3o","inLanguage":"pt-BR","publisher":{"@id":"https:\/\/newsinfoco.com.br\/inicio\/#organization"}}]},"og:locale":"pt_BR","og:site_name":"News In Foco - Editado por Caio Pimenta - O principal site de noticias de Alagoinhas e regi\u00e3o","og:type":"article","og:title":"Identidade estudantil pode ser baixada de gra\u00e7a at\u00e9 este domingo - News In Foco - Editado por Caio Pimenta","og:description":"Interessados na identidade estudantil digital t\u00eam at\u00e9 este domingo (16) para tentar garantir o documento, que \u00e9 gratuito. \u00c9 que a Medida Provis\u00f3ria 895\/2019, editada pelo presidente Jair Bolsonaro (sem partido) em setembro, perder\u00e1 a validade na segunda-feira (17). A partir dessa data, o Minist\u00e9rio da Educa\u00e7\u00e3o (MEC) n\u00e3o ter\u00e1 mais autoriza\u00e7\u00e3o para emitir a","og:url":"https:\/\/newsinfoco.com.br\/inicio\/identidade-estudantil-pode-ser-baixada-de-graca-ate-este-domingo\/","article:published_time":"2020-02-15T21:09:39+00:00","article:modified_time":"2020-02-15T21:09:39+00:00","twitter:card":"summary_large_image","twitter:title":"Identidade estudantil pode ser baixada de gra\u00e7a at\u00e9 este domingo - News In Foco - Editado por Caio Pimenta","twitter:description":"Interessados na identidade estudantil digital t\u00eam at\u00e9 este domingo (16) para tentar garantir o documento, que \u00e9 gratuito. \u00c9 que a Medida Provis\u00f3ria 895\/2019, editada pelo presidente Jair Bolsonaro (sem partido) em setembro, perder\u00e1 a validade na segunda-feira (17). A partir dessa data, o Minist\u00e9rio da Educa\u00e7\u00e3o (MEC) n\u00e3o ter\u00e1 mais autoriza\u00e7\u00e3o para emitir a"},"aioseo_meta_data":{"post_id":"20388","title":null,"description":null,"keywords":null,"keyphrases":null,"primary_term":null,"canonical_url":null,"og_title":null,"og_description":null,"og_object_type":"default","og_image_type":"default","og_image_url":null,"og_image_width":null,"og_image_height":null,"og_image_custom_url":null,"og_image_custom_fields":null,"og_video":null,"og_custom_url":null,"og_article_section":null,"og_article_tags":null,"twitter_use_og":false,"twitter_card":"default","twitter_image_type":"default","twitter_image_url":null,"twitter_image_custom_url":null,"twitter_image_custom_fields":null,"twitter_title":null,"twitter_description":null,"schema":{"blockGraphs":[],"customGraphs":[],"default":{"data":{"Article":[],"Course":[],"Dataset":[],"FAQPage":[],"Movie":[],"Person":[],"Product":[],"ProductReview":[],"Car":[],"Recipe":[],"Service":[],"SoftwareApplication":[],"WebPage":[]},"graphName":"","isEnabled":true},"graphs":[]},"schema_type":"default","schema_type_options":null,"pillar_content":false,"robots_default":true,"robots_noindex":false,"robots_noarchive":false,"robots_nosnippet":false,"robots_nofollow":false,"robots_noimageindex":false,"robots_noodp":false,"robots_notranslate":false,"robots_max_snippet":null,"robots_max_videopreview":null,"robots_max_imagepreview":"large","priority":null,"frequency":null,"local_seo":null,"breadcrumb_settings":null,"limit_modified_date":false,"ai":null,"created":"2023-06-12 16:10:47","updated":"2025-07-11 02:47:04","seo_analyzer_scan_date":null},"aioseo_breadcrumb":"<div class=\"aioseo-breadcrumbs\"><span class=\"aioseo-breadcrumb\">\n\t\t\t<a href=\"https:\/\/newsinfoco.com.br\/inicio\" title=\"In\u00edcio\">In\u00edcio<\/a>\n\t\t<\/span><span class=\"aioseo-breadcrumb-separator\">&raquo;<\/span><span class=\"aioseo-breadcrumb\">\n\t\t\t<a href=\"https:\/\/newsinfoco.com.br\/inicio\/category\/brasil\/\" title=\"Brasil\">Brasil<\/a>\n\t\t<\/span><span class=\"aioseo-breadcrumb-separator\">&raquo;<\/span><span class=\"aioseo-breadcrumb\">\n\t\t\tIdentidade estudantil pode ser baixada de gra\u00e7a at\u00e9 este domingo\n\t\t<\/span><\/div>","aioseo_breadcrumb_json":[{"label":"In\u00edcio","link":"https:\/\/newsinfoco.com.br\/inicio"},{"label":"Brasil","link":"https:\/\/newsinfoco.com.br\/inicio\/category\/brasil\/"},{"label":"Identidade estudantil pode ser baixada de gra\u00e7a at\u00e9 este domingo","link":"https:\/\/newsinfoco.com.br\/inicio\/identidade-estudantil-pode-ser-baixada-de-graca-ate-este-domingo\/"}],"_links":{"self":[{"href":"https:\/\/newsinfoco.com.br\/inicio\/wp-json\/wp\/v2\/posts\/20388","targetHints":{"allow":["GET"]}}],"collection":[{"href":"https:\/\/newsinfoco.com.br\/inicio\/wp-json\/wp\/v2\/posts"}],"about":[{"href":"https:\/\/newsinfoco.com.br\/inicio\/wp-json\/wp\/v2\/types\/post"}],"author":[{"embeddable":true,"href":"https:\/\/newsinfoco.com.br\/inicio\/wp-json\/wp\/v2\/users\/1"}],"replies":[{"embeddable":true,"href":"https:\/\/newsinfoco.com.br\/inicio\/wp-json\/wp\/v2\/comments?post=20388"}],"version-history":[{"count":0,"href":"https:\/\/newsinfoco.com.br\/inicio\/wp-json\/wp\/v2\/posts\/20388\/revisions"}],"wp:featuredmedia":[{"embeddable":true,"href":"https:\/\/newsinfoco.com.br\/inicio\/wp-json\/wp\/v2\/media\/20389"}],"wp:attachment":[{"href":"https:\/\/newsinfoco.com.br\/inicio\/wp-json\/wp\/v2\/media?parent=20388"}],"wp:term":[{"taxonomy":"category","embeddable":true,"href":"https:\/\/newsinfoco.com.br\/inicio\/wp-json\/wp\/v2\/categories?post=20388"},{"taxonomy":"post_tag","embeddable":true,"href":"https:\/\/newsinfoco.com.br\/inicio\/wp-json\/wp\/v2\/tags?post=20388"}],"curies":[{"name":"wp","href":"https:\/\/api.w.org\/{rel}","templated":true}]}}