{"id":20419,"date":"2020-02-19T20:44:43","date_gmt":"2020-02-19T23:44:43","guid":{"rendered":"http:\/\/newsinfoco.com.br\/?p=20419"},"modified":"2020-02-19T20:46:37","modified_gmt":"2020-02-19T23:46:37","slug":"prefeitura-de-alagoinhas-inicia-obra-que-levara-agua-encanada-a-localidade-da-mangueira","status":"publish","type":"post","link":"https:\/\/newsinfoco.com.br\/inicio\/prefeitura-de-alagoinhas-inicia-obra-que-levara-agua-encanada-a-localidade-da-mangueira\/","title":{"rendered":"Prefeitura de Alagoinhas inicia obra que levar\u00e1 \u00e1gua encanada \u00e0 localidade da Mangueira"},"content":{"rendered":"<p style=\"text-align: justify;\">A Prefeitura Municipal de Alagoinhas iniciou na segunda-feira (17), a execu\u00e7\u00e3o de 6,5 km de rede de distribui\u00e7\u00e3o e adutora em Mangueira, comunidade rural que, com mais de 100 anos de exist\u00eancia e localizada a cerca de 15 km do per\u00edmetro urbano da cidade, ter\u00e1 abastecimento encanado pela primeira vez em sua hist\u00f3ria. No total, cerca de 400 pessoas ser\u00e3o beneficiadas com a interven\u00e7\u00e3o.<\/p>\n<p style=\"text-align: justify;\">A diretora t\u00e9cnica do Servi\u00e7o Aut\u00f4nomo de \u00c1gua e Esgoto (SAEE), Val\u00e9ria Figueiredo, discorreu sobre a import\u00e2ncia da implanta\u00e7\u00e3o do sistema de abastecimento numa comunidade que, a mais de uma d\u00e9cada, \u00e9 atendida via caminh\u00e3o-pipa uma vez por semana. \u201cCom a implanta\u00e7\u00e3o do sistema de abastecimento haver\u00e1 \u00e1gua pot\u00e1vel dispon\u00edvel continuadamente e em quantidade para atender a todos os usos dom\u00e9sticos\u201d, afirmou.<\/p>\n<p style=\"text-align: justify;\">\u201cEu moro aqui desde os dois anos e sempre acompanhei a dificuldade de todos aqui. Se n\u00e3o tivesse um po\u00e7o, ningu\u00e9m tinha \u00e1gua. Ent\u00e3o, agora a gente vai poder abrir a torneira e ter \u00e1gua encanada, porque \u00e9 muito sofrimento, carro de m\u00e3o, balde d\u2019\u00e1gua\u201d, contou a dona de casa Carla Pereira, de 39 anos.<\/p>\n<p style=\"text-align: justify;\">\u201cEu rezava direto pra um dia ver isso acontecer. A riqueza que a gente tem no mundo \u00e9 \u00e1gua, porque sem \u00e1gua ningu\u00e9m vive. Eu n\u00e3o tenho po\u00e7o, quem tem \u00e9 meu irm\u00e3o, ent\u00e3o eu precisava do po\u00e7o dele pra usar \u00e1gua. Agora, eu n\u00e3o vou precisar. Vou ter minha \u00e1gua em casa, sossegado, pagar minha taxa tranquilo\u201d, afirmou o pintor Gilvan Santos, 52, nascido e criado em Mangueira.<\/p>\n<p style=\"text-align: justify;\">Com a interven\u00e7\u00e3o, h\u00e1 tamb\u00e9m o aumento da cobertura do abastecimento de \u00e1gua na zona rural, mais um passo dado em dire\u00e7\u00e3o \u00e0 universaliza\u00e7\u00e3o do servi\u00e7o, em acordo com a Lei Nacional de Saneamento.<\/p>\n<div class='share-to-whatsapp-wrapper'><div class='share-on-whsp'>Share on: <\/div><a data-text='Prefeitura de Alagoinhas inicia obra que levar\u00e1 \u00e1gua encanada \u00e0 localidade da Mangueira' data-link='https:\/\/newsinfoco.com.br\/inicio\/prefeitura-de-alagoinhas-inicia-obra-que-levara-agua-encanada-a-localidade-da-mangueira\/' class='whatsapp-button whatsapp-share'>WhatsApp<\/a><div class='clear '><\/div><\/div>","protected":false},"excerpt":{"rendered":"<p>A Prefeitura Municipal de Alagoinhas iniciou na segunda-feira (17), a execu\u00e7\u00e3o de 6,5 km de rede de distribui\u00e7\u00e3o e adutora em Mangueira, comunidade rural que, com mais de 100 anos de exist\u00eancia e localizada a cerca de 15 km do per\u00edmetro urbano da cidade, ter\u00e1 abastecimento encanado pela primeira vez em sua hist\u00f3ria. No total, [&hellip;]<\/p>\n","protected":false},"author":1,"featured_media":20420,"comment_status":"open","ping_status":"open","sticky":false,"template":"","format":"standard","meta":{"om_disable_all_campaigns":false,"rop_custom_images_group":[],"rop_custom_messages_group":[],"rop_publish_now":"initial","rop_publish_now_accounts":[],"rop_publish_now_history":[],"rop_publish_now_status":"pending","_exactmetrics_skip_tracking":false,"footnotes":""},"categories":[38],"tags":[],"class_list":["post-20419","post","type-post","status-publish","format-standard","has-post-thumbnail","hentry","category-alagoinhas-e-regiao"],"aioseo_notices":[],"aioseo_head":"\n\t\t<!-- All in One SEO 4.9.10 - aioseo.com -->\n\t<meta name=\"description\" content=\"A Prefeitura Municipal de Alagoinhas iniciou na segunda-feira (17), a execu\u00e7\u00e3o de 6,5 km de rede de distribui\u00e7\u00e3o e adutora em Mangueira, comunidade rural que, com mais de 100 anos de exist\u00eancia e localizada a cerca de 15 km do per\u00edmetro urbano da cidade, ter\u00e1 abastecimento encanado pela primeira vez em sua hist\u00f3ria. No total,\" \/>\n\t<meta name=\"robots\" content=\"max-image-preview:large\" \/>\n\t<meta name=\"author\" content=\"administrador\"\/>\n\t<link rel=\"canonical\" href=\"https:\/\/newsinfoco.com.br\/inicio\/prefeitura-de-alagoinhas-inicia-obra-que-levara-agua-encanada-a-localidade-da-mangueira\/\" \/>\n\t<meta name=\"generator\" content=\"All in One SEO (AIOSEO) 4.9.10\" \/>\n\t\t<meta property=\"og:locale\" content=\"pt_BR\" \/>\n\t\t<meta property=\"og:site_name\" content=\"News In Foco - Editado por Caio Pimenta - O principal site de noticias de Alagoinhas e regi\u00e3o\" \/>\n\t\t<meta property=\"og:type\" content=\"article\" \/>\n\t\t<meta property=\"og:title\" content=\"Prefeitura de Alagoinhas inicia obra que levar\u00e1 \u00e1gua encanada \u00e0 localidade da Mangueira - News In Foco - Editado por Caio Pimenta\" \/>\n\t\t<meta property=\"og:description\" content=\"A Prefeitura Municipal de Alagoinhas iniciou na segunda-feira (17), a execu\u00e7\u00e3o de 6,5 km de rede de distribui\u00e7\u00e3o e adutora em Mangueira, comunidade rural que, com mais de 100 anos de exist\u00eancia e localizada a cerca de 15 km do per\u00edmetro urbano da cidade, ter\u00e1 abastecimento encanado pela primeira vez em sua hist\u00f3ria. No total,\" \/>\n\t\t<meta property=\"og:url\" content=\"https:\/\/newsinfoco.com.br\/inicio\/prefeitura-de-alagoinhas-inicia-obra-que-levara-agua-encanada-a-localidade-da-mangueira\/\" \/>\n\t\t<meta property=\"article:published_time\" content=\"2020-02-19T23:44:43+00:00\" \/>\n\t\t<meta property=\"article:modified_time\" content=\"2020-02-19T23:46:37+00:00\" \/>\n\t\t<meta name=\"twitter:card\" content=\"summary_large_image\" \/>\n\t\t<meta name=\"twitter:title\" content=\"Prefeitura de Alagoinhas inicia obra que levar\u00e1 \u00e1gua encanada \u00e0 localidade da Mangueira - News In Foco - Editado por Caio Pimenta\" \/>\n\t\t<meta name=\"twitter:description\" content=\"A Prefeitura Municipal de Alagoinhas iniciou na segunda-feira (17), a execu\u00e7\u00e3o de 6,5 km de rede de distribui\u00e7\u00e3o e adutora em Mangueira, comunidade rural que, com mais de 100 anos de exist\u00eancia e localizada a cerca de 15 km do per\u00edmetro urbano da cidade, ter\u00e1 abastecimento encanado pela primeira vez em sua hist\u00f3ria. No total,\" \/>\n\t\t<script type=\"application\/ld+json\" class=\"aioseo-schema\">\n\t\t\t{\"@context\":\"https:\\\/\\\/schema.org\",\"@graph\":[{\"@type\":\"BlogPosting\",\"@id\":\"https:\\\/\\\/newsinfoco.com.br\\\/inicio\\\/prefeitura-de-alagoinhas-inicia-obra-que-levara-agua-encanada-a-localidade-da-mangueira\\\/#blogposting\",\"name\":\"Prefeitura de Alagoinhas inicia obra que levar\\u00e1 \\u00e1gua encanada \\u00e0 localidade da Mangueira - News In Foco - Editado por Caio Pimenta\",\"headline\":\"Prefeitura de Alagoinhas inicia obra que levar\\u00e1 \\u00e1gua encanada \\u00e0 localidade da Mangueira\",\"author\":{\"@id\":\"https:\\\/\\\/newsinfoco.com.br\\\/inicio\\\/author\\\/administrador\\\/#author\"},\"publisher\":{\"@id\":\"https:\\\/\\\/newsinfoco.com.br\\\/inicio\\\/#organization\"},\"image\":{\"@type\":\"ImageObject\",\"url\":\"https:\\\/\\\/newsinfoco.com.br\\\/inicio\\\/wp-content\\\/uploads\\\/2020\\\/02\\\/saae_mangueira-550x368-1.jpg\",\"width\":550,\"height\":368},\"datePublished\":\"2020-02-19T20:44:43-03:00\",\"dateModified\":\"2020-02-19T20:46:37-03:00\",\"inLanguage\":\"pt-BR\",\"mainEntityOfPage\":{\"@id\":\"https:\\\/\\\/newsinfoco.com.br\\\/inicio\\\/prefeitura-de-alagoinhas-inicia-obra-que-levara-agua-encanada-a-localidade-da-mangueira\\\/#webpage\"},\"isPartOf\":{\"@id\":\"https:\\\/\\\/newsinfoco.com.br\\\/inicio\\\/prefeitura-de-alagoinhas-inicia-obra-que-levara-agua-encanada-a-localidade-da-mangueira\\\/#webpage\"},\"articleSection\":\"Alagoinhas e Regi\\u00e3o\"},{\"@type\":\"BreadcrumbList\",\"@id\":\"https:\\\/\\\/newsinfoco.com.br\\\/inicio\\\/prefeitura-de-alagoinhas-inicia-obra-que-levara-agua-encanada-a-localidade-da-mangueira\\\/#breadcrumblist\",\"itemListElement\":[{\"@type\":\"ListItem\",\"@id\":\"https:\\\/\\\/newsinfoco.com.br\\\/inicio#listItem\",\"position\":1,\"name\":\"In\\u00edcio\",\"item\":\"https:\\\/\\\/newsinfoco.com.br\\\/inicio\",\"nextItem\":{\"@type\":\"ListItem\",\"@id\":\"https:\\\/\\\/newsinfoco.com.br\\\/inicio\\\/category\\\/alagoinhas-e-regiao\\\/#listItem\",\"name\":\"Alagoinhas e Regi\\u00e3o\"}},{\"@type\":\"ListItem\",\"@id\":\"https:\\\/\\\/newsinfoco.com.br\\\/inicio\\\/category\\\/alagoinhas-e-regiao\\\/#listItem\",\"position\":2,\"name\":\"Alagoinhas e Regi\\u00e3o\",\"item\":\"https:\\\/\\\/newsinfoco.com.br\\\/inicio\\\/category\\\/alagoinhas-e-regiao\\\/\",\"nextItem\":{\"@type\":\"ListItem\",\"@id\":\"https:\\\/\\\/newsinfoco.com.br\\\/inicio\\\/prefeitura-de-alagoinhas-inicia-obra-que-levara-agua-encanada-a-localidade-da-mangueira\\\/#listItem\",\"name\":\"Prefeitura de Alagoinhas inicia obra que levar\\u00e1 \\u00e1gua encanada \\u00e0 localidade da Mangueira\"},\"previousItem\":{\"@type\":\"ListItem\",\"@id\":\"https:\\\/\\\/newsinfoco.com.br\\\/inicio#listItem\",\"name\":\"In\\u00edcio\"}},{\"@type\":\"ListItem\",\"@id\":\"https:\\\/\\\/newsinfoco.com.br\\\/inicio\\\/prefeitura-de-alagoinhas-inicia-obra-que-levara-agua-encanada-a-localidade-da-mangueira\\\/#listItem\",\"position\":3,\"name\":\"Prefeitura de Alagoinhas inicia obra que levar\\u00e1 \\u00e1gua encanada \\u00e0 localidade da Mangueira\",\"previousItem\":{\"@type\":\"ListItem\",\"@id\":\"https:\\\/\\\/newsinfoco.com.br\\\/inicio\\\/category\\\/alagoinhas-e-regiao\\\/#listItem\",\"name\":\"Alagoinhas e Regi\\u00e3o\"}}]},{\"@type\":\"Organization\",\"@id\":\"https:\\\/\\\/newsinfoco.com.br\\\/inicio\\\/#organization\",\"name\":\"News In Foco - Editado por Caio Pimenta\",\"description\":\"O principal site de noticias de Alagoinhas e regi\\u00e3o\",\"url\":\"https:\\\/\\\/newsinfoco.com.br\\\/inicio\\\/\"},{\"@type\":\"Person\",\"@id\":\"https:\\\/\\\/newsinfoco.com.br\\\/inicio\\\/author\\\/administrador\\\/#author\",\"url\":\"https:\\\/\\\/newsinfoco.com.br\\\/inicio\\\/author\\\/administrador\\\/\",\"name\":\"administrador\",\"image\":{\"@type\":\"ImageObject\",\"@id\":\"https:\\\/\\\/newsinfoco.com.br\\\/inicio\\\/prefeitura-de-alagoinhas-inicia-obra-que-levara-agua-encanada-a-localidade-da-mangueira\\\/#authorImage\",\"url\":\"https:\\\/\\\/secure.gravatar.com\\\/avatar\\\/c17a617433de8c1dc9584bb79aab7563b46f5bb7e1728c9b17d9cc3ce6a08e49?s=96&d=mm&r=g\",\"width\":96,\"height\":96,\"caption\":\"administrador\"}},{\"@type\":\"WebPage\",\"@id\":\"https:\\\/\\\/newsinfoco.com.br\\\/inicio\\\/prefeitura-de-alagoinhas-inicia-obra-que-levara-agua-encanada-a-localidade-da-mangueira\\\/#webpage\",\"url\":\"https:\\\/\\\/newsinfoco.com.br\\\/inicio\\\/prefeitura-de-alagoinhas-inicia-obra-que-levara-agua-encanada-a-localidade-da-mangueira\\\/\",\"name\":\"Prefeitura de Alagoinhas inicia obra que levar\\u00e1 \\u00e1gua encanada \\u00e0 localidade da Mangueira - News In Foco - Editado por Caio Pimenta\",\"description\":\"A Prefeitura Municipal de Alagoinhas iniciou na segunda-feira (17), a execu\\u00e7\\u00e3o de 6,5 km de rede de distribui\\u00e7\\u00e3o e adutora em Mangueira, comunidade rural que, com mais de 100 anos de exist\\u00eancia e localizada a cerca de 15 km do per\\u00edmetro urbano da cidade, ter\\u00e1 abastecimento encanado pela primeira vez em sua hist\\u00f3ria. No total,\",\"inLanguage\":\"pt-BR\",\"isPartOf\":{\"@id\":\"https:\\\/\\\/newsinfoco.com.br\\\/inicio\\\/#website\"},\"breadcrumb\":{\"@id\":\"https:\\\/\\\/newsinfoco.com.br\\\/inicio\\\/prefeitura-de-alagoinhas-inicia-obra-que-levara-agua-encanada-a-localidade-da-mangueira\\\/#breadcrumblist\"},\"author\":{\"@id\":\"https:\\\/\\\/newsinfoco.com.br\\\/inicio\\\/author\\\/administrador\\\/#author\"},\"creator\":{\"@id\":\"https:\\\/\\\/newsinfoco.com.br\\\/inicio\\\/author\\\/administrador\\\/#author\"},\"image\":{\"@type\":\"ImageObject\",\"url\":\"https:\\\/\\\/newsinfoco.com.br\\\/inicio\\\/wp-content\\\/uploads\\\/2020\\\/02\\\/saae_mangueira-550x368-1.jpg\",\"@id\":\"https:\\\/\\\/newsinfoco.com.br\\\/inicio\\\/prefeitura-de-alagoinhas-inicia-obra-que-levara-agua-encanada-a-localidade-da-mangueira\\\/#mainImage\",\"width\":550,\"height\":368},\"primaryImageOfPage\":{\"@id\":\"https:\\\/\\\/newsinfoco.com.br\\\/inicio\\\/prefeitura-de-alagoinhas-inicia-obra-que-levara-agua-encanada-a-localidade-da-mangueira\\\/#mainImage\"},\"datePublished\":\"2020-02-19T20:44:43-03:00\",\"dateModified\":\"2020-02-19T20:46:37-03:00\"},{\"@type\":\"WebSite\",\"@id\":\"https:\\\/\\\/newsinfoco.com.br\\\/inicio\\\/#website\",\"url\":\"https:\\\/\\\/newsinfoco.com.br\\\/inicio\\\/\",\"name\":\"News In Foco - Editado por Caio Pimenta\",\"description\":\"O principal site de noticias de Alagoinhas e regi\\u00e3o\",\"inLanguage\":\"pt-BR\",\"publisher\":{\"@id\":\"https:\\\/\\\/newsinfoco.com.br\\\/inicio\\\/#organization\"}}]}\n\t\t<\/script>\n\t\t<!-- All in One SEO -->\n\n","aioseo_head_json":{"title":"Prefeitura de Alagoinhas inicia obra que levar\u00e1 \u00e1gua encanada \u00e0 localidade da Mangueira - News In Foco - Editado por Caio Pimenta","description":"A Prefeitura Municipal de Alagoinhas iniciou na segunda-feira (17), a execu\u00e7\u00e3o de 6,5 km de rede de distribui\u00e7\u00e3o e adutora em Mangueira, comunidade rural que, com mais de 100 anos de exist\u00eancia e localizada a cerca de 15 km do per\u00edmetro urbano da cidade, ter\u00e1 abastecimento encanado pela primeira vez em sua hist\u00f3ria. No total,","canonical_url":"https:\/\/newsinfoco.com.br\/inicio\/prefeitura-de-alagoinhas-inicia-obra-que-levara-agua-encanada-a-localidade-da-mangueira\/","robots":"max-image-preview:large","keywords":"","webmasterTools":{"miscellaneous":""},"schema":{"@context":"https:\/\/schema.org","@graph":[{"@type":"BlogPosting","@id":"https:\/\/newsinfoco.com.br\/inicio\/prefeitura-de-alagoinhas-inicia-obra-que-levara-agua-encanada-a-localidade-da-mangueira\/#blogposting","name":"Prefeitura de Alagoinhas inicia obra que levar\u00e1 \u00e1gua encanada \u00e0 localidade da Mangueira - News In Foco - Editado por Caio Pimenta","headline":"Prefeitura de Alagoinhas inicia obra que levar\u00e1 \u00e1gua encanada \u00e0 localidade da Mangueira","author":{"@id":"https:\/\/newsinfoco.com.br\/inicio\/author\/administrador\/#author"},"publisher":{"@id":"https:\/\/newsinfoco.com.br\/inicio\/#organization"},"image":{"@type":"ImageObject","url":"https:\/\/newsinfoco.com.br\/inicio\/wp-content\/uploads\/2020\/02\/saae_mangueira-550x368-1.jpg","width":550,"height":368},"datePublished":"2020-02-19T20:44:43-03:00","dateModified":"2020-02-19T20:46:37-03:00","inLanguage":"pt-BR","mainEntityOfPage":{"@id":"https:\/\/newsinfoco.com.br\/inicio\/prefeitura-de-alagoinhas-inicia-obra-que-levara-agua-encanada-a-localidade-da-mangueira\/#webpage"},"isPartOf":{"@id":"https:\/\/newsinfoco.com.br\/inicio\/prefeitura-de-alagoinhas-inicia-obra-que-levara-agua-encanada-a-localidade-da-mangueira\/#webpage"},"articleSection":"Alagoinhas e Regi\u00e3o"},{"@type":"BreadcrumbList","@id":"https:\/\/newsinfoco.com.br\/inicio\/prefeitura-de-alagoinhas-inicia-obra-que-levara-agua-encanada-a-localidade-da-mangueira\/#breadcrumblist","itemListElement":[{"@type":"ListItem","@id":"https:\/\/newsinfoco.com.br\/inicio#listItem","position":1,"name":"In\u00edcio","item":"https:\/\/newsinfoco.com.br\/inicio","nextItem":{"@type":"ListItem","@id":"https:\/\/newsinfoco.com.br\/inicio\/category\/alagoinhas-e-regiao\/#listItem","name":"Alagoinhas e Regi\u00e3o"}},{"@type":"ListItem","@id":"https:\/\/newsinfoco.com.br\/inicio\/category\/alagoinhas-e-regiao\/#listItem","position":2,"name":"Alagoinhas e Regi\u00e3o","item":"https:\/\/newsinfoco.com.br\/inicio\/category\/alagoinhas-e-regiao\/","nextItem":{"@type":"ListItem","@id":"https:\/\/newsinfoco.com.br\/inicio\/prefeitura-de-alagoinhas-inicia-obra-que-levara-agua-encanada-a-localidade-da-mangueira\/#listItem","name":"Prefeitura de Alagoinhas inicia obra que levar\u00e1 \u00e1gua encanada \u00e0 localidade da Mangueira"},"previousItem":{"@type":"ListItem","@id":"https:\/\/newsinfoco.com.br\/inicio#listItem","name":"In\u00edcio"}},{"@type":"ListItem","@id":"https:\/\/newsinfoco.com.br\/inicio\/prefeitura-de-alagoinhas-inicia-obra-que-levara-agua-encanada-a-localidade-da-mangueira\/#listItem","position":3,"name":"Prefeitura de Alagoinhas inicia obra que levar\u00e1 \u00e1gua encanada \u00e0 localidade da Mangueira","previousItem":{"@type":"ListItem","@id":"https:\/\/newsinfoco.com.br\/inicio\/category\/alagoinhas-e-regiao\/#listItem","name":"Alagoinhas e Regi\u00e3o"}}]},{"@type":"Organization","@id":"https:\/\/newsinfoco.com.br\/inicio\/#organization","name":"News In Foco - Editado por Caio Pimenta","description":"O principal site de noticias de Alagoinhas e regi\u00e3o","url":"https:\/\/newsinfoco.com.br\/inicio\/"},{"@type":"Person","@id":"https:\/\/newsinfoco.com.br\/inicio\/author\/administrador\/#author","url":"https:\/\/newsinfoco.com.br\/inicio\/author\/administrador\/","name":"administrador","image":{"@type":"ImageObject","@id":"https:\/\/newsinfoco.com.br\/inicio\/prefeitura-de-alagoinhas-inicia-obra-que-levara-agua-encanada-a-localidade-da-mangueira\/#authorImage","url":"https:\/\/secure.gravatar.com\/avatar\/c17a617433de8c1dc9584bb79aab7563b46f5bb7e1728c9b17d9cc3ce6a08e49?s=96&d=mm&r=g","width":96,"height":96,"caption":"administrador"}},{"@type":"WebPage","@id":"https:\/\/newsinfoco.com.br\/inicio\/prefeitura-de-alagoinhas-inicia-obra-que-levara-agua-encanada-a-localidade-da-mangueira\/#webpage","url":"https:\/\/newsinfoco.com.br\/inicio\/prefeitura-de-alagoinhas-inicia-obra-que-levara-agua-encanada-a-localidade-da-mangueira\/","name":"Prefeitura de Alagoinhas inicia obra que levar\u00e1 \u00e1gua encanada \u00e0 localidade da Mangueira - News In Foco - Editado por Caio Pimenta","description":"A Prefeitura Municipal de Alagoinhas iniciou na segunda-feira (17), a execu\u00e7\u00e3o de 6,5 km de rede de distribui\u00e7\u00e3o e adutora em Mangueira, comunidade rural que, com mais de 100 anos de exist\u00eancia e localizada a cerca de 15 km do per\u00edmetro urbano da cidade, ter\u00e1 abastecimento encanado pela primeira vez em sua hist\u00f3ria. No total,","inLanguage":"pt-BR","isPartOf":{"@id":"https:\/\/newsinfoco.com.br\/inicio\/#website"},"breadcrumb":{"@id":"https:\/\/newsinfoco.com.br\/inicio\/prefeitura-de-alagoinhas-inicia-obra-que-levara-agua-encanada-a-localidade-da-mangueira\/#breadcrumblist"},"author":{"@id":"https:\/\/newsinfoco.com.br\/inicio\/author\/administrador\/#author"},"creator":{"@id":"https:\/\/newsinfoco.com.br\/inicio\/author\/administrador\/#author"},"image":{"@type":"ImageObject","url":"https:\/\/newsinfoco.com.br\/inicio\/wp-content\/uploads\/2020\/02\/saae_mangueira-550x368-1.jpg","@id":"https:\/\/newsinfoco.com.br\/inicio\/prefeitura-de-alagoinhas-inicia-obra-que-levara-agua-encanada-a-localidade-da-mangueira\/#mainImage","width":550,"height":368},"primaryImageOfPage":{"@id":"https:\/\/newsinfoco.com.br\/inicio\/prefeitura-de-alagoinhas-inicia-obra-que-levara-agua-encanada-a-localidade-da-mangueira\/#mainImage"},"datePublished":"2020-02-19T20:44:43-03:00","dateModified":"2020-02-19T20:46:37-03:00"},{"@type":"WebSite","@id":"https:\/\/newsinfoco.com.br\/inicio\/#website","url":"https:\/\/newsinfoco.com.br\/inicio\/","name":"News In Foco - Editado por Caio Pimenta","description":"O principal site de noticias de Alagoinhas e regi\u00e3o","inLanguage":"pt-BR","publisher":{"@id":"https:\/\/newsinfoco.com.br\/inicio\/#organization"}}]},"og:locale":"pt_BR","og:site_name":"News In Foco - Editado por Caio Pimenta - O principal site de noticias de Alagoinhas e regi\u00e3o","og:type":"article","og:title":"Prefeitura de Alagoinhas inicia obra que levar\u00e1 \u00e1gua encanada \u00e0 localidade da Mangueira - News In Foco - Editado por Caio Pimenta","og:description":"A Prefeitura Municipal de Alagoinhas iniciou na segunda-feira (17), a execu\u00e7\u00e3o de 6,5 km de rede de distribui\u00e7\u00e3o e adutora em Mangueira, comunidade rural que, com mais de 100 anos de exist\u00eancia e localizada a cerca de 15 km do per\u00edmetro urbano da cidade, ter\u00e1 abastecimento encanado pela primeira vez em sua hist\u00f3ria. No total,","og:url":"https:\/\/newsinfoco.com.br\/inicio\/prefeitura-de-alagoinhas-inicia-obra-que-levara-agua-encanada-a-localidade-da-mangueira\/","article:published_time":"2020-02-19T23:44:43+00:00","article:modified_time":"2020-02-19T23:46:37+00:00","twitter:card":"summary_large_image","twitter:title":"Prefeitura de Alagoinhas inicia obra que levar\u00e1 \u00e1gua encanada \u00e0 localidade da Mangueira - News In Foco - Editado por Caio Pimenta","twitter:description":"A Prefeitura Municipal de Alagoinhas iniciou na segunda-feira (17), a execu\u00e7\u00e3o de 6,5 km de rede de distribui\u00e7\u00e3o e adutora em Mangueira, comunidade rural que, com mais de 100 anos de exist\u00eancia e localizada a cerca de 15 km do per\u00edmetro urbano da cidade, ter\u00e1 abastecimento encanado pela primeira vez em sua hist\u00f3ria. No total,"},"aioseo_meta_data":{"post_id":"20419","title":null,"description":null,"keywords":null,"keyphrases":null,"primary_term":null,"canonical_url":null,"og_title":null,"og_description":null,"og_object_type":"default","og_image_type":"default","og_image_url":null,"og_image_width":null,"og_image_height":null,"og_image_custom_url":null,"og_image_custom_fields":null,"og_video":null,"og_custom_url":null,"og_article_section":null,"og_article_tags":null,"twitter_use_og":false,"twitter_card":"default","twitter_image_type":"default","twitter_image_url":null,"twitter_image_custom_url":null,"twitter_image_custom_fields":null,"twitter_title":null,"twitter_description":null,"schema":{"blockGraphs":[],"customGraphs":[],"default":{"data":{"Article":[],"Course":[],"Dataset":[],"FAQPage":[],"Movie":[],"Person":[],"Product":[],"ProductReview":[],"Car":[],"Recipe":[],"Service":[],"SoftwareApplication":[],"WebPage":[]},"graphName":"","isEnabled":true},"graphs":[]},"schema_type":"default","schema_type_options":null,"pillar_content":false,"robots_default":true,"robots_noindex":false,"robots_noarchive":false,"robots_nosnippet":false,"robots_nofollow":false,"robots_noimageindex":false,"robots_noodp":false,"robots_notranslate":false,"robots_max_snippet":null,"robots_max_videopreview":null,"robots_max_imagepreview":"large","priority":null,"frequency":null,"local_seo":null,"breadcrumb_settings":null,"limit_modified_date":false,"ai":null,"created":"2023-06-12 16:11:31","updated":"2025-07-11 02:47:53","seo_analyzer_scan_date":null},"aioseo_breadcrumb":"<div class=\"aioseo-breadcrumbs\"><span class=\"aioseo-breadcrumb\">\n\t\t\t<a href=\"https:\/\/newsinfoco.com.br\/inicio\" title=\"In\u00edcio\">In\u00edcio<\/a>\n\t\t<\/span><span class=\"aioseo-breadcrumb-separator\">&raquo;<\/span><span class=\"aioseo-breadcrumb\">\n\t\t\t<a href=\"https:\/\/newsinfoco.com.br\/inicio\/category\/alagoinhas-e-regiao\/\" title=\"Alagoinhas e Regi\u00e3o\">Alagoinhas e Regi\u00e3o<\/a>\n\t\t<\/span><span class=\"aioseo-breadcrumb-separator\">&raquo;<\/span><span class=\"aioseo-breadcrumb\">\n\t\t\tPrefeitura de Alagoinhas inicia obra que levar\u00e1 \u00e1gua encanada \u00e0 localidade da Mangueira\n\t\t<\/span><\/div>","aioseo_breadcrumb_json":[{"label":"In\u00edcio","link":"https:\/\/newsinfoco.com.br\/inicio"},{"label":"Alagoinhas e Regi\u00e3o","link":"https:\/\/newsinfoco.com.br\/inicio\/category\/alagoinhas-e-regiao\/"},{"label":"Prefeitura de Alagoinhas inicia obra que levar\u00e1 \u00e1gua encanada \u00e0 localidade da Mangueira","link":"https:\/\/newsinfoco.com.br\/inicio\/prefeitura-de-alagoinhas-inicia-obra-que-levara-agua-encanada-a-localidade-da-mangueira\/"}],"_links":{"self":[{"href":"https:\/\/newsinfoco.com.br\/inicio\/wp-json\/wp\/v2\/posts\/20419","targetHints":{"allow":["GET"]}}],"collection":[{"href":"https:\/\/newsinfoco.com.br\/inicio\/wp-json\/wp\/v2\/posts"}],"about":[{"href":"https:\/\/newsinfoco.com.br\/inicio\/wp-json\/wp\/v2\/types\/post"}],"author":[{"embeddable":true,"href":"https:\/\/newsinfoco.com.br\/inicio\/wp-json\/wp\/v2\/users\/1"}],"replies":[{"embeddable":true,"href":"https:\/\/newsinfoco.com.br\/inicio\/wp-json\/wp\/v2\/comments?post=20419"}],"version-history":[{"count":0,"href":"https:\/\/newsinfoco.com.br\/inicio\/wp-json\/wp\/v2\/posts\/20419\/revisions"}],"wp:featuredmedia":[{"embeddable":true,"href":"https:\/\/newsinfoco.com.br\/inicio\/wp-json\/wp\/v2\/media\/20420"}],"wp:attachment":[{"href":"https:\/\/newsinfoco.com.br\/inicio\/wp-json\/wp\/v2\/media?parent=20419"}],"wp:term":[{"taxonomy":"category","embeddable":true,"href":"https:\/\/newsinfoco.com.br\/inicio\/wp-json\/wp\/v2\/categories?post=20419"},{"taxonomy":"post_tag","embeddable":true,"href":"https:\/\/newsinfoco.com.br\/inicio\/wp-json\/wp\/v2\/tags?post=20419"}],"curies":[{"name":"wp","href":"https:\/\/api.w.org\/{rel}","templated":true}]}}