{"id":20443,"date":"2020-02-26T15:17:07","date_gmt":"2020-02-26T18:17:07","guid":{"rendered":"http:\/\/newsinfoco.com.br\/?p=20443"},"modified":"2020-02-26T15:17:07","modified_gmt":"2020-02-26T18:17:07","slug":"abaixo-assinado-pede-cassacao-do-mandato-do-cantor-e-deputado-federal-igor-kannario","status":"publish","type":"post","link":"https:\/\/newsinfoco.com.br\/inicio\/abaixo-assinado-pede-cassacao-do-mandato-do-cantor-e-deputado-federal-igor-kannario\/","title":{"rendered":"Abaixo-assinado pede cassa\u00e7\u00e3o do mandato do cantor e deputado federal Igor Kann\u00e1rio"},"content":{"rendered":"<p style=\"text-align: justify;\">Um<a href=\"https:\/\/peticaopublica.com.br\/?pi=BR115207\" target=\"_blank\" rel=\"noopener noreferrer\">\u00a0abaixo-assinado online<\/a>\u00a0proposto pela dire\u00e7\u00e3o do Instituto de Consulta, Estudos e Pesquisas do Militar Estadual da Bahia (ICEME-BA), pede a cassa\u00e7\u00e3o do mandato do cantor e deputado federal Igor Kann\u00e1rio (DEM), ap\u00f3s ofensas a policiais militares em sua passagem no Campo Grande na segunda-feira (24) de Carnaval.<\/p>\n<p style=\"text-align: justify;\">O documento, que at\u00e9 a publica\u00e7\u00e3o da mat\u00e9ria registrava 652 assinaturas, requer ao Conselho de \u00c9tica da C\u00e2mara dos Deputados, que seja instaurado um processo para apurar poss\u00edvel quebra de decoro parlamenar. Kann\u00e1rio, que em outro momento chegou a elogiar a atua\u00e7\u00e3o da PM nos circuitos, disparou contra os militares que atuaram para conter uma briga: &#8220;Vem, seu bund* mole&#8221;.<\/p>\n<p style=\"text-align: justify;\">&#8220;Chamamos a aten\u00e7\u00e3o desta respeitosa casa (C\u00e2mara dos de-os) para o perigo do comportamento do de-o federal Igor Kann\u00e1rio INCITANDO uma multid\u00e3o de 2 milh\u00f5es de pessoas contra os policiais militares em um espa\u00e7o que apesar de aberto \u00e9 confinado pela quantidade de pessoas ocupando cada metro quadrado, onde sabemos que o inconsciente coletivo pode pender para a selvageria quando incitadas para isso, o que poderia provocar conflitos entre as for\u00e7as de seguran\u00e7a e a multid\u00e3o enfurecida tendo por consequ\u00eancia les\u00f5es e mortes de foli\u00f5es e policiais&#8221;, diz o texto.<\/p>\n<p style=\"text-align: justify;\">A p\u00e1gina inclui ainda, na parte de &#8220;Observa\u00e7\u00f5es&#8221;, instru\u00e7\u00f5es a policiais militares e bombeiros, que assinem a peti\u00e7\u00e3o e coloquem o seu &#8220;nome de guerra&#8221;. A dire\u00e7\u00e3o do ICEME-BA convida ainda as institui\u00e7\u00f5es oficiais a aderirem \u00e0 peti\u00e7\u00e3o, assim como qualquer &#8220;cidad\u00e3o de bem&#8221; que quiser apoiar a causa.<\/p>\n<p style=\"text-align: right;\">\n<div class='share-to-whatsapp-wrapper'><div class='share-on-whsp'>Share on: <\/div><a data-text='Abaixo-assinado pede cassa\u00e7\u00e3o do mandato do cantor e deputado federal Igor Kann\u00e1rio' data-link='https:\/\/newsinfoco.com.br\/inicio\/abaixo-assinado-pede-cassacao-do-mandato-do-cantor-e-deputado-federal-igor-kannario\/' class='whatsapp-button whatsapp-share'>WhatsApp<\/a><div class='clear '><\/div><\/div>","protected":false},"excerpt":{"rendered":"<p>Um\u00a0abaixo-assinado online\u00a0proposto pela dire\u00e7\u00e3o do Instituto de Consulta, Estudos e Pesquisas do Militar Estadual da Bahia (ICEME-BA), pede a cassa\u00e7\u00e3o do mandato do cantor e deputado federal Igor Kann\u00e1rio (DEM), ap\u00f3s ofensas a policiais militares em sua passagem no Campo Grande na segunda-feira (24) de Carnaval. O documento, que at\u00e9 a publica\u00e7\u00e3o da mat\u00e9ria registrava [&hellip;]<\/p>\n","protected":false},"author":1,"featured_media":13847,"comment_status":"open","ping_status":"open","sticky":false,"template":"","format":"standard","meta":{"om_disable_all_campaigns":false,"rop_custom_images_group":[],"rop_custom_messages_group":[],"rop_publish_now":"initial","rop_publish_now_accounts":[],"rop_publish_now_history":[],"rop_publish_now_status":"pending","_exactmetrics_skip_tracking":false,"footnotes":""},"categories":[19],"tags":[],"class_list":["post-20443","post","type-post","status-publish","format-standard","has-post-thumbnail","hentry","category-bahia"],"aioseo_notices":[],"aioseo_head":"\n\t\t<!-- All in One SEO 4.9.10 - aioseo.com -->\n\t<meta name=\"description\" content=\"Um abaixo-assinado online proposto pela dire\u00e7\u00e3o do Instituto de Consulta, Estudos e Pesquisas do Militar Estadual da Bahia (ICEME-BA), pede a cassa\u00e7\u00e3o do mandato do cantor e deputado federal Igor Kann\u00e1rio (DEM), ap\u00f3s ofensas a policiais militares em sua passagem no Campo Grande na segunda-feira (24) de Carnaval. O documento, que at\u00e9 a publica\u00e7\u00e3o da mat\u00e9ria registrava\" \/>\n\t<meta name=\"robots\" content=\"max-image-preview:large\" \/>\n\t<meta name=\"author\" content=\"administrador\"\/>\n\t<link rel=\"canonical\" href=\"https:\/\/newsinfoco.com.br\/inicio\/abaixo-assinado-pede-cassacao-do-mandato-do-cantor-e-deputado-federal-igor-kannario\/\" \/>\n\t<meta name=\"generator\" content=\"All in One SEO (AIOSEO) 4.9.10\" \/>\n\t\t<meta property=\"og:locale\" content=\"pt_BR\" \/>\n\t\t<meta property=\"og:site_name\" content=\"News In Foco - Editado por Caio Pimenta - O principal site de noticias de Alagoinhas e regi\u00e3o\" \/>\n\t\t<meta property=\"og:type\" content=\"article\" \/>\n\t\t<meta property=\"og:title\" content=\"Abaixo-assinado pede cassa\u00e7\u00e3o do mandato do cantor e deputado federal Igor Kann\u00e1rio - News In Foco - Editado por Caio Pimenta\" \/>\n\t\t<meta property=\"og:description\" content=\"Um abaixo-assinado online proposto pela dire\u00e7\u00e3o do Instituto de Consulta, Estudos e Pesquisas do Militar Estadual da Bahia (ICEME-BA), pede a cassa\u00e7\u00e3o do mandato do cantor e deputado federal Igor Kann\u00e1rio (DEM), ap\u00f3s ofensas a policiais militares em sua passagem no Campo Grande na segunda-feira (24) de Carnaval. O documento, que at\u00e9 a publica\u00e7\u00e3o da mat\u00e9ria registrava\" \/>\n\t\t<meta property=\"og:url\" content=\"https:\/\/newsinfoco.com.br\/inicio\/abaixo-assinado-pede-cassacao-do-mandato-do-cantor-e-deputado-federal-igor-kannario\/\" \/>\n\t\t<meta property=\"article:published_time\" content=\"2020-02-26T18:17:07+00:00\" \/>\n\t\t<meta property=\"article:modified_time\" content=\"2020-02-26T18:17:07+00:00\" \/>\n\t\t<meta name=\"twitter:card\" content=\"summary_large_image\" \/>\n\t\t<meta name=\"twitter:title\" content=\"Abaixo-assinado pede cassa\u00e7\u00e3o do mandato do cantor e deputado federal Igor Kann\u00e1rio - News In Foco - Editado por Caio Pimenta\" \/>\n\t\t<meta name=\"twitter:description\" content=\"Um abaixo-assinado online proposto pela dire\u00e7\u00e3o do Instituto de Consulta, Estudos e Pesquisas do Militar Estadual da Bahia (ICEME-BA), pede a cassa\u00e7\u00e3o do mandato do cantor e deputado federal Igor Kann\u00e1rio (DEM), ap\u00f3s ofensas a policiais militares em sua passagem no Campo Grande na segunda-feira (24) de Carnaval. O documento, que at\u00e9 a publica\u00e7\u00e3o da mat\u00e9ria registrava\" \/>\n\t\t<script type=\"application\/ld+json\" class=\"aioseo-schema\">\n\t\t\t{\"@context\":\"https:\\\/\\\/schema.org\",\"@graph\":[{\"@type\":\"BlogPosting\",\"@id\":\"https:\\\/\\\/newsinfoco.com.br\\\/inicio\\\/abaixo-assinado-pede-cassacao-do-mandato-do-cantor-e-deputado-federal-igor-kannario\\\/#blogposting\",\"name\":\"Abaixo-assinado pede cassa\\u00e7\\u00e3o do mandato do cantor e deputado federal Igor Kann\\u00e1rio - News In Foco - Editado por Caio Pimenta\",\"headline\":\"Abaixo-assinado pede cassa\\u00e7\\u00e3o do mandato do cantor e deputado federal Igor Kann\\u00e1rio\",\"author\":{\"@id\":\"https:\\\/\\\/newsinfoco.com.br\\\/inicio\\\/author\\\/administrador\\\/#author\"},\"publisher\":{\"@id\":\"https:\\\/\\\/newsinfoco.com.br\\\/inicio\\\/#organization\"},\"image\":{\"@type\":\"ImageObject\",\"url\":\"https:\\\/\\\/newsinfoco.com.br\\\/inicio\\\/wp-content\\\/uploads\\\/2019\\\/03\\\/kannario.jpg\",\"width\":600,\"height\":420},\"datePublished\":\"2020-02-26T15:17:07-03:00\",\"dateModified\":\"2020-02-26T15:17:07-03:00\",\"inLanguage\":\"pt-BR\",\"mainEntityOfPage\":{\"@id\":\"https:\\\/\\\/newsinfoco.com.br\\\/inicio\\\/abaixo-assinado-pede-cassacao-do-mandato-do-cantor-e-deputado-federal-igor-kannario\\\/#webpage\"},\"isPartOf\":{\"@id\":\"https:\\\/\\\/newsinfoco.com.br\\\/inicio\\\/abaixo-assinado-pede-cassacao-do-mandato-do-cantor-e-deputado-federal-igor-kannario\\\/#webpage\"},\"articleSection\":\"Bahia\"},{\"@type\":\"BreadcrumbList\",\"@id\":\"https:\\\/\\\/newsinfoco.com.br\\\/inicio\\\/abaixo-assinado-pede-cassacao-do-mandato-do-cantor-e-deputado-federal-igor-kannario\\\/#breadcrumblist\",\"itemListElement\":[{\"@type\":\"ListItem\",\"@id\":\"https:\\\/\\\/newsinfoco.com.br\\\/inicio#listItem\",\"position\":1,\"name\":\"In\\u00edcio\",\"item\":\"https:\\\/\\\/newsinfoco.com.br\\\/inicio\",\"nextItem\":{\"@type\":\"ListItem\",\"@id\":\"https:\\\/\\\/newsinfoco.com.br\\\/inicio\\\/category\\\/bahia\\\/#listItem\",\"name\":\"Bahia\"}},{\"@type\":\"ListItem\",\"@id\":\"https:\\\/\\\/newsinfoco.com.br\\\/inicio\\\/category\\\/bahia\\\/#listItem\",\"position\":2,\"name\":\"Bahia\",\"item\":\"https:\\\/\\\/newsinfoco.com.br\\\/inicio\\\/category\\\/bahia\\\/\",\"nextItem\":{\"@type\":\"ListItem\",\"@id\":\"https:\\\/\\\/newsinfoco.com.br\\\/inicio\\\/abaixo-assinado-pede-cassacao-do-mandato-do-cantor-e-deputado-federal-igor-kannario\\\/#listItem\",\"name\":\"Abaixo-assinado pede cassa\\u00e7\\u00e3o do mandato do cantor e deputado federal Igor Kann\\u00e1rio\"},\"previousItem\":{\"@type\":\"ListItem\",\"@id\":\"https:\\\/\\\/newsinfoco.com.br\\\/inicio#listItem\",\"name\":\"In\\u00edcio\"}},{\"@type\":\"ListItem\",\"@id\":\"https:\\\/\\\/newsinfoco.com.br\\\/inicio\\\/abaixo-assinado-pede-cassacao-do-mandato-do-cantor-e-deputado-federal-igor-kannario\\\/#listItem\",\"position\":3,\"name\":\"Abaixo-assinado pede cassa\\u00e7\\u00e3o do mandato do cantor e deputado federal Igor Kann\\u00e1rio\",\"previousItem\":{\"@type\":\"ListItem\",\"@id\":\"https:\\\/\\\/newsinfoco.com.br\\\/inicio\\\/category\\\/bahia\\\/#listItem\",\"name\":\"Bahia\"}}]},{\"@type\":\"Organization\",\"@id\":\"https:\\\/\\\/newsinfoco.com.br\\\/inicio\\\/#organization\",\"name\":\"News In Foco - Editado por Caio Pimenta\",\"description\":\"O principal site de noticias de Alagoinhas e regi\\u00e3o\",\"url\":\"https:\\\/\\\/newsinfoco.com.br\\\/inicio\\\/\"},{\"@type\":\"Person\",\"@id\":\"https:\\\/\\\/newsinfoco.com.br\\\/inicio\\\/author\\\/administrador\\\/#author\",\"url\":\"https:\\\/\\\/newsinfoco.com.br\\\/inicio\\\/author\\\/administrador\\\/\",\"name\":\"administrador\",\"image\":{\"@type\":\"ImageObject\",\"@id\":\"https:\\\/\\\/newsinfoco.com.br\\\/inicio\\\/abaixo-assinado-pede-cassacao-do-mandato-do-cantor-e-deputado-federal-igor-kannario\\\/#authorImage\",\"url\":\"https:\\\/\\\/secure.gravatar.com\\\/avatar\\\/c17a617433de8c1dc9584bb79aab7563b46f5bb7e1728c9b17d9cc3ce6a08e49?s=96&d=mm&r=g\",\"width\":96,\"height\":96,\"caption\":\"administrador\"}},{\"@type\":\"WebPage\",\"@id\":\"https:\\\/\\\/newsinfoco.com.br\\\/inicio\\\/abaixo-assinado-pede-cassacao-do-mandato-do-cantor-e-deputado-federal-igor-kannario\\\/#webpage\",\"url\":\"https:\\\/\\\/newsinfoco.com.br\\\/inicio\\\/abaixo-assinado-pede-cassacao-do-mandato-do-cantor-e-deputado-federal-igor-kannario\\\/\",\"name\":\"Abaixo-assinado pede cassa\\u00e7\\u00e3o do mandato do cantor e deputado federal Igor Kann\\u00e1rio - News In Foco - Editado por Caio Pimenta\",\"description\":\"Um abaixo-assinado online proposto pela dire\\u00e7\\u00e3o do Instituto de Consulta, Estudos e Pesquisas do Militar Estadual da Bahia (ICEME-BA), pede a cassa\\u00e7\\u00e3o do mandato do cantor e deputado federal Igor Kann\\u00e1rio (DEM), ap\\u00f3s ofensas a policiais militares em sua passagem no Campo Grande na segunda-feira (24) de Carnaval. O documento, que at\\u00e9 a publica\\u00e7\\u00e3o da mat\\u00e9ria registrava\",\"inLanguage\":\"pt-BR\",\"isPartOf\":{\"@id\":\"https:\\\/\\\/newsinfoco.com.br\\\/inicio\\\/#website\"},\"breadcrumb\":{\"@id\":\"https:\\\/\\\/newsinfoco.com.br\\\/inicio\\\/abaixo-assinado-pede-cassacao-do-mandato-do-cantor-e-deputado-federal-igor-kannario\\\/#breadcrumblist\"},\"author\":{\"@id\":\"https:\\\/\\\/newsinfoco.com.br\\\/inicio\\\/author\\\/administrador\\\/#author\"},\"creator\":{\"@id\":\"https:\\\/\\\/newsinfoco.com.br\\\/inicio\\\/author\\\/administrador\\\/#author\"},\"image\":{\"@type\":\"ImageObject\",\"url\":\"https:\\\/\\\/newsinfoco.com.br\\\/inicio\\\/wp-content\\\/uploads\\\/2019\\\/03\\\/kannario.jpg\",\"@id\":\"https:\\\/\\\/newsinfoco.com.br\\\/inicio\\\/abaixo-assinado-pede-cassacao-do-mandato-do-cantor-e-deputado-federal-igor-kannario\\\/#mainImage\",\"width\":600,\"height\":420},\"primaryImageOfPage\":{\"@id\":\"https:\\\/\\\/newsinfoco.com.br\\\/inicio\\\/abaixo-assinado-pede-cassacao-do-mandato-do-cantor-e-deputado-federal-igor-kannario\\\/#mainImage\"},\"datePublished\":\"2020-02-26T15:17:07-03:00\",\"dateModified\":\"2020-02-26T15:17:07-03:00\"},{\"@type\":\"WebSite\",\"@id\":\"https:\\\/\\\/newsinfoco.com.br\\\/inicio\\\/#website\",\"url\":\"https:\\\/\\\/newsinfoco.com.br\\\/inicio\\\/\",\"name\":\"News In Foco - Editado por Caio Pimenta\",\"description\":\"O principal site de noticias de Alagoinhas e regi\\u00e3o\",\"inLanguage\":\"pt-BR\",\"publisher\":{\"@id\":\"https:\\\/\\\/newsinfoco.com.br\\\/inicio\\\/#organization\"}}]}\n\t\t<\/script>\n\t\t<!-- All in One SEO -->\n\n","aioseo_head_json":{"title":"Abaixo-assinado pede cassa\u00e7\u00e3o do mandato do cantor e deputado federal Igor Kann\u00e1rio - News In Foco - Editado por Caio Pimenta","description":"Um abaixo-assinado online proposto pela dire\u00e7\u00e3o do Instituto de Consulta, Estudos e Pesquisas do Militar Estadual da Bahia (ICEME-BA), pede a cassa\u00e7\u00e3o do mandato do cantor e deputado federal Igor Kann\u00e1rio (DEM), ap\u00f3s ofensas a policiais militares em sua passagem no Campo Grande na segunda-feira (24) de Carnaval. O documento, que at\u00e9 a publica\u00e7\u00e3o da mat\u00e9ria registrava","canonical_url":"https:\/\/newsinfoco.com.br\/inicio\/abaixo-assinado-pede-cassacao-do-mandato-do-cantor-e-deputado-federal-igor-kannario\/","robots":"max-image-preview:large","keywords":"","webmasterTools":{"miscellaneous":""},"schema":{"@context":"https:\/\/schema.org","@graph":[{"@type":"BlogPosting","@id":"https:\/\/newsinfoco.com.br\/inicio\/abaixo-assinado-pede-cassacao-do-mandato-do-cantor-e-deputado-federal-igor-kannario\/#blogposting","name":"Abaixo-assinado pede cassa\u00e7\u00e3o do mandato do cantor e deputado federal Igor Kann\u00e1rio - News In Foco - Editado por Caio Pimenta","headline":"Abaixo-assinado pede cassa\u00e7\u00e3o do mandato do cantor e deputado federal Igor Kann\u00e1rio","author":{"@id":"https:\/\/newsinfoco.com.br\/inicio\/author\/administrador\/#author"},"publisher":{"@id":"https:\/\/newsinfoco.com.br\/inicio\/#organization"},"image":{"@type":"ImageObject","url":"https:\/\/newsinfoco.com.br\/inicio\/wp-content\/uploads\/2019\/03\/kannario.jpg","width":600,"height":420},"datePublished":"2020-02-26T15:17:07-03:00","dateModified":"2020-02-26T15:17:07-03:00","inLanguage":"pt-BR","mainEntityOfPage":{"@id":"https:\/\/newsinfoco.com.br\/inicio\/abaixo-assinado-pede-cassacao-do-mandato-do-cantor-e-deputado-federal-igor-kannario\/#webpage"},"isPartOf":{"@id":"https:\/\/newsinfoco.com.br\/inicio\/abaixo-assinado-pede-cassacao-do-mandato-do-cantor-e-deputado-federal-igor-kannario\/#webpage"},"articleSection":"Bahia"},{"@type":"BreadcrumbList","@id":"https:\/\/newsinfoco.com.br\/inicio\/abaixo-assinado-pede-cassacao-do-mandato-do-cantor-e-deputado-federal-igor-kannario\/#breadcrumblist","itemListElement":[{"@type":"ListItem","@id":"https:\/\/newsinfoco.com.br\/inicio#listItem","position":1,"name":"In\u00edcio","item":"https:\/\/newsinfoco.com.br\/inicio","nextItem":{"@type":"ListItem","@id":"https:\/\/newsinfoco.com.br\/inicio\/category\/bahia\/#listItem","name":"Bahia"}},{"@type":"ListItem","@id":"https:\/\/newsinfoco.com.br\/inicio\/category\/bahia\/#listItem","position":2,"name":"Bahia","item":"https:\/\/newsinfoco.com.br\/inicio\/category\/bahia\/","nextItem":{"@type":"ListItem","@id":"https:\/\/newsinfoco.com.br\/inicio\/abaixo-assinado-pede-cassacao-do-mandato-do-cantor-e-deputado-federal-igor-kannario\/#listItem","name":"Abaixo-assinado pede cassa\u00e7\u00e3o do mandato do cantor e deputado federal Igor Kann\u00e1rio"},"previousItem":{"@type":"ListItem","@id":"https:\/\/newsinfoco.com.br\/inicio#listItem","name":"In\u00edcio"}},{"@type":"ListItem","@id":"https:\/\/newsinfoco.com.br\/inicio\/abaixo-assinado-pede-cassacao-do-mandato-do-cantor-e-deputado-federal-igor-kannario\/#listItem","position":3,"name":"Abaixo-assinado pede cassa\u00e7\u00e3o do mandato do cantor e deputado federal Igor Kann\u00e1rio","previousItem":{"@type":"ListItem","@id":"https:\/\/newsinfoco.com.br\/inicio\/category\/bahia\/#listItem","name":"Bahia"}}]},{"@type":"Organization","@id":"https:\/\/newsinfoco.com.br\/inicio\/#organization","name":"News In Foco - Editado por Caio Pimenta","description":"O principal site de noticias de Alagoinhas e regi\u00e3o","url":"https:\/\/newsinfoco.com.br\/inicio\/"},{"@type":"Person","@id":"https:\/\/newsinfoco.com.br\/inicio\/author\/administrador\/#author","url":"https:\/\/newsinfoco.com.br\/inicio\/author\/administrador\/","name":"administrador","image":{"@type":"ImageObject","@id":"https:\/\/newsinfoco.com.br\/inicio\/abaixo-assinado-pede-cassacao-do-mandato-do-cantor-e-deputado-federal-igor-kannario\/#authorImage","url":"https:\/\/secure.gravatar.com\/avatar\/c17a617433de8c1dc9584bb79aab7563b46f5bb7e1728c9b17d9cc3ce6a08e49?s=96&d=mm&r=g","width":96,"height":96,"caption":"administrador"}},{"@type":"WebPage","@id":"https:\/\/newsinfoco.com.br\/inicio\/abaixo-assinado-pede-cassacao-do-mandato-do-cantor-e-deputado-federal-igor-kannario\/#webpage","url":"https:\/\/newsinfoco.com.br\/inicio\/abaixo-assinado-pede-cassacao-do-mandato-do-cantor-e-deputado-federal-igor-kannario\/","name":"Abaixo-assinado pede cassa\u00e7\u00e3o do mandato do cantor e deputado federal Igor Kann\u00e1rio - News In Foco - Editado por Caio Pimenta","description":"Um abaixo-assinado online proposto pela dire\u00e7\u00e3o do Instituto de Consulta, Estudos e Pesquisas do Militar Estadual da Bahia (ICEME-BA), pede a cassa\u00e7\u00e3o do mandato do cantor e deputado federal Igor Kann\u00e1rio (DEM), ap\u00f3s ofensas a policiais militares em sua passagem no Campo Grande na segunda-feira (24) de Carnaval. O documento, que at\u00e9 a publica\u00e7\u00e3o da mat\u00e9ria registrava","inLanguage":"pt-BR","isPartOf":{"@id":"https:\/\/newsinfoco.com.br\/inicio\/#website"},"breadcrumb":{"@id":"https:\/\/newsinfoco.com.br\/inicio\/abaixo-assinado-pede-cassacao-do-mandato-do-cantor-e-deputado-federal-igor-kannario\/#breadcrumblist"},"author":{"@id":"https:\/\/newsinfoco.com.br\/inicio\/author\/administrador\/#author"},"creator":{"@id":"https:\/\/newsinfoco.com.br\/inicio\/author\/administrador\/#author"},"image":{"@type":"ImageObject","url":"https:\/\/newsinfoco.com.br\/inicio\/wp-content\/uploads\/2019\/03\/kannario.jpg","@id":"https:\/\/newsinfoco.com.br\/inicio\/abaixo-assinado-pede-cassacao-do-mandato-do-cantor-e-deputado-federal-igor-kannario\/#mainImage","width":600,"height":420},"primaryImageOfPage":{"@id":"https:\/\/newsinfoco.com.br\/inicio\/abaixo-assinado-pede-cassacao-do-mandato-do-cantor-e-deputado-federal-igor-kannario\/#mainImage"},"datePublished":"2020-02-26T15:17:07-03:00","dateModified":"2020-02-26T15:17:07-03:00"},{"@type":"WebSite","@id":"https:\/\/newsinfoco.com.br\/inicio\/#website","url":"https:\/\/newsinfoco.com.br\/inicio\/","name":"News In Foco - Editado por Caio Pimenta","description":"O principal site de noticias de Alagoinhas e regi\u00e3o","inLanguage":"pt-BR","publisher":{"@id":"https:\/\/newsinfoco.com.br\/inicio\/#organization"}}]},"og:locale":"pt_BR","og:site_name":"News In Foco - Editado por Caio Pimenta - O principal site de noticias de Alagoinhas e regi\u00e3o","og:type":"article","og:title":"Abaixo-assinado pede cassa\u00e7\u00e3o do mandato do cantor e deputado federal Igor Kann\u00e1rio - News In Foco - Editado por Caio Pimenta","og:description":"Um abaixo-assinado online proposto pela dire\u00e7\u00e3o do Instituto de Consulta, Estudos e Pesquisas do Militar Estadual da Bahia (ICEME-BA), pede a cassa\u00e7\u00e3o do mandato do cantor e deputado federal Igor Kann\u00e1rio (DEM), ap\u00f3s ofensas a policiais militares em sua passagem no Campo Grande na segunda-feira (24) de Carnaval. O documento, que at\u00e9 a publica\u00e7\u00e3o da mat\u00e9ria registrava","og:url":"https:\/\/newsinfoco.com.br\/inicio\/abaixo-assinado-pede-cassacao-do-mandato-do-cantor-e-deputado-federal-igor-kannario\/","article:published_time":"2020-02-26T18:17:07+00:00","article:modified_time":"2020-02-26T18:17:07+00:00","twitter:card":"summary_large_image","twitter:title":"Abaixo-assinado pede cassa\u00e7\u00e3o do mandato do cantor e deputado federal Igor Kann\u00e1rio - News In Foco - Editado por Caio Pimenta","twitter:description":"Um abaixo-assinado online proposto pela dire\u00e7\u00e3o do Instituto de Consulta, Estudos e Pesquisas do Militar Estadual da Bahia (ICEME-BA), pede a cassa\u00e7\u00e3o do mandato do cantor e deputado federal Igor Kann\u00e1rio (DEM), ap\u00f3s ofensas a policiais militares em sua passagem no Campo Grande na segunda-feira (24) de Carnaval. O documento, que at\u00e9 a publica\u00e7\u00e3o da mat\u00e9ria registrava"},"aioseo_meta_data":{"post_id":"20443","title":null,"description":null,"keywords":null,"keyphrases":null,"primary_term":null,"canonical_url":null,"og_title":null,"og_description":null,"og_object_type":"default","og_image_type":"default","og_image_url":null,"og_image_width":null,"og_image_height":null,"og_image_custom_url":null,"og_image_custom_fields":null,"og_video":null,"og_custom_url":null,"og_article_section":null,"og_article_tags":null,"twitter_use_og":false,"twitter_card":"default","twitter_image_type":"default","twitter_image_url":null,"twitter_image_custom_url":null,"twitter_image_custom_fields":null,"twitter_title":null,"twitter_description":null,"schema":{"blockGraphs":[],"customGraphs":[],"default":{"data":{"Article":[],"Course":[],"Dataset":[],"FAQPage":[],"Movie":[],"Person":[],"Product":[],"ProductReview":[],"Car":[],"Recipe":[],"Service":[],"SoftwareApplication":[],"WebPage":[]},"graphName":"","isEnabled":true},"graphs":[]},"schema_type":"default","schema_type_options":null,"pillar_content":false,"robots_default":true,"robots_noindex":false,"robots_noarchive":false,"robots_nosnippet":false,"robots_nofollow":false,"robots_noimageindex":false,"robots_noodp":false,"robots_notranslate":false,"robots_max_snippet":null,"robots_max_videopreview":null,"robots_max_imagepreview":"large","priority":null,"frequency":null,"local_seo":null,"breadcrumb_settings":null,"limit_modified_date":false,"ai":null,"created":"2023-06-12 16:11:32","updated":"2025-07-11 02:47:53","seo_analyzer_scan_date":null},"aioseo_breadcrumb":"<div class=\"aioseo-breadcrumbs\"><span class=\"aioseo-breadcrumb\">\n\t\t\t<a href=\"https:\/\/newsinfoco.com.br\/inicio\" title=\"In\u00edcio\">In\u00edcio<\/a>\n\t\t<\/span><span class=\"aioseo-breadcrumb-separator\">&raquo;<\/span><span class=\"aioseo-breadcrumb\">\n\t\t\t<a href=\"https:\/\/newsinfoco.com.br\/inicio\/category\/bahia\/\" title=\"Bahia\">Bahia<\/a>\n\t\t<\/span><span class=\"aioseo-breadcrumb-separator\">&raquo;<\/span><span class=\"aioseo-breadcrumb\">\n\t\t\tAbaixo-assinado pede cassa\u00e7\u00e3o do mandato do cantor e deputado federal Igor Kann\u00e1rio\n\t\t<\/span><\/div>","aioseo_breadcrumb_json":[{"label":"In\u00edcio","link":"https:\/\/newsinfoco.com.br\/inicio"},{"label":"Bahia","link":"https:\/\/newsinfoco.com.br\/inicio\/category\/bahia\/"},{"label":"Abaixo-assinado pede cassa\u00e7\u00e3o do mandato do cantor e deputado federal Igor Kann\u00e1rio","link":"https:\/\/newsinfoco.com.br\/inicio\/abaixo-assinado-pede-cassacao-do-mandato-do-cantor-e-deputado-federal-igor-kannario\/"}],"_links":{"self":[{"href":"https:\/\/newsinfoco.com.br\/inicio\/wp-json\/wp\/v2\/posts\/20443","targetHints":{"allow":["GET"]}}],"collection":[{"href":"https:\/\/newsinfoco.com.br\/inicio\/wp-json\/wp\/v2\/posts"}],"about":[{"href":"https:\/\/newsinfoco.com.br\/inicio\/wp-json\/wp\/v2\/types\/post"}],"author":[{"embeddable":true,"href":"https:\/\/newsinfoco.com.br\/inicio\/wp-json\/wp\/v2\/users\/1"}],"replies":[{"embeddable":true,"href":"https:\/\/newsinfoco.com.br\/inicio\/wp-json\/wp\/v2\/comments?post=20443"}],"version-history":[{"count":0,"href":"https:\/\/newsinfoco.com.br\/inicio\/wp-json\/wp\/v2\/posts\/20443\/revisions"}],"wp:featuredmedia":[{"embeddable":true,"href":"https:\/\/newsinfoco.com.br\/inicio\/wp-json\/wp\/v2\/media\/13847"}],"wp:attachment":[{"href":"https:\/\/newsinfoco.com.br\/inicio\/wp-json\/wp\/v2\/media?parent=20443"}],"wp:term":[{"taxonomy":"category","embeddable":true,"href":"https:\/\/newsinfoco.com.br\/inicio\/wp-json\/wp\/v2\/categories?post=20443"},{"taxonomy":"post_tag","embeddable":true,"href":"https:\/\/newsinfoco.com.br\/inicio\/wp-json\/wp\/v2\/tags?post=20443"}],"curies":[{"name":"wp","href":"https:\/\/api.w.org\/{rel}","templated":true}]}}