{"id":20445,"date":"2020-02-26T16:19:36","date_gmt":"2020-02-26T19:19:36","guid":{"rendered":"http:\/\/newsinfoco.com.br\/?p=20445"},"modified":"2020-02-26T16:22:08","modified_gmt":"2020-02-26T19:22:08","slug":"rede-hoteleira-de-salvador-tem-ocupacao-media-de-95-no-carnaval","status":"publish","type":"post","link":"https:\/\/newsinfoco.com.br\/inicio\/rede-hoteleira-de-salvador-tem-ocupacao-media-de-95-no-carnaval\/","title":{"rendered":"Rede hoteleira de Salvador tem ocupa\u00e7\u00e3o m\u00e9dia de 95% no Carnaval"},"content":{"rendered":"<p style=\"text-align: justify;\">O Carnaval foi de ruas cheias e hot\u00e9is lotados. A m\u00e9dia de ocupa\u00e7\u00e3o dos hot\u00e9is da cidade bateu 95%, de acordo com o secret\u00e1rio de Turismo, Fausto Franco, que afirma que o per\u00edodo foi favor\u00e1vel tamb\u00e9m no interior do estado. Em Salvador, a alta foi especialmente registrada nas regi\u00f5es pr\u00f3ximas aos circuitos.<\/p>\n<p style=\"text-align: justify;\">\u201cFoi um carnaval excelente, tanto na capital quanto no interior do estado, que tamb\u00e9m teve ocupa\u00e7\u00e3o acima dos 90%. Recebemos mais de dois milh\u00f5es de visitantes no estado. Estamos estimulando a atra\u00e7\u00e3o de visitantes o ano inteiro, com um modelo de trabalho intensivo\u201d<\/p>\n<p style=\"text-align: justify;\">O clima, as praias e a diversidade cultural, al\u00e9m da boa infraestrutura e servi\u00e7os de qualidade, afirma a Secretaria de Turismo (Setur), s\u00e3o atributos da capital baiana para atrair os visitantes. N\u00e3o foi diferente em 2020, que registrou no per\u00edodo uma m\u00e9dia de ocupa\u00e7\u00e3o de 95% na<\/p>\n<p style=\"text-align: justify;\">As regi\u00f5es de destaque s\u00e3o os bairros pr\u00f3ximos aos circuitos da folia, onde muitos hot\u00e9is operam com capacidade m\u00e1xima. Situado no Campo Grande, na entrada do Circuito Osmar, o Wish Hotel da Bahia atingiu um pico de ocupa\u00e7\u00e3o de 97%, na \u00faltima sexta-feira (21). Para a turista Stela Marinho, a escolha da hospedagem foi estrat\u00e9gica. \u201cPara quem vem de fora e quer ver a festa bem de perto, ficar num hotel perto dos circuitos faz toda a diferen\u00e7a. A gente fica mais tranquilo e confort\u00e1vel. O deslocamento \u00e9 mais f\u00e1cil\u201d.<\/p>\n<p style=\"text-align: justify;\">Para atender a demanda de turistas no per\u00edodo, mais de 400 voos extras foram disponibilizados pelas companhias a\u00e9reas para os principais destinos carnavalescos da Bahia, com destaque para Salvador e Porto Seguro, pontua a secretaria. J\u00e1 os cruzeiros mar\u00edtimos trouxeram \u00e0 capital cerca de 15 mil turistas nos dias de folia. O dia de maior movimento no porto foi na ter\u00e7a-feira (25), com a chegada de tr\u00eas transatl\u00e2nticos.<\/p>\n<div class='share-to-whatsapp-wrapper'><div class='share-on-whsp'>Share on: <\/div><a data-text='Rede hoteleira de Salvador tem ocupa\u00e7\u00e3o m\u00e9dia de 95% no Carnaval' data-link='https:\/\/newsinfoco.com.br\/inicio\/rede-hoteleira-de-salvador-tem-ocupacao-media-de-95-no-carnaval\/' class='whatsapp-button whatsapp-share'>WhatsApp<\/a><div class='clear '><\/div><\/div>","protected":false},"excerpt":{"rendered":"<p>O Carnaval foi de ruas cheias e hot\u00e9is lotados. A m\u00e9dia de ocupa\u00e7\u00e3o dos hot\u00e9is da cidade bateu 95%, de acordo com o secret\u00e1rio de Turismo, Fausto Franco, que afirma que o per\u00edodo foi favor\u00e1vel tamb\u00e9m no interior do estado. Em Salvador, a alta foi especialmente registrada nas regi\u00f5es pr\u00f3ximas aos circuitos. \u201cFoi um carnaval [&hellip;]<\/p>\n","protected":false},"author":1,"featured_media":20446,"comment_status":"open","ping_status":"open","sticky":false,"template":"","format":"standard","meta":{"om_disable_all_campaigns":false,"rop_custom_images_group":[],"rop_custom_messages_group":[],"rop_publish_now":"initial","rop_publish_now_accounts":[],"rop_publish_now_history":[],"rop_publish_now_status":"pending","_exactmetrics_skip_tracking":false,"footnotes":""},"categories":[19],"tags":[],"class_list":["post-20445","post","type-post","status-publish","format-standard","has-post-thumbnail","hentry","category-bahia"],"aioseo_notices":[],"aioseo_head":"\n\t\t<!-- All in One SEO 4.9.10 - aioseo.com -->\n\t<meta name=\"description\" content=\"O Carnaval foi de ruas cheias e hot\u00e9is lotados. A m\u00e9dia de ocupa\u00e7\u00e3o dos hot\u00e9is da cidade bateu 95%, de acordo com o secret\u00e1rio de Turismo, Fausto Franco, que afirma que o per\u00edodo foi favor\u00e1vel tamb\u00e9m no interior do estado. Em Salvador, a alta foi especialmente registrada nas regi\u00f5es pr\u00f3ximas aos circuitos. \u201cFoi um carnaval\" \/>\n\t<meta name=\"robots\" content=\"max-image-preview:large\" \/>\n\t<meta name=\"author\" content=\"administrador\"\/>\n\t<link rel=\"canonical\" href=\"https:\/\/newsinfoco.com.br\/inicio\/rede-hoteleira-de-salvador-tem-ocupacao-media-de-95-no-carnaval\/\" \/>\n\t<meta name=\"generator\" content=\"All in One SEO (AIOSEO) 4.9.10\" \/>\n\t\t<meta property=\"og:locale\" content=\"pt_BR\" \/>\n\t\t<meta property=\"og:site_name\" content=\"News In Foco - Editado por Caio Pimenta - O principal site de noticias de Alagoinhas e regi\u00e3o\" \/>\n\t\t<meta property=\"og:type\" content=\"article\" \/>\n\t\t<meta property=\"og:title\" content=\"Rede hoteleira de Salvador tem ocupa\u00e7\u00e3o m\u00e9dia de 95% no Carnaval - News In Foco - Editado por Caio Pimenta\" \/>\n\t\t<meta property=\"og:description\" content=\"O Carnaval foi de ruas cheias e hot\u00e9is lotados. A m\u00e9dia de ocupa\u00e7\u00e3o dos hot\u00e9is da cidade bateu 95%, de acordo com o secret\u00e1rio de Turismo, Fausto Franco, que afirma que o per\u00edodo foi favor\u00e1vel tamb\u00e9m no interior do estado. Em Salvador, a alta foi especialmente registrada nas regi\u00f5es pr\u00f3ximas aos circuitos. \u201cFoi um carnaval\" \/>\n\t\t<meta property=\"og:url\" content=\"https:\/\/newsinfoco.com.br\/inicio\/rede-hoteleira-de-salvador-tem-ocupacao-media-de-95-no-carnaval\/\" \/>\n\t\t<meta property=\"article:published_time\" content=\"2020-02-26T19:19:36+00:00\" \/>\n\t\t<meta property=\"article:modified_time\" content=\"2020-02-26T19:22:08+00:00\" \/>\n\t\t<meta name=\"twitter:card\" content=\"summary_large_image\" \/>\n\t\t<meta name=\"twitter:title\" content=\"Rede hoteleira de Salvador tem ocupa\u00e7\u00e3o m\u00e9dia de 95% no Carnaval - News In Foco - Editado por Caio Pimenta\" \/>\n\t\t<meta name=\"twitter:description\" content=\"O Carnaval foi de ruas cheias e hot\u00e9is lotados. A m\u00e9dia de ocupa\u00e7\u00e3o dos hot\u00e9is da cidade bateu 95%, de acordo com o secret\u00e1rio de Turismo, Fausto Franco, que afirma que o per\u00edodo foi favor\u00e1vel tamb\u00e9m no interior do estado. Em Salvador, a alta foi especialmente registrada nas regi\u00f5es pr\u00f3ximas aos circuitos. \u201cFoi um carnaval\" \/>\n\t\t<script type=\"application\/ld+json\" class=\"aioseo-schema\">\n\t\t\t{\"@context\":\"https:\\\/\\\/schema.org\",\"@graph\":[{\"@type\":\"BlogPosting\",\"@id\":\"https:\\\/\\\/newsinfoco.com.br\\\/inicio\\\/rede-hoteleira-de-salvador-tem-ocupacao-media-de-95-no-carnaval\\\/#blogposting\",\"name\":\"Rede hoteleira de Salvador tem ocupa\\u00e7\\u00e3o m\\u00e9dia de 95% no Carnaval - News In Foco - Editado por Caio Pimenta\",\"headline\":\"Rede hoteleira de Salvador tem ocupa\\u00e7\\u00e3o m\\u00e9dia de 95% no Carnaval\",\"author\":{\"@id\":\"https:\\\/\\\/newsinfoco.com.br\\\/inicio\\\/author\\\/administrador\\\/#author\"},\"publisher\":{\"@id\":\"https:\\\/\\\/newsinfoco.com.br\\\/inicio\\\/#organization\"},\"image\":{\"@type\":\"ImageObject\",\"url\":\"https:\\\/\\\/newsinfoco.com.br\\\/inicio\\\/wp-content\\\/uploads\\\/2020\\\/02\\\/REDEHOTELEIRA.jpg\",\"width\":600,\"height\":420},\"datePublished\":\"2020-02-26T16:19:36-03:00\",\"dateModified\":\"2020-02-26T16:22:08-03:00\",\"inLanguage\":\"pt-BR\",\"mainEntityOfPage\":{\"@id\":\"https:\\\/\\\/newsinfoco.com.br\\\/inicio\\\/rede-hoteleira-de-salvador-tem-ocupacao-media-de-95-no-carnaval\\\/#webpage\"},\"isPartOf\":{\"@id\":\"https:\\\/\\\/newsinfoco.com.br\\\/inicio\\\/rede-hoteleira-de-salvador-tem-ocupacao-media-de-95-no-carnaval\\\/#webpage\"},\"articleSection\":\"Bahia\"},{\"@type\":\"BreadcrumbList\",\"@id\":\"https:\\\/\\\/newsinfoco.com.br\\\/inicio\\\/rede-hoteleira-de-salvador-tem-ocupacao-media-de-95-no-carnaval\\\/#breadcrumblist\",\"itemListElement\":[{\"@type\":\"ListItem\",\"@id\":\"https:\\\/\\\/newsinfoco.com.br\\\/inicio#listItem\",\"position\":1,\"name\":\"In\\u00edcio\",\"item\":\"https:\\\/\\\/newsinfoco.com.br\\\/inicio\",\"nextItem\":{\"@type\":\"ListItem\",\"@id\":\"https:\\\/\\\/newsinfoco.com.br\\\/inicio\\\/category\\\/bahia\\\/#listItem\",\"name\":\"Bahia\"}},{\"@type\":\"ListItem\",\"@id\":\"https:\\\/\\\/newsinfoco.com.br\\\/inicio\\\/category\\\/bahia\\\/#listItem\",\"position\":2,\"name\":\"Bahia\",\"item\":\"https:\\\/\\\/newsinfoco.com.br\\\/inicio\\\/category\\\/bahia\\\/\",\"nextItem\":{\"@type\":\"ListItem\",\"@id\":\"https:\\\/\\\/newsinfoco.com.br\\\/inicio\\\/rede-hoteleira-de-salvador-tem-ocupacao-media-de-95-no-carnaval\\\/#listItem\",\"name\":\"Rede hoteleira de Salvador tem ocupa\\u00e7\\u00e3o m\\u00e9dia de 95% no Carnaval\"},\"previousItem\":{\"@type\":\"ListItem\",\"@id\":\"https:\\\/\\\/newsinfoco.com.br\\\/inicio#listItem\",\"name\":\"In\\u00edcio\"}},{\"@type\":\"ListItem\",\"@id\":\"https:\\\/\\\/newsinfoco.com.br\\\/inicio\\\/rede-hoteleira-de-salvador-tem-ocupacao-media-de-95-no-carnaval\\\/#listItem\",\"position\":3,\"name\":\"Rede hoteleira de Salvador tem ocupa\\u00e7\\u00e3o m\\u00e9dia de 95% no Carnaval\",\"previousItem\":{\"@type\":\"ListItem\",\"@id\":\"https:\\\/\\\/newsinfoco.com.br\\\/inicio\\\/category\\\/bahia\\\/#listItem\",\"name\":\"Bahia\"}}]},{\"@type\":\"Organization\",\"@id\":\"https:\\\/\\\/newsinfoco.com.br\\\/inicio\\\/#organization\",\"name\":\"News In Foco - Editado por Caio Pimenta\",\"description\":\"O principal site de noticias de Alagoinhas e regi\\u00e3o\",\"url\":\"https:\\\/\\\/newsinfoco.com.br\\\/inicio\\\/\"},{\"@type\":\"Person\",\"@id\":\"https:\\\/\\\/newsinfoco.com.br\\\/inicio\\\/author\\\/administrador\\\/#author\",\"url\":\"https:\\\/\\\/newsinfoco.com.br\\\/inicio\\\/author\\\/administrador\\\/\",\"name\":\"administrador\",\"image\":{\"@type\":\"ImageObject\",\"@id\":\"https:\\\/\\\/newsinfoco.com.br\\\/inicio\\\/rede-hoteleira-de-salvador-tem-ocupacao-media-de-95-no-carnaval\\\/#authorImage\",\"url\":\"https:\\\/\\\/secure.gravatar.com\\\/avatar\\\/c17a617433de8c1dc9584bb79aab7563b46f5bb7e1728c9b17d9cc3ce6a08e49?s=96&d=mm&r=g\",\"width\":96,\"height\":96,\"caption\":\"administrador\"}},{\"@type\":\"WebPage\",\"@id\":\"https:\\\/\\\/newsinfoco.com.br\\\/inicio\\\/rede-hoteleira-de-salvador-tem-ocupacao-media-de-95-no-carnaval\\\/#webpage\",\"url\":\"https:\\\/\\\/newsinfoco.com.br\\\/inicio\\\/rede-hoteleira-de-salvador-tem-ocupacao-media-de-95-no-carnaval\\\/\",\"name\":\"Rede hoteleira de Salvador tem ocupa\\u00e7\\u00e3o m\\u00e9dia de 95% no Carnaval - News In Foco - Editado por Caio Pimenta\",\"description\":\"O Carnaval foi de ruas cheias e hot\\u00e9is lotados. A m\\u00e9dia de ocupa\\u00e7\\u00e3o dos hot\\u00e9is da cidade bateu 95%, de acordo com o secret\\u00e1rio de Turismo, Fausto Franco, que afirma que o per\\u00edodo foi favor\\u00e1vel tamb\\u00e9m no interior do estado. Em Salvador, a alta foi especialmente registrada nas regi\\u00f5es pr\\u00f3ximas aos circuitos. \\u201cFoi um carnaval\",\"inLanguage\":\"pt-BR\",\"isPartOf\":{\"@id\":\"https:\\\/\\\/newsinfoco.com.br\\\/inicio\\\/#website\"},\"breadcrumb\":{\"@id\":\"https:\\\/\\\/newsinfoco.com.br\\\/inicio\\\/rede-hoteleira-de-salvador-tem-ocupacao-media-de-95-no-carnaval\\\/#breadcrumblist\"},\"author\":{\"@id\":\"https:\\\/\\\/newsinfoco.com.br\\\/inicio\\\/author\\\/administrador\\\/#author\"},\"creator\":{\"@id\":\"https:\\\/\\\/newsinfoco.com.br\\\/inicio\\\/author\\\/administrador\\\/#author\"},\"image\":{\"@type\":\"ImageObject\",\"url\":\"https:\\\/\\\/newsinfoco.com.br\\\/inicio\\\/wp-content\\\/uploads\\\/2020\\\/02\\\/REDEHOTELEIRA.jpg\",\"@id\":\"https:\\\/\\\/newsinfoco.com.br\\\/inicio\\\/rede-hoteleira-de-salvador-tem-ocupacao-media-de-95-no-carnaval\\\/#mainImage\",\"width\":600,\"height\":420},\"primaryImageOfPage\":{\"@id\":\"https:\\\/\\\/newsinfoco.com.br\\\/inicio\\\/rede-hoteleira-de-salvador-tem-ocupacao-media-de-95-no-carnaval\\\/#mainImage\"},\"datePublished\":\"2020-02-26T16:19:36-03:00\",\"dateModified\":\"2020-02-26T16:22:08-03:00\"},{\"@type\":\"WebSite\",\"@id\":\"https:\\\/\\\/newsinfoco.com.br\\\/inicio\\\/#website\",\"url\":\"https:\\\/\\\/newsinfoco.com.br\\\/inicio\\\/\",\"name\":\"News In Foco - Editado por Caio Pimenta\",\"description\":\"O principal site de noticias de Alagoinhas e regi\\u00e3o\",\"inLanguage\":\"pt-BR\",\"publisher\":{\"@id\":\"https:\\\/\\\/newsinfoco.com.br\\\/inicio\\\/#organization\"}}]}\n\t\t<\/script>\n\t\t<!-- All in One SEO -->\n\n","aioseo_head_json":{"title":"Rede hoteleira de Salvador tem ocupa\u00e7\u00e3o m\u00e9dia de 95% no Carnaval - News In Foco - Editado por Caio Pimenta","description":"O Carnaval foi de ruas cheias e hot\u00e9is lotados. A m\u00e9dia de ocupa\u00e7\u00e3o dos hot\u00e9is da cidade bateu 95%, de acordo com o secret\u00e1rio de Turismo, Fausto Franco, que afirma que o per\u00edodo foi favor\u00e1vel tamb\u00e9m no interior do estado. Em Salvador, a alta foi especialmente registrada nas regi\u00f5es pr\u00f3ximas aos circuitos. \u201cFoi um carnaval","canonical_url":"https:\/\/newsinfoco.com.br\/inicio\/rede-hoteleira-de-salvador-tem-ocupacao-media-de-95-no-carnaval\/","robots":"max-image-preview:large","keywords":"","webmasterTools":{"miscellaneous":""},"schema":{"@context":"https:\/\/schema.org","@graph":[{"@type":"BlogPosting","@id":"https:\/\/newsinfoco.com.br\/inicio\/rede-hoteleira-de-salvador-tem-ocupacao-media-de-95-no-carnaval\/#blogposting","name":"Rede hoteleira de Salvador tem ocupa\u00e7\u00e3o m\u00e9dia de 95% no Carnaval - News In Foco - Editado por Caio Pimenta","headline":"Rede hoteleira de Salvador tem ocupa\u00e7\u00e3o m\u00e9dia de 95% no Carnaval","author":{"@id":"https:\/\/newsinfoco.com.br\/inicio\/author\/administrador\/#author"},"publisher":{"@id":"https:\/\/newsinfoco.com.br\/inicio\/#organization"},"image":{"@type":"ImageObject","url":"https:\/\/newsinfoco.com.br\/inicio\/wp-content\/uploads\/2020\/02\/REDEHOTELEIRA.jpg","width":600,"height":420},"datePublished":"2020-02-26T16:19:36-03:00","dateModified":"2020-02-26T16:22:08-03:00","inLanguage":"pt-BR","mainEntityOfPage":{"@id":"https:\/\/newsinfoco.com.br\/inicio\/rede-hoteleira-de-salvador-tem-ocupacao-media-de-95-no-carnaval\/#webpage"},"isPartOf":{"@id":"https:\/\/newsinfoco.com.br\/inicio\/rede-hoteleira-de-salvador-tem-ocupacao-media-de-95-no-carnaval\/#webpage"},"articleSection":"Bahia"},{"@type":"BreadcrumbList","@id":"https:\/\/newsinfoco.com.br\/inicio\/rede-hoteleira-de-salvador-tem-ocupacao-media-de-95-no-carnaval\/#breadcrumblist","itemListElement":[{"@type":"ListItem","@id":"https:\/\/newsinfoco.com.br\/inicio#listItem","position":1,"name":"In\u00edcio","item":"https:\/\/newsinfoco.com.br\/inicio","nextItem":{"@type":"ListItem","@id":"https:\/\/newsinfoco.com.br\/inicio\/category\/bahia\/#listItem","name":"Bahia"}},{"@type":"ListItem","@id":"https:\/\/newsinfoco.com.br\/inicio\/category\/bahia\/#listItem","position":2,"name":"Bahia","item":"https:\/\/newsinfoco.com.br\/inicio\/category\/bahia\/","nextItem":{"@type":"ListItem","@id":"https:\/\/newsinfoco.com.br\/inicio\/rede-hoteleira-de-salvador-tem-ocupacao-media-de-95-no-carnaval\/#listItem","name":"Rede hoteleira de Salvador tem ocupa\u00e7\u00e3o m\u00e9dia de 95% no Carnaval"},"previousItem":{"@type":"ListItem","@id":"https:\/\/newsinfoco.com.br\/inicio#listItem","name":"In\u00edcio"}},{"@type":"ListItem","@id":"https:\/\/newsinfoco.com.br\/inicio\/rede-hoteleira-de-salvador-tem-ocupacao-media-de-95-no-carnaval\/#listItem","position":3,"name":"Rede hoteleira de Salvador tem ocupa\u00e7\u00e3o m\u00e9dia de 95% no Carnaval","previousItem":{"@type":"ListItem","@id":"https:\/\/newsinfoco.com.br\/inicio\/category\/bahia\/#listItem","name":"Bahia"}}]},{"@type":"Organization","@id":"https:\/\/newsinfoco.com.br\/inicio\/#organization","name":"News In Foco - Editado por Caio Pimenta","description":"O principal site de noticias de Alagoinhas e regi\u00e3o","url":"https:\/\/newsinfoco.com.br\/inicio\/"},{"@type":"Person","@id":"https:\/\/newsinfoco.com.br\/inicio\/author\/administrador\/#author","url":"https:\/\/newsinfoco.com.br\/inicio\/author\/administrador\/","name":"administrador","image":{"@type":"ImageObject","@id":"https:\/\/newsinfoco.com.br\/inicio\/rede-hoteleira-de-salvador-tem-ocupacao-media-de-95-no-carnaval\/#authorImage","url":"https:\/\/secure.gravatar.com\/avatar\/c17a617433de8c1dc9584bb79aab7563b46f5bb7e1728c9b17d9cc3ce6a08e49?s=96&d=mm&r=g","width":96,"height":96,"caption":"administrador"}},{"@type":"WebPage","@id":"https:\/\/newsinfoco.com.br\/inicio\/rede-hoteleira-de-salvador-tem-ocupacao-media-de-95-no-carnaval\/#webpage","url":"https:\/\/newsinfoco.com.br\/inicio\/rede-hoteleira-de-salvador-tem-ocupacao-media-de-95-no-carnaval\/","name":"Rede hoteleira de Salvador tem ocupa\u00e7\u00e3o m\u00e9dia de 95% no Carnaval - News In Foco - Editado por Caio Pimenta","description":"O Carnaval foi de ruas cheias e hot\u00e9is lotados. A m\u00e9dia de ocupa\u00e7\u00e3o dos hot\u00e9is da cidade bateu 95%, de acordo com o secret\u00e1rio de Turismo, Fausto Franco, que afirma que o per\u00edodo foi favor\u00e1vel tamb\u00e9m no interior do estado. Em Salvador, a alta foi especialmente registrada nas regi\u00f5es pr\u00f3ximas aos circuitos. \u201cFoi um carnaval","inLanguage":"pt-BR","isPartOf":{"@id":"https:\/\/newsinfoco.com.br\/inicio\/#website"},"breadcrumb":{"@id":"https:\/\/newsinfoco.com.br\/inicio\/rede-hoteleira-de-salvador-tem-ocupacao-media-de-95-no-carnaval\/#breadcrumblist"},"author":{"@id":"https:\/\/newsinfoco.com.br\/inicio\/author\/administrador\/#author"},"creator":{"@id":"https:\/\/newsinfoco.com.br\/inicio\/author\/administrador\/#author"},"image":{"@type":"ImageObject","url":"https:\/\/newsinfoco.com.br\/inicio\/wp-content\/uploads\/2020\/02\/REDEHOTELEIRA.jpg","@id":"https:\/\/newsinfoco.com.br\/inicio\/rede-hoteleira-de-salvador-tem-ocupacao-media-de-95-no-carnaval\/#mainImage","width":600,"height":420},"primaryImageOfPage":{"@id":"https:\/\/newsinfoco.com.br\/inicio\/rede-hoteleira-de-salvador-tem-ocupacao-media-de-95-no-carnaval\/#mainImage"},"datePublished":"2020-02-26T16:19:36-03:00","dateModified":"2020-02-26T16:22:08-03:00"},{"@type":"WebSite","@id":"https:\/\/newsinfoco.com.br\/inicio\/#website","url":"https:\/\/newsinfoco.com.br\/inicio\/","name":"News In Foco - Editado por Caio Pimenta","description":"O principal site de noticias de Alagoinhas e regi\u00e3o","inLanguage":"pt-BR","publisher":{"@id":"https:\/\/newsinfoco.com.br\/inicio\/#organization"}}]},"og:locale":"pt_BR","og:site_name":"News In Foco - Editado por Caio Pimenta - O principal site de noticias de Alagoinhas e regi\u00e3o","og:type":"article","og:title":"Rede hoteleira de Salvador tem ocupa\u00e7\u00e3o m\u00e9dia de 95% no Carnaval - News In Foco - Editado por Caio Pimenta","og:description":"O Carnaval foi de ruas cheias e hot\u00e9is lotados. A m\u00e9dia de ocupa\u00e7\u00e3o dos hot\u00e9is da cidade bateu 95%, de acordo com o secret\u00e1rio de Turismo, Fausto Franco, que afirma que o per\u00edodo foi favor\u00e1vel tamb\u00e9m no interior do estado. Em Salvador, a alta foi especialmente registrada nas regi\u00f5es pr\u00f3ximas aos circuitos. \u201cFoi um carnaval","og:url":"https:\/\/newsinfoco.com.br\/inicio\/rede-hoteleira-de-salvador-tem-ocupacao-media-de-95-no-carnaval\/","article:published_time":"2020-02-26T19:19:36+00:00","article:modified_time":"2020-02-26T19:22:08+00:00","twitter:card":"summary_large_image","twitter:title":"Rede hoteleira de Salvador tem ocupa\u00e7\u00e3o m\u00e9dia de 95% no Carnaval - News In Foco - Editado por Caio Pimenta","twitter:description":"O Carnaval foi de ruas cheias e hot\u00e9is lotados. A m\u00e9dia de ocupa\u00e7\u00e3o dos hot\u00e9is da cidade bateu 95%, de acordo com o secret\u00e1rio de Turismo, Fausto Franco, que afirma que o per\u00edodo foi favor\u00e1vel tamb\u00e9m no interior do estado. Em Salvador, a alta foi especialmente registrada nas regi\u00f5es pr\u00f3ximas aos circuitos. \u201cFoi um carnaval"},"aioseo_meta_data":{"post_id":"20445","title":null,"description":null,"keywords":null,"keyphrases":null,"primary_term":null,"canonical_url":null,"og_title":null,"og_description":null,"og_object_type":"default","og_image_type":"default","og_image_url":null,"og_image_width":null,"og_image_height":null,"og_image_custom_url":null,"og_image_custom_fields":null,"og_video":null,"og_custom_url":null,"og_article_section":null,"og_article_tags":null,"twitter_use_og":false,"twitter_card":"default","twitter_image_type":"default","twitter_image_url":null,"twitter_image_custom_url":null,"twitter_image_custom_fields":null,"twitter_title":null,"twitter_description":null,"schema":{"blockGraphs":[],"customGraphs":[],"default":{"data":{"Article":[],"Course":[],"Dataset":[],"FAQPage":[],"Movie":[],"Person":[],"Product":[],"ProductReview":[],"Car":[],"Recipe":[],"Service":[],"SoftwareApplication":[],"WebPage":[]},"graphName":"","isEnabled":true},"graphs":[]},"schema_type":"default","schema_type_options":null,"pillar_content":false,"robots_default":true,"robots_noindex":false,"robots_noarchive":false,"robots_nosnippet":false,"robots_nofollow":false,"robots_noimageindex":false,"robots_noodp":false,"robots_notranslate":false,"robots_max_snippet":null,"robots_max_videopreview":null,"robots_max_imagepreview":"large","priority":null,"frequency":null,"local_seo":null,"breadcrumb_settings":null,"limit_modified_date":false,"ai":null,"created":"2023-06-12 16:13:27","updated":"2025-07-11 02:49:06","seo_analyzer_scan_date":null},"aioseo_breadcrumb":"<div class=\"aioseo-breadcrumbs\"><span class=\"aioseo-breadcrumb\">\n\t\t\t<a href=\"https:\/\/newsinfoco.com.br\/inicio\" title=\"In\u00edcio\">In\u00edcio<\/a>\n\t\t<\/span><span class=\"aioseo-breadcrumb-separator\">&raquo;<\/span><span class=\"aioseo-breadcrumb\">\n\t\t\t<a href=\"https:\/\/newsinfoco.com.br\/inicio\/category\/bahia\/\" title=\"Bahia\">Bahia<\/a>\n\t\t<\/span><span class=\"aioseo-breadcrumb-separator\">&raquo;<\/span><span class=\"aioseo-breadcrumb\">\n\t\t\tRede hoteleira de Salvador tem ocupa\u00e7\u00e3o m\u00e9dia de 95% no Carnaval\n\t\t<\/span><\/div>","aioseo_breadcrumb_json":[{"label":"In\u00edcio","link":"https:\/\/newsinfoco.com.br\/inicio"},{"label":"Bahia","link":"https:\/\/newsinfoco.com.br\/inicio\/category\/bahia\/"},{"label":"Rede hoteleira de Salvador tem ocupa\u00e7\u00e3o m\u00e9dia de 95% no Carnaval","link":"https:\/\/newsinfoco.com.br\/inicio\/rede-hoteleira-de-salvador-tem-ocupacao-media-de-95-no-carnaval\/"}],"_links":{"self":[{"href":"https:\/\/newsinfoco.com.br\/inicio\/wp-json\/wp\/v2\/posts\/20445","targetHints":{"allow":["GET"]}}],"collection":[{"href":"https:\/\/newsinfoco.com.br\/inicio\/wp-json\/wp\/v2\/posts"}],"about":[{"href":"https:\/\/newsinfoco.com.br\/inicio\/wp-json\/wp\/v2\/types\/post"}],"author":[{"embeddable":true,"href":"https:\/\/newsinfoco.com.br\/inicio\/wp-json\/wp\/v2\/users\/1"}],"replies":[{"embeddable":true,"href":"https:\/\/newsinfoco.com.br\/inicio\/wp-json\/wp\/v2\/comments?post=20445"}],"version-history":[{"count":0,"href":"https:\/\/newsinfoco.com.br\/inicio\/wp-json\/wp\/v2\/posts\/20445\/revisions"}],"wp:featuredmedia":[{"embeddable":true,"href":"https:\/\/newsinfoco.com.br\/inicio\/wp-json\/wp\/v2\/media\/20446"}],"wp:attachment":[{"href":"https:\/\/newsinfoco.com.br\/inicio\/wp-json\/wp\/v2\/media?parent=20445"}],"wp:term":[{"taxonomy":"category","embeddable":true,"href":"https:\/\/newsinfoco.com.br\/inicio\/wp-json\/wp\/v2\/categories?post=20445"},{"taxonomy":"post_tag","embeddable":true,"href":"https:\/\/newsinfoco.com.br\/inicio\/wp-json\/wp\/v2\/tags?post=20445"}],"curies":[{"name":"wp","href":"https:\/\/api.w.org\/{rel}","templated":true}]}}