{"id":20458,"date":"2020-02-26T16:52:55","date_gmt":"2020-02-26T19:52:55","guid":{"rendered":"http:\/\/newsinfoco.com.br\/?p=20458"},"modified":"2020-02-26T16:52:55","modified_gmt":"2020-02-26T19:52:55","slug":"em-resposta-a-bolsonaro-maia-cobra-paz-e-responsabilidade","status":"publish","type":"post","link":"https:\/\/newsinfoco.com.br\/inicio\/em-resposta-a-bolsonaro-maia-cobra-paz-e-responsabilidade\/","title":{"rendered":"Em resposta a Bolsonaro, Maia cobra \u2018paz e responsabilidade\u2019"},"content":{"rendered":"<p style=\"text-align: justify;\">O presidente da C\u00e2mara, Rodrigo Maia (DEM-RJ), reagiu nesta quarta-feira, 26, ao compartilhamento de v\u00eddeos pelo presidente Jair Bolsonaro (sem partido) no WhatsApp. Maia estava sendo cobrado por parlamentares a se posicionar depois da divulga\u00e7\u00e3o do epis\u00f3dio pela colunista Vera Magalh\u00e3es, do Estado. Sem mencionar diretamente o Presidente da Rep\u00fablica, o presidente da C\u00e2mara defendeu a uni\u00e3o pelo di\u00e1logo e reafirmou o respeito \u00e0s institui\u00e7\u00f5es democr\u00e1ticas.<\/p>\n<p style=\"text-align: justify;\">Rodrigo Maia est\u00e1 na Espanha, onde cumpre agendas oficiais. Lideran\u00e7as do Congresso tentam conversar com ele e solicitam reuni\u00f5es para debaterem medidas poss\u00edveis em rela\u00e7\u00e3o \u00e0 atitude de Bolsonaro. Ainda n\u00e3o h\u00e1 confirma\u00e7\u00e3o de encontros e Maia retorna ao Brasil apenas na segunda-feira, 2.<\/p><div class=\"newsi-conteudo_19\" id=\"newsi-3146051572\"><a href=\"https:\/\/www.instagram.com\/prefeituraalagoinhas?igsh=YzgzdDJ1bWR3aWI4\" aria-label=\"SAVE_20251006_221555\"><img loading=\"lazy\" decoding=\"async\" src=\"https:\/\/newsinfoco.com.br\/inicio\/wp-content\/uploads\/2025\/10\/SAVE_20251006_221555-rotated.jpg\" alt=\"\"  srcset=\"https:\/\/newsinfoco.com.br\/inicio\/wp-content\/uploads\/2025\/10\/SAVE_20251006_221555-rotated.jpg 1140w, https:\/\/newsinfoco.com.br\/inicio\/wp-content\/uploads\/2025\/10\/SAVE_20251006_221555-300x52.jpg 300w, https:\/\/newsinfoco.com.br\/inicio\/wp-content\/uploads\/2025\/10\/SAVE_20251006_221555-1024x177.jpg 1024w, https:\/\/newsinfoco.com.br\/inicio\/wp-content\/uploads\/2025\/10\/SAVE_20251006_221555-768x133.jpg 768w, https:\/\/newsinfoco.com.br\/inicio\/wp-content\/uploads\/2025\/10\/SAVE_20251006_221555-600x104.jpg 600w, https:\/\/newsinfoco.com.br\/inicio\/wp-content\/uploads\/2025\/10\/SAVE_20251006_221555-696x120.jpg 696w, https:\/\/newsinfoco.com.br\/inicio\/wp-content\/uploads\/2025\/10\/SAVE_20251006_221555-1068x185.jpg 1068w\" sizes=\"(max-width: 1140px) 100vw, 1140px\" width=\"1140\" height=\"197\"   \/><\/a><\/div>\n<p style=\"text-align: justify;\">Bolsonaro enviou pelo menos dois v\u00eddeos com imagens e sobreposi\u00e7\u00e3o de fotos suas, convocando a popula\u00e7\u00e3o a sair \u00e0s ruas no dia 15. Os v\u00eddeos t\u00eam trechos id\u00eanticos, como a frase que classifica Bolsonaro como um presidente \u201ccrist\u00e3o, patriota, capaz, justo e incorrupt\u00edvel\u201d.<\/p>\n<p style=\"text-align: justify;\">O ato do dia 15 de mar\u00e7o est\u00e1 sendo convocado por movimentos de direita em defesa do governo e contra o Congresso.<\/p>\n<div class='share-to-whatsapp-wrapper'><div class='share-on-whsp'>Share on: <\/div><a data-text='Em resposta a Bolsonaro, Maia cobra \u2018paz e responsabilidade\u2019' data-link='https:\/\/newsinfoco.com.br\/inicio\/em-resposta-a-bolsonaro-maia-cobra-paz-e-responsabilidade\/' class='whatsapp-button whatsapp-share'>WhatsApp<\/a><div class='clear '><\/div><\/div>","protected":false},"excerpt":{"rendered":"<p>O presidente da C\u00e2mara, Rodrigo Maia (DEM-RJ), reagiu nesta quarta-feira, 26, ao compartilhamento de v\u00eddeos pelo presidente Jair Bolsonaro (sem partido) no WhatsApp. Maia estava sendo cobrado por parlamentares a se posicionar depois da divulga\u00e7\u00e3o do epis\u00f3dio pela colunista Vera Magalh\u00e3es, do Estado. Sem mencionar diretamente o Presidente da Rep\u00fablica, o presidente da C\u00e2mara defendeu [&hellip;]<\/p>\n","protected":false},"author":1,"featured_media":15636,"comment_status":"open","ping_status":"open","sticky":false,"template":"","format":"standard","meta":{"om_disable_all_campaigns":false,"_exactmetrics_skip_tracking":false,"_exactmetrics_sitenote_active":false,"_exactmetrics_sitenote_note":"","_exactmetrics_sitenote_category":0,"footnotes":""},"categories":[21],"tags":[],"class_list":["post-20458","post","type-post","status-publish","format-standard","has-post-thumbnail","hentry","category-brasil"],"aioseo_notices":[],"_links":{"self":[{"href":"https:\/\/newsinfoco.com.br\/inicio\/wp-json\/wp\/v2\/posts\/20458","targetHints":{"allow":["GET"]}}],"collection":[{"href":"https:\/\/newsinfoco.com.br\/inicio\/wp-json\/wp\/v2\/posts"}],"about":[{"href":"https:\/\/newsinfoco.com.br\/inicio\/wp-json\/wp\/v2\/types\/post"}],"author":[{"embeddable":true,"href":"https:\/\/newsinfoco.com.br\/inicio\/wp-json\/wp\/v2\/users\/1"}],"replies":[{"embeddable":true,"href":"https:\/\/newsinfoco.com.br\/inicio\/wp-json\/wp\/v2\/comments?post=20458"}],"version-history":[{"count":0,"href":"https:\/\/newsinfoco.com.br\/inicio\/wp-json\/wp\/v2\/posts\/20458\/revisions"}],"wp:featuredmedia":[{"embeddable":true,"href":"https:\/\/newsinfoco.com.br\/inicio\/wp-json\/wp\/v2\/media\/15636"}],"wp:attachment":[{"href":"https:\/\/newsinfoco.com.br\/inicio\/wp-json\/wp\/v2\/media?parent=20458"}],"wp:term":[{"taxonomy":"category","embeddable":true,"href":"https:\/\/newsinfoco.com.br\/inicio\/wp-json\/wp\/v2\/categories?post=20458"},{"taxonomy":"post_tag","embeddable":true,"href":"https:\/\/newsinfoco.com.br\/inicio\/wp-json\/wp\/v2\/tags?post=20458"}],"curies":[{"name":"wp","href":"https:\/\/api.w.org\/{rel}","templated":true}]}}