{"id":20460,"date":"2020-02-26T16:54:50","date_gmt":"2020-02-26T19:54:50","guid":{"rendered":"http:\/\/newsinfoco.com.br\/?p=20460"},"modified":"2020-02-26T16:54:50","modified_gmt":"2020-02-26T19:54:50","slug":"com-repercussao-negativa-bolsonaro-orienta-equipe-ministerial-a-evitar-endosso-a-protesto","status":"publish","type":"post","link":"https:\/\/newsinfoco.com.br\/inicio\/com-repercussao-negativa-bolsonaro-orienta-equipe-ministerial-a-evitar-endosso-a-protesto\/","title":{"rendered":"Com repercuss\u00e3o negativa, Bolsonaro orienta equipe ministerial a evitar endosso a protesto"},"content":{"rendered":"<p style=\"text-align: justify;\">O presidente Jair Bolsonaro orientou a sua equipe de governo a evitar endossar publicamente a manifesta\u00e7\u00e3o marcada para o dia 15 contra o Congresso Nacional.<\/p>\n<p style=\"text-align: justify;\">O pedido foi feito ap\u00f3s a repercuss\u00e3o negativa com o informa\u00e7\u00e3o de que o pr\u00f3prio Bolsonaro compartilhou pelo WhatsApp um v\u00eddeo de apoio ao ato.<\/p><div class=\"newsi-conteudo_19\" id=\"newsi-1007748476\"><a href=\"https:\/\/www.instagram.com\/prefeituraalagoinhas?igsh=YzgzdDJ1bWR3aWI4\" aria-label=\"SAVE_20251006_221555\"><img loading=\"lazy\" decoding=\"async\" src=\"https:\/\/newsinfoco.com.br\/inicio\/wp-content\/uploads\/2025\/10\/SAVE_20251006_221555-rotated.jpg\" alt=\"\"  srcset=\"https:\/\/newsinfoco.com.br\/inicio\/wp-content\/uploads\/2025\/10\/SAVE_20251006_221555-rotated.jpg 1140w, https:\/\/newsinfoco.com.br\/inicio\/wp-content\/uploads\/2025\/10\/SAVE_20251006_221555-300x52.jpg 300w, https:\/\/newsinfoco.com.br\/inicio\/wp-content\/uploads\/2025\/10\/SAVE_20251006_221555-1024x177.jpg 1024w, https:\/\/newsinfoco.com.br\/inicio\/wp-content\/uploads\/2025\/10\/SAVE_20251006_221555-768x133.jpg 768w, https:\/\/newsinfoco.com.br\/inicio\/wp-content\/uploads\/2025\/10\/SAVE_20251006_221555-600x104.jpg 600w, https:\/\/newsinfoco.com.br\/inicio\/wp-content\/uploads\/2025\/10\/SAVE_20251006_221555-696x120.jpg 696w, https:\/\/newsinfoco.com.br\/inicio\/wp-content\/uploads\/2025\/10\/SAVE_20251006_221555-1068x185.jpg 1068w\" sizes=\"(max-width: 1140px) 100vw, 1140px\" width=\"1140\" height=\"197\"   \/><\/a><\/div>\n<p style=\"text-align: justify;\">Em conversas na manh\u00e3 desta quarta-feira (26), o presidente disse a aliados e a auxiliares que n\u00e3o est\u00e1 incentivando o protesto e que apenas reencaminhou em um grupo privado um conte\u00fado que lhe foi enviado.<\/p>\n<p style=\"text-align: justify;\">O v\u00eddeo convoca a popula\u00e7\u00e3o a ir \u00e0s ruas para defend\u00ea-lo. Al\u00e9m da pauta em defesa do governo, os organizadores do protesto t\u00eam levantado bandeiras contra o Congresso.<\/p>\n<p style=\"text-align: justify;\">Segundo relatos feitos \u00e0 Folha, o presidente avaliou que o fato de ele ter compartilhado o conte\u00fado n\u00e3o \u00e9 algo grave e considerou que tem havido um exagero na repercuss\u00e3o do epis\u00f3dio.<\/p>\n<p style=\"text-align: justify;\">Para evitar novas cr\u00edticas, no entanto, a ordem repassada pelo Pal\u00e1cio do Planalto \u00e9 para que a equipe ministerial n\u00e3o compare\u00e7a \u00e0 manifesta\u00e7\u00e3o de mar\u00e7o para evitar um desgaste desnecess\u00e1rio com o Legislativo e o Judici\u00e1rio.<\/p>\n<p style=\"text-align: justify;\">Al\u00e9m disso, auxiliares palacianos t\u00eam defendido que Bolsonaro entre em contato com os presidentes do Congresso, Davi Alcolumbre (DEM-AP), e do STF (Supremo Tribunal Federal), Dias Toffoli, para esclarecer o ocorrido.<\/p>\n<p style=\"text-align: justify;\">A manifesta\u00e7\u00e3o do dia 15 \u00e9 uma rea\u00e7\u00e3o \u00e0 fala do ministro-chefe do GSI (Gabinete de Seguran\u00e7a Institucional), general Augusto Heleno, que chamou o Legislativo de \u201cchantagista\u201d na semana passada.<\/p>\n<p style=\"text-align: justify;\">O ato estava previsto desde o final de janeiro, mas acabou mudando de pauta para apoio a Bolsonaro e encorpando insinua\u00e7\u00f5es autorit\u00e1rias ap\u00f3s Heleno atacar o Legislativo.<\/p>\n<p style=\"text-align: justify;\">Nesta quarta, Bolsonaro chamou de \u201ctentativas rasteiras de tumultuar a Rep\u00fablica\u201d as interpreta\u00e7\u00f5es sobre ele ter compartilhado o v\u00eddeo.<\/p>\n<p style=\"text-align: justify;\">Ele escreveu em rede social e n\u00e3o negou ter enviado a mensagem. Afirmou usar esse aplicativo para trocar mensagens de \u201ccunho pessoal\u201d.<\/p>\n<p style=\"text-align: justify;\">\u201cTenho 35 milh\u00f5es de seguidores em minhas m\u00eddias sociais (Facebook, Instagram, YouTube e Twitter) onde mantenho uma intensa agenda de not\u00edcias n\u00e3o divulgadas por parte da imprensa tradicional. J\u00e1 no WhatsApp tenho algumas poucas dezenas de amigos onde, de forma reservada, trocamos mensagens de cunho pessoal\u201d, afirmou Bolsonaro.<\/p>\n<p style=\"text-align: justify;\">Pelas redes sociais e por WhatsApp, apoiadores do presidente postam imagens de ataque ao Congresso, retirada dos comandantes da C\u00e2mara e do Senado e de alus\u00e3o ao uso das For\u00e7as Armadas no movimento.<\/p>\n<p style=\"text-align: justify;\">Ao menos seis congressistas bolsonaristas j\u00e1 manifestaram apoio \u00e0 mobiliza\u00e7\u00e3o: Carla Zambelli (PSL-SP), Filipe Barros (PSL-PR), Guiga Peixoto (PSL-SP), Aline Sleutjes (PSL-PR), \u00c9der Mauro (PSD-PA) e a senadora Soraya Thronicke (PSL-MS).<\/p>\n<p style=\"text-align: justify;\">O general da reserva Santos Cruz, ex-ministro da Secretaria de Governo, criticou a mobiliza\u00e7\u00e3o e a classificou como irrespons\u00e1vel ao usar imagens de Heleno e do vice-presidente, general Hamilton Mour\u00e3o.<\/p>\n<p style=\"text-align: justify;\">L\u00edderes pol\u00edticos como os ex-presidentes Lula e Fernando Henrique Cardoso, al\u00e9m de congressistas, tamb\u00e9m criticam a iniciativa.<\/p>\n<div class='share-to-whatsapp-wrapper'><div class='share-on-whsp'>Share on: <\/div><a data-text='Com repercuss\u00e3o negativa, Bolsonaro orienta equipe ministerial a evitar endosso a protesto' data-link='https:\/\/newsinfoco.com.br\/inicio\/com-repercussao-negativa-bolsonaro-orienta-equipe-ministerial-a-evitar-endosso-a-protesto\/' class='whatsapp-button whatsapp-share'>WhatsApp<\/a><div class='clear '><\/div><\/div>","protected":false},"excerpt":{"rendered":"<p>O presidente Jair Bolsonaro orientou a sua equipe de governo a evitar endossar publicamente a manifesta\u00e7\u00e3o marcada para o dia 15 contra o Congresso Nacional. O pedido foi feito ap\u00f3s a repercuss\u00e3o negativa com o informa\u00e7\u00e3o de que o pr\u00f3prio Bolsonaro compartilhou pelo WhatsApp um v\u00eddeo de apoio ao ato. Em conversas na manh\u00e3 desta [&hellip;]<\/p>\n","protected":false},"author":1,"featured_media":19853,"comment_status":"open","ping_status":"open","sticky":false,"template":"","format":"standard","meta":{"om_disable_all_campaigns":false,"_exactmetrics_skip_tracking":false,"_exactmetrics_sitenote_active":false,"_exactmetrics_sitenote_note":"","_exactmetrics_sitenote_category":0,"footnotes":""},"categories":[21],"tags":[],"class_list":["post-20460","post","type-post","status-publish","format-standard","has-post-thumbnail","hentry","category-brasil"],"aioseo_notices":[],"_links":{"self":[{"href":"https:\/\/newsinfoco.com.br\/inicio\/wp-json\/wp\/v2\/posts\/20460","targetHints":{"allow":["GET"]}}],"collection":[{"href":"https:\/\/newsinfoco.com.br\/inicio\/wp-json\/wp\/v2\/posts"}],"about":[{"href":"https:\/\/newsinfoco.com.br\/inicio\/wp-json\/wp\/v2\/types\/post"}],"author":[{"embeddable":true,"href":"https:\/\/newsinfoco.com.br\/inicio\/wp-json\/wp\/v2\/users\/1"}],"replies":[{"embeddable":true,"href":"https:\/\/newsinfoco.com.br\/inicio\/wp-json\/wp\/v2\/comments?post=20460"}],"version-history":[{"count":0,"href":"https:\/\/newsinfoco.com.br\/inicio\/wp-json\/wp\/v2\/posts\/20460\/revisions"}],"wp:featuredmedia":[{"embeddable":true,"href":"https:\/\/newsinfoco.com.br\/inicio\/wp-json\/wp\/v2\/media\/19853"}],"wp:attachment":[{"href":"https:\/\/newsinfoco.com.br\/inicio\/wp-json\/wp\/v2\/media?parent=20460"}],"wp:term":[{"taxonomy":"category","embeddable":true,"href":"https:\/\/newsinfoco.com.br\/inicio\/wp-json\/wp\/v2\/categories?post=20460"},{"taxonomy":"post_tag","embeddable":true,"href":"https:\/\/newsinfoco.com.br\/inicio\/wp-json\/wp\/v2\/tags?post=20460"}],"curies":[{"name":"wp","href":"https:\/\/api.w.org\/{rel}","templated":true}]}}