{"id":20465,"date":"2020-02-26T17:07:17","date_gmt":"2020-02-26T20:07:17","guid":{"rendered":"http:\/\/newsinfoco.com.br\/?p=20465"},"modified":"2020-02-26T17:15:09","modified_gmt":"2020-02-26T20:15:09","slug":"ceara-registra-170-mortos-apos-motim-de-pms-exercito-e-tropas-federais-garantem-a-ordem-falta-o-governo-do-pt-abrir-negociacoes","status":"publish","type":"post","link":"https:\/\/newsinfoco.com.br\/inicio\/ceara-registra-170-mortos-apos-motim-de-pms-exercito-e-tropas-federais-garantem-a-ordem-falta-o-governo-do-pt-abrir-negociacoes\/","title":{"rendered":"Cear\u00e1 registra 170 mortos ap\u00f3s motim de PMs; ex\u00e9rcito e tropas federais garantem a ordem, falta o governo do PT abrir negocia\u00e7\u00f5es"},"content":{"rendered":"<p style=\"text-align: justify;\">O motim dos policiais no Cear\u00e1 gerou 170 mortos ap\u00f3s uma semana de terror no estado. A bancada do Programa Primeira M\u00e3o destacou desse epis\u00f3dio o medo de outros governadores de que a rebeli\u00e3o sirva de exemplo para demais pontos do pa\u00eds. A Bahia, que pratica o menor sal\u00e1rio nacional, j\u00e1 passou recentemente por paralisa\u00e7\u00e3o da categoria. No Cear\u00e1 apenas medidas repressivas foram tomadas por parte do estado, as negocia\u00e7\u00f5es ainda n\u00e3o foram abertas nem sinalizadas. J\u00e1 somam 43 presos entre os amotinados, 61 comunicados de deser\u00e7\u00e3o no Di\u00e1rio Oficial e 230 afastamentos realizados. O caso de Cid Gomes segue em sil\u00eancio por parte da grande imprensa amiga, se bem que \u00e9 certo, opositores da fam\u00edlia no Estado ingressarem com a respectiva queixa crime contra o senador.<\/p>\n<p style=\"text-align: justify;\">Nas redes sociais, correm postagens de Ciro Gomes manifestando total apoio ao irm\u00e3o, n\u00e3o o criticando em momento algum, afirmando que o fascismo deve ser combatido de todas as formas. De outro lado, h\u00e1 os que duvidam que os tiros tenham sido, de fato, desferidos. Com base em imagens congeladas mostram que n\u00e3o h\u00e1 perfura\u00e7\u00e3o na camiseta ensanguentada e consideram suspeita a capacidade de uma pessoa baleada sair andando normalmente e falando calmamente. Com 2500 homens do ex\u00e9rcito e de 300 da For\u00e7a de Seguran\u00e7a Nacional, o ministro S\u00e9rgio Moro esteve em Fortaleza e declarou que a ordem est\u00e1 restabelecida, no sentido de que as pessoas podem circular com seguran\u00e7a pelas ruas. Procurou ser sint\u00e9tico, n\u00e3o mencionou a situa\u00e7\u00e3o da periferia das cidades onde ocorre a maioria dos crimes. Afirmou que os policiais tamb\u00e9m precisam ser valorizados, dando a deixa para que sejam abertas as negocia\u00e7\u00f5es ou dizendo que n\u00e3o vai deslocar mais tropas para ajudar o Governo do Cear\u00e1 a achatar os sal\u00e1rios dos policiais. Para bom entendedor, meia palavra basta.<\/p><div class=\"newsi-conteudo_19\" id=\"newsi-757293965\"><a href=\"https:\/\/www.instagram.com\/prefeituraalagoinhas?igsh=YzgzdDJ1bWR3aWI4\" aria-label=\"SAVE_20251006_221555\"><img loading=\"lazy\" decoding=\"async\" src=\"https:\/\/newsinfoco.com.br\/inicio\/wp-content\/uploads\/2025\/10\/SAVE_20251006_221555-rotated.jpg\" alt=\"\"  srcset=\"https:\/\/newsinfoco.com.br\/inicio\/wp-content\/uploads\/2025\/10\/SAVE_20251006_221555-rotated.jpg 1140w, https:\/\/newsinfoco.com.br\/inicio\/wp-content\/uploads\/2025\/10\/SAVE_20251006_221555-300x52.jpg 300w, https:\/\/newsinfoco.com.br\/inicio\/wp-content\/uploads\/2025\/10\/SAVE_20251006_221555-1024x177.jpg 1024w, https:\/\/newsinfoco.com.br\/inicio\/wp-content\/uploads\/2025\/10\/SAVE_20251006_221555-768x133.jpg 768w, https:\/\/newsinfoco.com.br\/inicio\/wp-content\/uploads\/2025\/10\/SAVE_20251006_221555-600x104.jpg 600w, https:\/\/newsinfoco.com.br\/inicio\/wp-content\/uploads\/2025\/10\/SAVE_20251006_221555-696x120.jpg 696w, https:\/\/newsinfoco.com.br\/inicio\/wp-content\/uploads\/2025\/10\/SAVE_20251006_221555-1068x185.jpg 1068w\" sizes=\"(max-width: 1140px) 100vw, 1140px\" width=\"1140\" height=\"197\"   \/><\/a><\/div>\n<p style=\"text-align: right;\">Por Paulo Dias para o News Infoco<\/p>\n<div class='share-to-whatsapp-wrapper'><div class='share-on-whsp'>Share on: <\/div><a data-text='Cear\u00e1 registra 170 mortos ap\u00f3s motim de PMs; ex\u00e9rcito e tropas federais garantem a ordem, falta o governo do PT abrir negocia\u00e7\u00f5es' data-link='https:\/\/newsinfoco.com.br\/inicio\/ceara-registra-170-mortos-apos-motim-de-pms-exercito-e-tropas-federais-garantem-a-ordem-falta-o-governo-do-pt-abrir-negociacoes\/' class='whatsapp-button whatsapp-share'>WhatsApp<\/a><div class='clear '><\/div><\/div>","protected":false},"excerpt":{"rendered":"<p>O motim dos policiais no Cear\u00e1 gerou 170 mortos ap\u00f3s uma semana de terror no estado. A bancada do Programa Primeira M\u00e3o destacou desse epis\u00f3dio o medo de outros governadores de que a rebeli\u00e3o sirva de exemplo para demais pontos do pa\u00eds. A Bahia, que pratica o menor sal\u00e1rio nacional, j\u00e1 passou recentemente por paralisa\u00e7\u00e3o [&hellip;]<\/p>\n","protected":false},"author":1,"featured_media":20466,"comment_status":"open","ping_status":"open","sticky":false,"template":"","format":"standard","meta":{"om_disable_all_campaigns":false,"_exactmetrics_skip_tracking":false,"_exactmetrics_sitenote_active":false,"_exactmetrics_sitenote_note":"","_exactmetrics_sitenote_category":0,"footnotes":""},"categories":[167],"tags":[],"class_list":["post-20465","post","type-post","status-publish","format-standard","has-post-thumbnail","hentry","category-exclusivas"],"aioseo_notices":[],"_links":{"self":[{"href":"https:\/\/newsinfoco.com.br\/inicio\/wp-json\/wp\/v2\/posts\/20465","targetHints":{"allow":["GET"]}}],"collection":[{"href":"https:\/\/newsinfoco.com.br\/inicio\/wp-json\/wp\/v2\/posts"}],"about":[{"href":"https:\/\/newsinfoco.com.br\/inicio\/wp-json\/wp\/v2\/types\/post"}],"author":[{"embeddable":true,"href":"https:\/\/newsinfoco.com.br\/inicio\/wp-json\/wp\/v2\/users\/1"}],"replies":[{"embeddable":true,"href":"https:\/\/newsinfoco.com.br\/inicio\/wp-json\/wp\/v2\/comments?post=20465"}],"version-history":[{"count":0,"href":"https:\/\/newsinfoco.com.br\/inicio\/wp-json\/wp\/v2\/posts\/20465\/revisions"}],"wp:featuredmedia":[{"embeddable":true,"href":"https:\/\/newsinfoco.com.br\/inicio\/wp-json\/wp\/v2\/media\/20466"}],"wp:attachment":[{"href":"https:\/\/newsinfoco.com.br\/inicio\/wp-json\/wp\/v2\/media?parent=20465"}],"wp:term":[{"taxonomy":"category","embeddable":true,"href":"https:\/\/newsinfoco.com.br\/inicio\/wp-json\/wp\/v2\/categories?post=20465"},{"taxonomy":"post_tag","embeddable":true,"href":"https:\/\/newsinfoco.com.br\/inicio\/wp-json\/wp\/v2\/tags?post=20465"}],"curies":[{"name":"wp","href":"https:\/\/api.w.org\/{rel}","templated":true}]}}