{"id":20469,"date":"2020-02-26T17:13:46","date_gmt":"2020-02-26T20:13:46","guid":{"rendered":"http:\/\/newsinfoco.com.br\/?p=20469"},"modified":"2020-02-26T17:13:46","modified_gmt":"2020-02-26T20:13:46","slug":"aplb-contestara-no-stf-reforma-da-previdencia-sinaliza-com-greve-mas-passa-por-desgaste-junto-a-categoria","status":"publish","type":"post","link":"https:\/\/newsinfoco.com.br\/inicio\/aplb-contestara-no-stf-reforma-da-previdencia-sinaliza-com-greve-mas-passa-por-desgaste-junto-a-categoria\/","title":{"rendered":"APLB contestar\u00e1 no STF reforma da Previd\u00eancia, sinaliza com greve, mas passa por desgaste junto \u00e0 categoria"},"content":{"rendered":"<p style=\"text-align: justify;\">O coordenador do Sindicato dos Professores e Profissionais da Educa\u00e7\u00e3o da Bahia, APLB- sindical, Rui Oliveira, nesta segunda-feira, 24, informou que entrar\u00e1 com uma a\u00e7\u00e3o junto do Superior Tribunal Federal- STF \u2013 para invalidar a Reforma de Previd\u00eancia dos Funcion\u00e1rios do Governo do Estado da Bahia. Rui Oliveira tamb\u00e9m assegurou que uma assembleia da categoria deve ocorrer nos pr\u00f3ximos dias com indicativo de greve. Para o comentarista do Programa Primeira M\u00e3o, Caio Pimenta, a APLB foi ap\u00e1tica durante a tramita\u00e7\u00e3o do projeto de mudan\u00e7a do regime previdenci\u00e1rio na Assembleia Legislativa. A desmobiliza\u00e7\u00e3o tamb\u00e9m foi geral com rela\u00e7\u00e3o ao sindicalismo vinculado ao funcionalismo p\u00fablico como um todo. Se limitaram a causar desordem no dia da vota\u00e7\u00e3o da proposta, com arma sendo sacada contra deputados.<\/p>\n<p style=\"text-align: justify;\">Na realidade, se o objetivo era barrar uma medida t\u00e3o prejudicial assim \u00e0 categoria, o movimento deveria ir as \u00faltimas consequ\u00eancias, que seria a greve. Pode-se alegar que a vota\u00e7\u00e3o ocorreu no per\u00edodo de f\u00e9rias escolares, contudo o restante do funcionalismo estava na ativa. Os professores poderiam marcar uma passeata ou uma ocupa\u00e7\u00e3o, mas nada disso foi tentado. Quem sabe se o governador fosse de direita, a milit\u00e2ncia teria se insurgido com mais vigor ou com todo seu \u00edmpeto revolucion\u00e1rio. Uma suposta coniv\u00eancia da APLB com o governo petista \u00e9 comentada amplamente, portanto, uma a\u00e7\u00e3o no STF s\u00f3 ter\u00e1 efeito de amenizar esse tipo de suspei\u00e7\u00e3o, segundo Caio Pimenta. Ele n\u00e3o percebe tamb\u00e9m qualquer \u00e2nimo para greve, sente, na realidade, um verdadeiro temor \u00e0 trucul\u00eancia de Rui Costa, de terem seu dia de trabalho cortado e de fazer reposi\u00e7\u00e3o de aulas aos s\u00e1bados e em parte das f\u00e9rias. Como a APLB n\u00e3o transmite seguran\u00e7a, os professores temem entrar em uma luta v\u00e3, com grandes preju\u00edzos pessoais. Talvez a melhor manifesta\u00e7\u00e3o para os professores seja o voto, pior \u00e9 que grande parte tem votado com o PT, n\u00e3o se pode querer resultados diferentes quando a pr\u00e1tica continua igual.<\/p><div class=\"newsi-conteudo_19\" id=\"newsi-35515693\"><a href=\"https:\/\/www.instagram.com\/prefeituraalagoinhas?igsh=YzgzdDJ1bWR3aWI4\" aria-label=\"SAVE_20251006_221555\"><img loading=\"lazy\" decoding=\"async\" src=\"https:\/\/newsinfoco.com.br\/inicio\/wp-content\/uploads\/2025\/10\/SAVE_20251006_221555-rotated.jpg\" alt=\"\"  srcset=\"https:\/\/newsinfoco.com.br\/inicio\/wp-content\/uploads\/2025\/10\/SAVE_20251006_221555-rotated.jpg 1140w, https:\/\/newsinfoco.com.br\/inicio\/wp-content\/uploads\/2025\/10\/SAVE_20251006_221555-300x52.jpg 300w, https:\/\/newsinfoco.com.br\/inicio\/wp-content\/uploads\/2025\/10\/SAVE_20251006_221555-1024x177.jpg 1024w, https:\/\/newsinfoco.com.br\/inicio\/wp-content\/uploads\/2025\/10\/SAVE_20251006_221555-768x133.jpg 768w, https:\/\/newsinfoco.com.br\/inicio\/wp-content\/uploads\/2025\/10\/SAVE_20251006_221555-600x104.jpg 600w, https:\/\/newsinfoco.com.br\/inicio\/wp-content\/uploads\/2025\/10\/SAVE_20251006_221555-696x120.jpg 696w, https:\/\/newsinfoco.com.br\/inicio\/wp-content\/uploads\/2025\/10\/SAVE_20251006_221555-1068x185.jpg 1068w\" sizes=\"(max-width: 1140px) 100vw, 1140px\" width=\"1140\" height=\"197\"   \/><\/a><\/div>\n<p style=\"text-align: right;\">Por Paulo Dias para o News Infoco<\/p>\n<div class='share-to-whatsapp-wrapper'><div class='share-on-whsp'>Share on: <\/div><a data-text='APLB contestar\u00e1 no STF reforma da Previd\u00eancia, sinaliza com greve, mas passa por desgaste junto \u00e0 categoria' data-link='https:\/\/newsinfoco.com.br\/inicio\/aplb-contestara-no-stf-reforma-da-previdencia-sinaliza-com-greve-mas-passa-por-desgaste-junto-a-categoria\/' class='whatsapp-button whatsapp-share'>WhatsApp<\/a><div class='clear '><\/div><\/div>","protected":false},"excerpt":{"rendered":"<p>O coordenador do Sindicato dos Professores e Profissionais da Educa\u00e7\u00e3o da Bahia, APLB- sindical, Rui Oliveira, nesta segunda-feira, 24, informou que entrar\u00e1 com uma a\u00e7\u00e3o junto do Superior Tribunal Federal- STF \u2013 para invalidar a Reforma de Previd\u00eancia dos Funcion\u00e1rios do Governo do Estado da Bahia. Rui Oliveira tamb\u00e9m assegurou que uma assembleia da categoria [&hellip;]<\/p>\n","protected":false},"author":1,"featured_media":20470,"comment_status":"open","ping_status":"open","sticky":false,"template":"","format":"standard","meta":{"om_disable_all_campaigns":false,"_exactmetrics_skip_tracking":false,"_exactmetrics_sitenote_active":false,"_exactmetrics_sitenote_note":"","_exactmetrics_sitenote_category":0,"footnotes":""},"categories":[167],"tags":[],"class_list":["post-20469","post","type-post","status-publish","format-standard","has-post-thumbnail","hentry","category-exclusivas"],"aioseo_notices":[],"_links":{"self":[{"href":"https:\/\/newsinfoco.com.br\/inicio\/wp-json\/wp\/v2\/posts\/20469","targetHints":{"allow":["GET"]}}],"collection":[{"href":"https:\/\/newsinfoco.com.br\/inicio\/wp-json\/wp\/v2\/posts"}],"about":[{"href":"https:\/\/newsinfoco.com.br\/inicio\/wp-json\/wp\/v2\/types\/post"}],"author":[{"embeddable":true,"href":"https:\/\/newsinfoco.com.br\/inicio\/wp-json\/wp\/v2\/users\/1"}],"replies":[{"embeddable":true,"href":"https:\/\/newsinfoco.com.br\/inicio\/wp-json\/wp\/v2\/comments?post=20469"}],"version-history":[{"count":0,"href":"https:\/\/newsinfoco.com.br\/inicio\/wp-json\/wp\/v2\/posts\/20469\/revisions"}],"wp:featuredmedia":[{"embeddable":true,"href":"https:\/\/newsinfoco.com.br\/inicio\/wp-json\/wp\/v2\/media\/20470"}],"wp:attachment":[{"href":"https:\/\/newsinfoco.com.br\/inicio\/wp-json\/wp\/v2\/media?parent=20469"}],"wp:term":[{"taxonomy":"category","embeddable":true,"href":"https:\/\/newsinfoco.com.br\/inicio\/wp-json\/wp\/v2\/categories?post=20469"},{"taxonomy":"post_tag","embeddable":true,"href":"https:\/\/newsinfoco.com.br\/inicio\/wp-json\/wp\/v2\/tags?post=20469"}],"curies":[{"name":"wp","href":"https:\/\/api.w.org\/{rel}","templated":true}]}}