{"id":20473,"date":"2020-02-26T17:25:37","date_gmt":"2020-02-26T20:25:37","guid":{"rendered":"http:\/\/newsinfoco.com.br\/?p=20473"},"modified":"2020-02-26T17:25:37","modified_gmt":"2020-02-26T20:25:37","slug":"bancada-do-primeira-mao-repudia-agressoes-verbais-de-kannario-a-policia-baiana","status":"publish","type":"post","link":"https:\/\/newsinfoco.com.br\/inicio\/bancada-do-primeira-mao-repudia-agressoes-verbais-de-kannario-a-policia-baiana\/","title":{"rendered":"Bancada do Primeira M\u00e3o repudia agress\u00f5es verbais de Kann\u00e1rio \u00e0 Pol\u00edcia Baiana"},"content":{"rendered":"<p style=\"text-align: justify;\">O cantor e compositor, Igor Kann\u00e1rio, atualmente deputado Federal, voltou a atacar com inj\u00farias a Pol\u00edcia Militar. Chamou os militares de bunda mole e puxou vaias para eles. O governador Rui Costa j\u00e1 acionou a Procuradoria Geral do Estado para tomar as medidas jur\u00eddicas cab\u00edveis, no sentido de oferecer den\u00fancia dos crimes de atentado \u00e0 ordem p\u00fablica e incita\u00e7\u00e3o \u00e0 viol\u00eancia cometidos pelo artista, na segunda-feira de carnaval. A bancada do programa Primeira M\u00e3o discutiu o assunto e repudiou a atitude desrespeitosa. A posi\u00e7\u00e3o dos comentaristas pode ser confrontada com o fato, registrado em imagens, da agress\u00e3o de policiais aos foli\u00f5es da pipoca do cantor, como inclusive foi citado por um ouvinte do programa. Outro comportamento interessante foi o da rep\u00f3rter J\u00e9ssica Senra, da TV Bahia, pedindo a interven\u00e7\u00e3o da Pol\u00edcia Militar contra a viol\u00eancia generalizada no Carnaval baiano, quando semanas antes a chamou de sucessores dos \u201ccapit\u00e3es do mato\u201d.<\/p>\n<p style=\"text-align: justify;\">Segundo o comentarista, Jos\u00e9 Gomes, \u00e9 um absurdo que algu\u00e9m que tem um mandato outorgado pelo povo possa se comportar de forma danosa ao conv\u00edvio social, colocando a vida dos policiais em risco e podendo levar a um conflito de propor\u00e7\u00f5es tr\u00e1gicas. Para Gomes o maior culpado \u00e9 o povo que votou nele j\u00e1 sabendo do seu mau comportamento e que o cantor deve ser punido, pois n\u00e3o cabe a ningu\u00e9m alegar desconhecer a lei. Gomes considera uma injusti\u00e7a o tratamento dispensado \u00e0 pol\u00edcia, pois quando \u201co bicho pega\u201d \u00e9 a corpora\u00e7\u00e3o que \u00e9 chamada a intervir. S\u00e3o profissionais que merecem todo o respeito da sociedade, pois s\u00e3o eles que a protegem.<\/p><div class=\"newsi-conteudo_19\" id=\"newsi-314758504\"><a href=\"https:\/\/www.instagram.com\/prefeituraalagoinhas?igsh=YzgzdDJ1bWR3aWI4\" aria-label=\"SAVE_20251006_221555\"><img loading=\"lazy\" decoding=\"async\" src=\"https:\/\/newsinfoco.com.br\/inicio\/wp-content\/uploads\/2025\/10\/SAVE_20251006_221555-rotated.jpg\" alt=\"\"  srcset=\"https:\/\/newsinfoco.com.br\/inicio\/wp-content\/uploads\/2025\/10\/SAVE_20251006_221555-rotated.jpg 1140w, https:\/\/newsinfoco.com.br\/inicio\/wp-content\/uploads\/2025\/10\/SAVE_20251006_221555-300x52.jpg 300w, https:\/\/newsinfoco.com.br\/inicio\/wp-content\/uploads\/2025\/10\/SAVE_20251006_221555-1024x177.jpg 1024w, https:\/\/newsinfoco.com.br\/inicio\/wp-content\/uploads\/2025\/10\/SAVE_20251006_221555-768x133.jpg 768w, https:\/\/newsinfoco.com.br\/inicio\/wp-content\/uploads\/2025\/10\/SAVE_20251006_221555-600x104.jpg 600w, https:\/\/newsinfoco.com.br\/inicio\/wp-content\/uploads\/2025\/10\/SAVE_20251006_221555-696x120.jpg 696w, https:\/\/newsinfoco.com.br\/inicio\/wp-content\/uploads\/2025\/10\/SAVE_20251006_221555-1068x185.jpg 1068w\" sizes=\"(max-width: 1140px) 100vw, 1140px\" width=\"1140\" height=\"197\"   \/><\/a><\/div>\n<p style=\"text-align: justify;\">Os abusos cometidos por Kann\u00e1rio s\u00e3o pautados pelo apoio popular que tem, segundo Caio Pimenta, considerado um representante do gueto. Caio avalia que devido a sua popularidade este vem sem usado por ACM Neto para conquistar o voto dos mais pobres e incultos, segmento que vive revoltado com os pol\u00edticos tradicionais e com as institui\u00e7\u00f5es.<\/p>\n<p style=\"text-align: justify;\">Um fato contestado pela bancada foi a suposta hipocrisia do artista que diz representar o gueto, mas mora em Alaphaville, um condom\u00ednio de luxo de Salvador. Caio lembrou que Lula \u00e9 um precedente, \u00e9 milion\u00e1rio, n\u00e3o trabalha desde os anos 70 e diz defender o povo trabalhador. \u00c9 bom lembrar que Jacques Wagner, outro petista, mora em um dos pr\u00e9dios mais luxuosos do Corredor da Vit\u00f3ria.<\/p>\n<p style=\"text-align: justify;\">O rep\u00f3rter policial do programa, Luciano Reis, tamb\u00e9m defendeu provid\u00eancias en\u00e9rgicas contra o cantor, lembrando que os policiais s\u00e3o pais de m\u00e3es de fam\u00edlia que arriscam a vida no seu dia-a-dia. Para ele, Kann\u00e1rio vem \u201cdeitando e rolando\u201d, fazendo apologia ao crime e que chegou a hora de se dar um basta nisso.<\/p>\n<p style=\"text-align: justify;\">Mas cabe aqui uma reflex\u00e3o. Precisa-se saber se o artista tamb\u00e9m n\u00e3o \u00e9 uma v\u00e1lvula de escape do sistema, usado para aliviar as tens\u00f5es dos que vivem na extrema pobreza. Marconi William acha que a sociedade vive em um est\u00e1gio de bestializa\u00e7\u00e3o total. Para ele os compositores t\u00eam que tomar cuidado com as letras das m\u00fasicas. Citou o exemplo de Cazuza, que dizia \u201cmeus her\u00f3is morreram de overdose\u201d. Lembrou que Kann\u00e1rio usa uma folha de maconha no pesco\u00e7o, questionou se isso tamb\u00e9m n\u00e3o seria apologia ao crime. Bom atentar que a rede Globo permite que Ludmilla cante uma m\u00fasica que faz apologia ao tr\u00e1fico de maconha na sua programa\u00e7\u00e3o matinal.<\/p>\n<p style=\"text-align: right;\">Por Paulo Dias para o News Infoco<\/p>\n<div class='share-to-whatsapp-wrapper'><div class='share-on-whsp'>Share on: <\/div><a data-text='Bancada do Primeira M\u00e3o repudia agress\u00f5es verbais de Kann\u00e1rio \u00e0 Pol\u00edcia Baiana' data-link='https:\/\/newsinfoco.com.br\/inicio\/bancada-do-primeira-mao-repudia-agressoes-verbais-de-kannario-a-policia-baiana\/' class='whatsapp-button whatsapp-share'>WhatsApp<\/a><div class='clear '><\/div><\/div>","protected":false},"excerpt":{"rendered":"<p>O cantor e compositor, Igor Kann\u00e1rio, atualmente deputado Federal, voltou a atacar com inj\u00farias a Pol\u00edcia Militar. Chamou os militares de bunda mole e puxou vaias para eles. O governador Rui Costa j\u00e1 acionou a Procuradoria Geral do Estado para tomar as medidas jur\u00eddicas cab\u00edveis, no sentido de oferecer den\u00fancia dos crimes de atentado \u00e0 [&hellip;]<\/p>\n","protected":false},"author":1,"featured_media":20474,"comment_status":"open","ping_status":"open","sticky":false,"template":"","format":"standard","meta":{"om_disable_all_campaigns":false,"_exactmetrics_skip_tracking":false,"_exactmetrics_sitenote_active":false,"_exactmetrics_sitenote_note":"","_exactmetrics_sitenote_category":0,"footnotes":""},"categories":[167],"tags":[],"class_list":["post-20473","post","type-post","status-publish","format-standard","has-post-thumbnail","hentry","category-exclusivas"],"aioseo_notices":[],"_links":{"self":[{"href":"https:\/\/newsinfoco.com.br\/inicio\/wp-json\/wp\/v2\/posts\/20473","targetHints":{"allow":["GET"]}}],"collection":[{"href":"https:\/\/newsinfoco.com.br\/inicio\/wp-json\/wp\/v2\/posts"}],"about":[{"href":"https:\/\/newsinfoco.com.br\/inicio\/wp-json\/wp\/v2\/types\/post"}],"author":[{"embeddable":true,"href":"https:\/\/newsinfoco.com.br\/inicio\/wp-json\/wp\/v2\/users\/1"}],"replies":[{"embeddable":true,"href":"https:\/\/newsinfoco.com.br\/inicio\/wp-json\/wp\/v2\/comments?post=20473"}],"version-history":[{"count":0,"href":"https:\/\/newsinfoco.com.br\/inicio\/wp-json\/wp\/v2\/posts\/20473\/revisions"}],"wp:featuredmedia":[{"embeddable":true,"href":"https:\/\/newsinfoco.com.br\/inicio\/wp-json\/wp\/v2\/media\/20474"}],"wp:attachment":[{"href":"https:\/\/newsinfoco.com.br\/inicio\/wp-json\/wp\/v2\/media?parent=20473"}],"wp:term":[{"taxonomy":"category","embeddable":true,"href":"https:\/\/newsinfoco.com.br\/inicio\/wp-json\/wp\/v2\/categories?post=20473"},{"taxonomy":"post_tag","embeddable":true,"href":"https:\/\/newsinfoco.com.br\/inicio\/wp-json\/wp\/v2\/tags?post=20473"}],"curies":[{"name":"wp","href":"https:\/\/api.w.org\/{rel}","templated":true}]}}