{"id":20480,"date":"2020-02-28T11:23:51","date_gmt":"2020-02-28T14:23:51","guid":{"rendered":"http:\/\/newsinfoco.com.br\/?p=20480"},"modified":"2020-02-28T11:23:51","modified_gmt":"2020-02-28T14:23:51","slug":"paciente-nao-esta-com-coronavirus-garante-hospital-de-alagoinhas","status":"publish","type":"post","link":"https:\/\/newsinfoco.com.br\/inicio\/paciente-nao-esta-com-coronavirus-garante-hospital-de-alagoinhas\/","title":{"rendered":"Paciente n\u00e3o est\u00e1 com coronav\u00edrus, garante Hospital de Alagoinhas"},"content":{"rendered":"<p style=\"text-align: justify;\">Alagoinhas n\u00e3o possui nenhum caso de coronav\u00edrus, garantiu a diretora administrativa do Hospital das Clinicas de Alagoinhas, Paula Melo, ao site News Infoco.<\/p>\n<p style=\"text-align: justify;\">De acordo com a diretora, a paciente chegou a unidade com sintomas de uma infec\u00e7\u00e3o viral. Pelo hist\u00f3rico da paciente ter estado na Europa, a unidade hospitalar decidiu seguir o protocolo estabelecido pelo Minist\u00e9rio da Sa\u00fade com rela\u00e7\u00e3o aos casos de suspeita de coronavirus, mesmo sem a paciente apresentar todos os sintomas da doen\u00e7a.<\/p><div class=\"newsi-conteudo_19\" id=\"newsi-2593241992\"><a href=\"https:\/\/www.instagram.com\/prefeituraalagoinhas?igsh=YzgzdDJ1bWR3aWI4\" aria-label=\"SAVE_20251006_221555\"><img loading=\"lazy\" decoding=\"async\" src=\"https:\/\/newsinfoco.com.br\/inicio\/wp-content\/uploads\/2025\/10\/SAVE_20251006_221555-rotated.jpg\" alt=\"\"  srcset=\"https:\/\/newsinfoco.com.br\/inicio\/wp-content\/uploads\/2025\/10\/SAVE_20251006_221555-rotated.jpg 1140w, https:\/\/newsinfoco.com.br\/inicio\/wp-content\/uploads\/2025\/10\/SAVE_20251006_221555-300x52.jpg 300w, https:\/\/newsinfoco.com.br\/inicio\/wp-content\/uploads\/2025\/10\/SAVE_20251006_221555-1024x177.jpg 1024w, https:\/\/newsinfoco.com.br\/inicio\/wp-content\/uploads\/2025\/10\/SAVE_20251006_221555-768x133.jpg 768w, https:\/\/newsinfoco.com.br\/inicio\/wp-content\/uploads\/2025\/10\/SAVE_20251006_221555-600x104.jpg 600w, https:\/\/newsinfoco.com.br\/inicio\/wp-content\/uploads\/2025\/10\/SAVE_20251006_221555-696x120.jpg 696w, https:\/\/newsinfoco.com.br\/inicio\/wp-content\/uploads\/2025\/10\/SAVE_20251006_221555-1068x185.jpg 1068w\" sizes=\"(max-width: 1140px) 100vw, 1140px\" width=\"1140\" height=\"197\"   \/><\/a><\/div>\n<p style=\"text-align: justify;\">A diretora afirmou com bastante tranquilidade que n\u00e3o se trata de um caso de coronavirus e pede para que a popula\u00e7\u00e3o possa se tranquilizar.<\/p>\n<p style=\"text-align: right;\">Por Caio Pimenta para o News Infoco<\/p>\n<div class='share-to-whatsapp-wrapper'><div class='share-on-whsp'>Share on: <\/div><a data-text='Paciente n\u00e3o est\u00e1 com coronav\u00edrus, garante Hospital de Alagoinhas' data-link='https:\/\/newsinfoco.com.br\/inicio\/paciente-nao-esta-com-coronavirus-garante-hospital-de-alagoinhas\/' class='whatsapp-button whatsapp-share'>WhatsApp<\/a><div class='clear '><\/div><\/div>","protected":false},"excerpt":{"rendered":"<p>Alagoinhas n\u00e3o possui nenhum caso de coronav\u00edrus, garantiu a diretora administrativa do Hospital das Clinicas de Alagoinhas, Paula Melo, ao site News Infoco. De acordo com a diretora, a paciente chegou a unidade com sintomas de uma infec\u00e7\u00e3o viral. Pelo hist\u00f3rico da paciente ter estado na Europa, a unidade hospitalar decidiu seguir o protocolo estabelecido [&hellip;]<\/p>\n","protected":false},"author":1,"featured_media":20483,"comment_status":"open","ping_status":"open","sticky":false,"template":"","format":"standard","meta":{"om_disable_all_campaigns":false,"_exactmetrics_skip_tracking":false,"_exactmetrics_sitenote_active":false,"_exactmetrics_sitenote_note":"","_exactmetrics_sitenote_category":0,"footnotes":""},"categories":[167],"tags":[],"class_list":["post-20480","post","type-post","status-publish","format-standard","has-post-thumbnail","hentry","category-exclusivas"],"aioseo_notices":[],"_links":{"self":[{"href":"https:\/\/newsinfoco.com.br\/inicio\/wp-json\/wp\/v2\/posts\/20480","targetHints":{"allow":["GET"]}}],"collection":[{"href":"https:\/\/newsinfoco.com.br\/inicio\/wp-json\/wp\/v2\/posts"}],"about":[{"href":"https:\/\/newsinfoco.com.br\/inicio\/wp-json\/wp\/v2\/types\/post"}],"author":[{"embeddable":true,"href":"https:\/\/newsinfoco.com.br\/inicio\/wp-json\/wp\/v2\/users\/1"}],"replies":[{"embeddable":true,"href":"https:\/\/newsinfoco.com.br\/inicio\/wp-json\/wp\/v2\/comments?post=20480"}],"version-history":[{"count":0,"href":"https:\/\/newsinfoco.com.br\/inicio\/wp-json\/wp\/v2\/posts\/20480\/revisions"}],"wp:featuredmedia":[{"embeddable":true,"href":"https:\/\/newsinfoco.com.br\/inicio\/wp-json\/wp\/v2\/media\/20483"}],"wp:attachment":[{"href":"https:\/\/newsinfoco.com.br\/inicio\/wp-json\/wp\/v2\/media?parent=20480"}],"wp:term":[{"taxonomy":"category","embeddable":true,"href":"https:\/\/newsinfoco.com.br\/inicio\/wp-json\/wp\/v2\/categories?post=20480"},{"taxonomy":"post_tag","embeddable":true,"href":"https:\/\/newsinfoco.com.br\/inicio\/wp-json\/wp\/v2\/tags?post=20480"}],"curies":[{"name":"wp","href":"https:\/\/api.w.org\/{rel}","templated":true}]}}