{"id":20486,"date":"2020-02-29T10:59:47","date_gmt":"2020-02-29T13:59:47","guid":{"rendered":"http:\/\/newsinfoco.com.br\/?p=20486"},"modified":"2020-02-29T10:59:47","modified_gmt":"2020-02-29T13:59:47","slug":"no-programa-primeira-mao-ouvinte-denuncia-acao-desrespeitosa-de-monitor-da-zona-azul-de-alagoinhas-contra-usuaria","status":"publish","type":"post","link":"https:\/\/newsinfoco.com.br\/inicio\/no-programa-primeira-mao-ouvinte-denuncia-acao-desrespeitosa-de-monitor-da-zona-azul-de-alagoinhas-contra-usuaria\/","title":{"rendered":"No programa Primeira M\u00e3o, ouvinte denuncia a\u00e7\u00e3o desrespeitosa de monitor da Zona Azul de Alagoinhas contra usu\u00e1ria"},"content":{"rendered":"<p style=\"text-align: justify;\">Um v\u00eddeo est\u00e1 circulando na internet mostrando um monitor da E-parking, empresa respons\u00e1vel pela explora\u00e7\u00e3o da Zona Azul, constrangendo uma usu\u00e1ria. O caso chegou ao programa Primeira M\u00e3o, nesta sexta-feira, 28, por meio da participa\u00e7\u00e3o de um ouvinte. Ele contou que, nas imedia\u00e7\u00f5es da loja Santo Antonio, uma senhora desceu do ve\u00edculo e n\u00e3o localizou o funcion\u00e1rio da empresa, portanto resolveu seguir adiante, quando foi abordada por este, que surgiu do nada, de maneira grosseira, autorit\u00e1ria e desrespeitosa. O comentarista Caio Pimenta repudiou a atitude, que pode ser interpretada como uma manifesta\u00e7\u00e3o machista inclusive. No entanto, Caio defendeu a privatiza\u00e7\u00e3o de \u00e1reas de estacionamento na cidade, questionando apenas a sua extens\u00e3o, que vai at\u00e9 as imedia\u00e7\u00f5es do Hospital Dantas Bi\u00e3o e o modelo adotado.<\/p>\n<p style=\"text-align: justify;\">Marconi William considerou que, de fato, as agress\u00f5es s\u00f3 ocorreram porque se tratava de uma mulher, caso fossem dirigidas a um homem este poderia reagir com viol\u00eancia, devido ao n\u00edvel de descontrole no tratamento dispensado no epis\u00f3dio. Marconi, no entanto, ponderou que, at\u00e9 o momento, trata-se de um caso isolado, pois o tratamento dos monitores tem sido sempre respeitoso e cort\u00eas. A hip\u00f3tese de machismo \u00e9 plaus\u00edvel, pois o contr\u00e1rio j\u00e1 ocorreu, com agress\u00f5es verbais de usu\u00e1rios para com monitoras. O funcion\u00e1rio j\u00e1 foi identificado, sofrer\u00e1 certamente alguma puni\u00e7\u00e3o ou advert\u00eancia, mas n\u00e3o seria descabido se perdesse o emprego. Como Marconi falou, se est\u00e1 nervosinho n\u00e3o saia para trabalhar, ningu\u00e9m \u00e9 obrigado a suportar maus tratos, principalmente quem paga por um servi\u00e7o.<\/p><div class=\"newsi-conteudo_19\" id=\"newsi-4287402478\"><a href=\"https:\/\/www.instagram.com\/prefeituraalagoinhas?igsh=YzgzdDJ1bWR3aWI4\" aria-label=\"SAVE_20251006_221555\"><img loading=\"lazy\" decoding=\"async\" src=\"https:\/\/newsinfoco.com.br\/inicio\/wp-content\/uploads\/2025\/10\/SAVE_20251006_221555-rotated.jpg\" alt=\"\"  srcset=\"https:\/\/newsinfoco.com.br\/inicio\/wp-content\/uploads\/2025\/10\/SAVE_20251006_221555-rotated.jpg 1140w, https:\/\/newsinfoco.com.br\/inicio\/wp-content\/uploads\/2025\/10\/SAVE_20251006_221555-300x52.jpg 300w, https:\/\/newsinfoco.com.br\/inicio\/wp-content\/uploads\/2025\/10\/SAVE_20251006_221555-1024x177.jpg 1024w, https:\/\/newsinfoco.com.br\/inicio\/wp-content\/uploads\/2025\/10\/SAVE_20251006_221555-768x133.jpg 768w, https:\/\/newsinfoco.com.br\/inicio\/wp-content\/uploads\/2025\/10\/SAVE_20251006_221555-600x104.jpg 600w, https:\/\/newsinfoco.com.br\/inicio\/wp-content\/uploads\/2025\/10\/SAVE_20251006_221555-696x120.jpg 696w, https:\/\/newsinfoco.com.br\/inicio\/wp-content\/uploads\/2025\/10\/SAVE_20251006_221555-1068x185.jpg 1068w\" sizes=\"(max-width: 1140px) 100vw, 1140px\" width=\"1140\" height=\"197\"   \/><\/a><\/div>\n<p style=\"text-align: justify;\">Caio Pimenta explicou que as tarifas de R$2,50 por at\u00e9 duas horas de estacionamento podem ser pagas at\u00e9 24h, ap\u00f3s esse prazo convertessem em uma taxa maior considerada p\u00f3s-pago, com 72 horas para quita\u00e7\u00e3o.<\/p>\n<p style=\"text-align: right;\">Por Paulo Dias para o News Infoco<\/p>\n<p><iframe loading=\"lazy\" title=\"V\u00eddeo mostra monitor da zona azul de Alagoinhas destratando usu\u00e1ria e a bancada do Primeira M\u00e3o come\" width=\"696\" height=\"392\" src=\"https:\/\/www.youtube.com\/embed\/xbbh0_QJpFI?start=3&#038;feature=oembed\" frameborder=\"0\" allow=\"accelerometer; autoplay; encrypted-media; gyroscope; picture-in-picture\" allowfullscreen><\/iframe><\/p>\n<div class='share-to-whatsapp-wrapper'><div class='share-on-whsp'>Share on: <\/div><a data-text='No programa Primeira M\u00e3o, ouvinte denuncia a\u00e7\u00e3o desrespeitosa de monitor da Zona Azul de Alagoinhas contra usu\u00e1ria' data-link='https:\/\/newsinfoco.com.br\/inicio\/no-programa-primeira-mao-ouvinte-denuncia-acao-desrespeitosa-de-monitor-da-zona-azul-de-alagoinhas-contra-usuaria\/' class='whatsapp-button whatsapp-share'>WhatsApp<\/a><div class='clear '><\/div><\/div>","protected":false},"excerpt":{"rendered":"<p>Um v\u00eddeo est\u00e1 circulando na internet mostrando um monitor da E-parking, empresa respons\u00e1vel pela explora\u00e7\u00e3o da Zona Azul, constrangendo uma usu\u00e1ria. O caso chegou ao programa Primeira M\u00e3o, nesta sexta-feira, 28, por meio da participa\u00e7\u00e3o de um ouvinte. Ele contou que, nas imedia\u00e7\u00f5es da loja Santo Antonio, uma senhora desceu do ve\u00edculo e n\u00e3o localizou [&hellip;]<\/p>\n","protected":false},"author":1,"featured_media":20487,"comment_status":"open","ping_status":"open","sticky":false,"template":"","format":"standard","meta":{"om_disable_all_campaigns":false,"_exactmetrics_skip_tracking":false,"_exactmetrics_sitenote_active":false,"_exactmetrics_sitenote_note":"","_exactmetrics_sitenote_category":0,"footnotes":""},"categories":[167],"tags":[],"class_list":["post-20486","post","type-post","status-publish","format-standard","has-post-thumbnail","hentry","category-exclusivas"],"aioseo_notices":[],"_links":{"self":[{"href":"https:\/\/newsinfoco.com.br\/inicio\/wp-json\/wp\/v2\/posts\/20486","targetHints":{"allow":["GET"]}}],"collection":[{"href":"https:\/\/newsinfoco.com.br\/inicio\/wp-json\/wp\/v2\/posts"}],"about":[{"href":"https:\/\/newsinfoco.com.br\/inicio\/wp-json\/wp\/v2\/types\/post"}],"author":[{"embeddable":true,"href":"https:\/\/newsinfoco.com.br\/inicio\/wp-json\/wp\/v2\/users\/1"}],"replies":[{"embeddable":true,"href":"https:\/\/newsinfoco.com.br\/inicio\/wp-json\/wp\/v2\/comments?post=20486"}],"version-history":[{"count":0,"href":"https:\/\/newsinfoco.com.br\/inicio\/wp-json\/wp\/v2\/posts\/20486\/revisions"}],"wp:featuredmedia":[{"embeddable":true,"href":"https:\/\/newsinfoco.com.br\/inicio\/wp-json\/wp\/v2\/media\/20487"}],"wp:attachment":[{"href":"https:\/\/newsinfoco.com.br\/inicio\/wp-json\/wp\/v2\/media?parent=20486"}],"wp:term":[{"taxonomy":"category","embeddable":true,"href":"https:\/\/newsinfoco.com.br\/inicio\/wp-json\/wp\/v2\/categories?post=20486"},{"taxonomy":"post_tag","embeddable":true,"href":"https:\/\/newsinfoco.com.br\/inicio\/wp-json\/wp\/v2\/tags?post=20486"}],"curies":[{"name":"wp","href":"https:\/\/api.w.org\/{rel}","templated":true}]}}