{"id":20489,"date":"2020-02-29T15:06:24","date_gmt":"2020-02-29T18:06:24","guid":{"rendered":"http:\/\/newsinfoco.com.br\/?p=20489"},"modified":"2020-02-29T15:28:06","modified_gmt":"2020-02-29T18:28:06","slug":"bancada-de-oposicao-cobra-posicionamento-de-roberto-torres-sobre-solicitacao-de-emprestimo-de-r15-milhoes-da-prefeitura-de-alagoinhas","status":"publish","type":"post","link":"https:\/\/newsinfoco.com.br\/inicio\/bancada-de-oposicao-cobra-posicionamento-de-roberto-torres-sobre-solicitacao-de-emprestimo-de-r15-milhoes-da-prefeitura-de-alagoinhas\/","title":{"rendered":"Bancada de oposi\u00e7\u00e3o cobra posicionamento de Roberto Torres sobre solicita\u00e7\u00e3o de empr\u00e9stimo de R$15 milh\u00f5es da prefeitura de Alagoinhas"},"content":{"rendered":"<p style=\"text-align: justify;\">A nova solicita\u00e7\u00e3o de autoriza\u00e7\u00e3o de empr\u00e9stimo feita pela prefeitura de Alagoinhas \u00e0 C\u00e2mara de Vereadores j\u00e1 come\u00e7a a gerar discuss\u00f5es pela cidade. De um lado apoiadores do governo Joaquim Neto defendem sua aprova\u00e7\u00e3o como forma de garantir investimentos na cidade, do outro a oposi\u00e7\u00e3o questiona a concess\u00e3o de um empr\u00e9stimo em ano de elei\u00e7\u00e3o.<\/p>\n<p style=\"text-align: justify;\">A prefeitura quer contrair R$ 15 milh\u00f5es junto ao Banco CAIXA. Esse valor, segundo o governo, ser\u00e1 utilizado em obras de pavimenta\u00e7\u00e3o e drenagem no Barreiro, em Santa Terezinha, no Riacho da Guia e no distrito de Boa Uni\u00e3o. O problema cr\u00f4nico da drenagem do Silva Jardim consumir\u00e1 R$800 mil do montante. O Governo Federal j\u00e1 destinou cerca de R$ 2 milh\u00f5es para a solu\u00e7\u00e3o definitiva dos alagamentos na regi\u00e3o, em outra administra\u00e7\u00e3o municipal, mas a utiliza\u00e7\u00e3o desses recursos apresentou irregularidades, segundo relat\u00f3rio da Controladoria Geral da Uni\u00e3o- CGU, que deu a obra como inconclusa, embora todo o recurso dispon\u00edvel tenha sido utilizado.<\/p><div class=\"newsi-conteudo_19\" id=\"newsi-1748155857\"><a href=\"https:\/\/www.instagram.com\/prefeituraalagoinhas?igsh=YzgzdDJ1bWR3aWI4\" aria-label=\"SAVE_20251006_221555\"><img loading=\"lazy\" decoding=\"async\" src=\"https:\/\/newsinfoco.com.br\/inicio\/wp-content\/uploads\/2025\/10\/SAVE_20251006_221555-rotated.jpg\" alt=\"\"  srcset=\"https:\/\/newsinfoco.com.br\/inicio\/wp-content\/uploads\/2025\/10\/SAVE_20251006_221555-rotated.jpg 1140w, https:\/\/newsinfoco.com.br\/inicio\/wp-content\/uploads\/2025\/10\/SAVE_20251006_221555-300x52.jpg 300w, https:\/\/newsinfoco.com.br\/inicio\/wp-content\/uploads\/2025\/10\/SAVE_20251006_221555-1024x177.jpg 1024w, https:\/\/newsinfoco.com.br\/inicio\/wp-content\/uploads\/2025\/10\/SAVE_20251006_221555-768x133.jpg 768w, https:\/\/newsinfoco.com.br\/inicio\/wp-content\/uploads\/2025\/10\/SAVE_20251006_221555-600x104.jpg 600w, https:\/\/newsinfoco.com.br\/inicio\/wp-content\/uploads\/2025\/10\/SAVE_20251006_221555-696x120.jpg 696w, https:\/\/newsinfoco.com.br\/inicio\/wp-content\/uploads\/2025\/10\/SAVE_20251006_221555-1068x185.jpg 1068w\" sizes=\"(max-width: 1140px) 100vw, 1140px\" width=\"1140\" height=\"197\"   \/><\/a><\/div>\n<p style=\"text-align: justify;\">Na \u00faltima quinta-feira(27), o presidente da C\u00e2mara de Vereadores de Alagoinhas, Roberto Torres, quando questionado pela bancada do Programa Primeira M\u00e3o sobre seu posicionamento diante da solicita\u00e7\u00e3o deste empr\u00e9stimo, afirmou que ficaria neutro. Posi\u00e7\u00e3o diferente da que tomou ano passado, diante de uma solicita\u00e7\u00e3o de empr\u00e9stimo do mesmo governo, naquela oportunidade no valor de R$ 35 milh\u00f5es. Apoiado em dois pareceres, um da Comiss\u00e3o de Or\u00e7amento da Casa e outro da pr\u00f3pria assessoria jur\u00eddica da C\u00e2mara, ele arquivou o pedido da prefeitura.<\/p>\n<p style=\"text-align: justify;\">Ap\u00f3s a declara\u00e7\u00e3o de Roberto no programa, que foi repercutido por este site News Infoco(<strong><a href=\"http:\/\/newsinfoco.com.br\/2020\/02\/28\/roberto-torres-promete-neutralidade-na-apreciacao-do-projeto-de-novo-emprestimo-para-prefeitura-de-alagoinhas\/\">veja aqui<\/a><\/strong>), a bancada de oposi\u00e7\u00e3o nos enviou uma nota cobrando um posicionamento claro do presidente Roberto Torres sobre a mat\u00e9ria, principalmente no tocante ao pedido de urg\u00eancia urgent\u00edssima solicitado pelo executivo, o que aceleraria todo o processo. Eles se queixam que esta suposta neutralidade, acaba por beneficiar o executivo. A bancada de oposi\u00e7\u00e3o na C\u00e2mara Municipal \u00e9 formada pelos vereadores Anderson Baqueiro, Jo\u00e3o Henrique Paolilo, Caio Ramos, Thor de Ninha, Luciano S\u00e9rgio, Darlan Lucena e Luciano Almeida.<\/p>\n<p style=\"text-align: justify;\">Veja a nota escrita pela bancada de oposi\u00e7\u00e3o e enviada para este site News Infoco:<\/p>\n<div dir=\"auto\"><strong>EMPR\u00c9STIMO DE 15 MILH\u00d5ES: BANCADA DE OPOSI\u00c7\u00c3O COBRA POSICIONAMENTO DO PRESIDENTE ROBERTO TORRES<\/strong><\/div>\n<div dir=\"auto\"><\/div>\n<p dir=\"auto\"><em><strong>A bancada de oposi\u00e7\u00e3o, ap\u00f3s analise do pedido de empr\u00e9stimo feito pelo prefeito Joaquim Neto, cobram do presidente da c\u00e2mara municipal, Roberto Torres, um posicionamento. Ele precisa dizer se aceita ou n\u00e3o o projeto em car\u00e1ter de urg\u00eancia urgent\u00edssima. Em nota recente a imprensa, o presidente informou que ser\u00e1 imparcial com o pedido.<\/strong><\/em><\/p>\n<p dir=\"auto\"><em><strong>At\u00e9 o presente momento, Roberto Torres n\u00e3o se posicionou sobre aceitar ou n\u00e3o o projeto em car\u00e1ter de urg\u00eancia, e manter-se \u201cem sil\u00eancio\u201d, significa aceitar o que foi enviado pelo prefeito, o que mostra uma determinada tend\u00eancia em rela\u00e7\u00e3o a mat\u00e9ria, que \u00e9 bem diferente de imparcialidade.<\/strong><\/em><\/p>\n<p dir=\"auto\"><em><strong>Esperamos que Roberto Torres, se posicione em rela\u00e7\u00e3o ao assunto, mantendo a sua \u00e9tica e imparcialidade mostrada at\u00e9 agora na condu\u00e7\u00e3o das demandas da casa legislativa, cumprindo assim o regimento interno da casa.<\/strong><\/em><\/p>\n<p dir=\"auto\"><em><strong>A Solicita\u00e7\u00e3o de Empr\u00e9stimo<\/strong><\/em><\/p>\n<p dir=\"auto\"><em><strong>No m\u00eas de fevereiro deste ano, o prefeito de Alagoinhas encaminhou um projeto de lei solicitando a aprova\u00e7\u00e3o de um empr\u00e9stimo no valor de 15 milh\u00f5es de reais, para realizar obras de saneamento e infraestrutura em car\u00e1ter de urg\u00eancia urgent\u00edssima.<\/strong><\/em><\/p>\n<p dir=\"auto\"><em><strong>Entretanto, alguns pontos chamam a aten\u00e7\u00e3o em rela\u00e7\u00e3o a essa movimenta\u00e7\u00e3o do governo, principalmente porque estamos \u00e1s v\u00e9speras do processo eleitoral e muito pr\u00f3ximo ao per\u00edodo de chuvas.<\/strong><\/em><\/p>\n<p dir=\"auto\"><em><strong>Um projeto dessa natureza n\u00e3o deveria ser tratado \u201c\u00e0s pressas\u201d pois quest\u00f5es como a capacidade de endividamento do munic\u00edpio, uma ampla discuss\u00e3o com a sociedade sobre as obras, al\u00e9m de um devido projeto com o estudo t\u00e9cnico do que precisa ser feito devem ser considerados.\u00a0\u00a0<\/strong><\/em><\/p>\n<p dir=\"auto\"><em><strong>O prefeito Joaquim Neto teve tr\u00eas anos para demandar projetos como esse, por\u00e9m quando se trata de pedir dinheiro emprestado, tudo parece ser sempre urgente, como aconteceu no ano passado quando o mesmo tentou um empr\u00e9stimo de 35 milh\u00f5es tamb\u00e9m em car\u00e1ter de urg\u00eancia urgent\u00edssima.<\/strong><\/em><\/p>\n<p dir=\"auto\"><em><strong>Faz-se necess\u00e1rio um prazo regimental de tramita\u00e7\u00e3o do projeto para que a sociedade possa tomar conhecimento da mat\u00e9ria. At\u00e9 porque a aprova\u00e7\u00e3o do mesmo trar\u00e1 impactos financeiros e or\u00e7ament\u00e1rios para as futuras administra\u00e7\u00f5es, at\u00e9 o ano de 2030 para sermos mais precisos.<\/strong><\/em><\/p>\n<p dir=\"auto\"><em><strong>Execu\u00e7\u00e3o de Obras<\/strong><\/em><\/p>\n<p dir=\"auto\"><em><strong>Em rela\u00e7\u00e3o a gest\u00e3o e execu\u00e7\u00e3o de obras do governo, temos diversos recursos \u201cparados\u201d como emendas impositivas e dinheiro do empr\u00e9stimo da CAF, al\u00e9m de outros que ainda n\u00e3o foram executados em sua totalidade.<\/strong><\/em><\/p>\n<p dir=\"auto\"><em><strong>Temos tamb\u00e9m, a paralisa\u00e7\u00e3o de algumas obras como a creche do Urupiara, da Rua Padre Araguaia, a enorme quantidade de buracos pela cidade sem nenhuma solu\u00e7\u00e3o e tantas outros problemas de manuten\u00e7\u00e3o em obras recentemente \u201cfinalizadas\u201d. O que explicita a pouca capacidade de gerenciar os recursos e as obras do atual governo.<\/strong><\/em><\/p>\n<p dir=\"auto\"><em><strong>\u200b<\/strong><\/em><em><strong>Al\u00e9m de obras como a central de abastecimento que se arrasta ao longo de meses, gerando desconforto e preju\u00edzo aos feirantes,\u00a0 e grande parte do dinheiro empregado de empr\u00e9stimos foi para reforma de Pra\u00e7as e colocar asfalto onde j\u00e1 existia.\u00a0<\/strong><\/em><\/p>\n<p dir=\"auto\"><em><strong>Somos a favor de toda e qualquer melhoria para a nossa Alagoinhas, desde que isso seja feito de maneira, planejada, estruturada e organizada. N\u00e3o podemos conduzir um investimento dessa natureza \u201cnas carreiras\u201d pois nos preocupamos com as consequ\u00eancias para todos os mun\u00edcipes.<\/strong><\/em><\/p>\n<p dir=\"auto\"><em><strong>Bancada dos vereadores da oposi\u00e7\u00e3o.<\/strong><\/em><\/p>\n<div dir=\"auto\"><\/div>\n<div dir=\"auto\" style=\"text-align: right;\">Por Caio Pimenta para o News Infoco<\/div>\n<div class='share-to-whatsapp-wrapper'><div class='share-on-whsp'>Share on: <\/div><a data-text='Bancada de oposi\u00e7\u00e3o cobra posicionamento de Roberto Torres sobre solicita\u00e7\u00e3o de empr\u00e9stimo de R$15 milh\u00f5es da prefeitura de Alagoinhas' data-link='https:\/\/newsinfoco.com.br\/inicio\/bancada-de-oposicao-cobra-posicionamento-de-roberto-torres-sobre-solicitacao-de-emprestimo-de-r15-milhoes-da-prefeitura-de-alagoinhas\/' class='whatsapp-button whatsapp-share'>WhatsApp<\/a><div class='clear '><\/div><\/div>","protected":false},"excerpt":{"rendered":"<p>A nova solicita\u00e7\u00e3o de autoriza\u00e7\u00e3o de empr\u00e9stimo feita pela prefeitura de Alagoinhas \u00e0 C\u00e2mara de Vereadores j\u00e1 come\u00e7a a gerar discuss\u00f5es pela cidade. De um lado apoiadores do governo Joaquim Neto defendem sua aprova\u00e7\u00e3o como forma de garantir investimentos na cidade, do outro a oposi\u00e7\u00e3o questiona a concess\u00e3o de um empr\u00e9stimo em ano de elei\u00e7\u00e3o. [&hellip;]<\/p>\n","protected":false},"author":1,"featured_media":13560,"comment_status":"open","ping_status":"open","sticky":false,"template":"","format":"standard","meta":{"om_disable_all_campaigns":false,"_exactmetrics_skip_tracking":false,"_exactmetrics_sitenote_active":false,"_exactmetrics_sitenote_note":"","_exactmetrics_sitenote_category":0,"footnotes":""},"categories":[167],"tags":[],"class_list":["post-20489","post","type-post","status-publish","format-standard","has-post-thumbnail","hentry","category-exclusivas"],"aioseo_notices":[],"_links":{"self":[{"href":"https:\/\/newsinfoco.com.br\/inicio\/wp-json\/wp\/v2\/posts\/20489","targetHints":{"allow":["GET"]}}],"collection":[{"href":"https:\/\/newsinfoco.com.br\/inicio\/wp-json\/wp\/v2\/posts"}],"about":[{"href":"https:\/\/newsinfoco.com.br\/inicio\/wp-json\/wp\/v2\/types\/post"}],"author":[{"embeddable":true,"href":"https:\/\/newsinfoco.com.br\/inicio\/wp-json\/wp\/v2\/users\/1"}],"replies":[{"embeddable":true,"href":"https:\/\/newsinfoco.com.br\/inicio\/wp-json\/wp\/v2\/comments?post=20489"}],"version-history":[{"count":0,"href":"https:\/\/newsinfoco.com.br\/inicio\/wp-json\/wp\/v2\/posts\/20489\/revisions"}],"wp:featuredmedia":[{"embeddable":true,"href":"https:\/\/newsinfoco.com.br\/inicio\/wp-json\/wp\/v2\/media\/13560"}],"wp:attachment":[{"href":"https:\/\/newsinfoco.com.br\/inicio\/wp-json\/wp\/v2\/media?parent=20489"}],"wp:term":[{"taxonomy":"category","embeddable":true,"href":"https:\/\/newsinfoco.com.br\/inicio\/wp-json\/wp\/v2\/categories?post=20489"},{"taxonomy":"post_tag","embeddable":true,"href":"https:\/\/newsinfoco.com.br\/inicio\/wp-json\/wp\/v2\/tags?post=20489"}],"curies":[{"name":"wp","href":"https:\/\/api.w.org\/{rel}","templated":true}]}}