{"id":20496,"date":"2020-03-02T20:54:27","date_gmt":"2020-03-02T23:54:27","guid":{"rendered":"http:\/\/newsinfoco.com.br\/?p=20496"},"modified":"2020-03-02T20:59:06","modified_gmt":"2020-03-02T23:59:06","slug":"presidente-da-camara-de-alagoinhas-aceita-pedido-de-urgencia-urgentissima-do-governo-para-apreciacao-da-solicitacao-do-emprestimo-de-r-15-milhoes","status":"publish","type":"post","link":"https:\/\/newsinfoco.com.br\/inicio\/presidente-da-camara-de-alagoinhas-aceita-pedido-de-urgencia-urgentissima-do-governo-para-apreciacao-da-solicitacao-do-emprestimo-de-r-15-milhoes\/","title":{"rendered":"Presidente da C\u00e2mara de Alagoinhas aceita pedido de urgencia urgentissima do Governo para aprecia\u00e7\u00e3o da solicita\u00e7\u00e3o do empr\u00e9stimo de R$ 15 milh\u00f5es"},"content":{"rendered":"<p dir=\"auto\" style=\"text-align: justify;\">O presidente da C\u00e2mara de Vereadores de Alagoinhas, Roberto Torres, acatou nesta segunda-feira (2), solicita\u00e7\u00e3o de urg\u00eancia urgent\u00edssima do governo Joaquim Neto em rela\u00e7\u00e3o ao pedido de autoriza\u00e7\u00e3o de empr\u00e9stimo de R$15 milh\u00f5es. A informa\u00e7\u00e3o \u00e9 do jornalista Maurilio Fontes.<\/p>\n<p dir=\"auto\" style=\"text-align: justify;\">A decis\u00e3o de Torres, acontece ap\u00f3s nota da Coluna Tempo Presente do A ATARDE mencionar um acordo entre o presidente da C\u00e2mara e o prefeito Joaquim Neto para a aprova\u00e7\u00e3o do projeto na Casa. Na mesa, segundo a publica\u00e7\u00e3o, estaria o oferecimento da vice na chapa de reelei\u00e7\u00e3o de Joaquim Neto em troca da aprova\u00e7\u00e3o do projeto. Em entrevista concedida ao Programa Primeira M\u00e3o, Roberto negou qualquer tipo de acordo com o prefeito e classificou a nota do A TARDE como uma Fake News. Na oportunidade Roberto ainda disse que permaneceria neutro na quest\u00e3o.<\/p><div class=\"newsi-conteudo_19\" id=\"newsi-333168666\"><a href=\"https:\/\/www.instagram.com\/prefeituraalagoinhas?igsh=YzgzdDJ1bWR3aWI4\" aria-label=\"SAVE_20251006_221555\"><img loading=\"lazy\" decoding=\"async\" src=\"https:\/\/newsinfoco.com.br\/inicio\/wp-content\/uploads\/2025\/10\/SAVE_20251006_221555-rotated.jpg\" alt=\"\"  srcset=\"https:\/\/newsinfoco.com.br\/inicio\/wp-content\/uploads\/2025\/10\/SAVE_20251006_221555-rotated.jpg 1140w, https:\/\/newsinfoco.com.br\/inicio\/wp-content\/uploads\/2025\/10\/SAVE_20251006_221555-300x52.jpg 300w, https:\/\/newsinfoco.com.br\/inicio\/wp-content\/uploads\/2025\/10\/SAVE_20251006_221555-1024x177.jpg 1024w, https:\/\/newsinfoco.com.br\/inicio\/wp-content\/uploads\/2025\/10\/SAVE_20251006_221555-768x133.jpg 768w, https:\/\/newsinfoco.com.br\/inicio\/wp-content\/uploads\/2025\/10\/SAVE_20251006_221555-600x104.jpg 600w, https:\/\/newsinfoco.com.br\/inicio\/wp-content\/uploads\/2025\/10\/SAVE_20251006_221555-696x120.jpg 696w, https:\/\/newsinfoco.com.br\/inicio\/wp-content\/uploads\/2025\/10\/SAVE_20251006_221555-1068x185.jpg 1068w\" sizes=\"(max-width: 1140px) 100vw, 1140px\" width=\"1140\" height=\"197\"   \/><\/a><\/div>\n<p dir=\"auto\" style=\"text-align: justify;\">A bancada de oposi\u00e7\u00e3o na C\u00e2mara se sentiu incomodada com a declara\u00e7\u00e3o do presidente do legislativo municipal e exigiu um posicionamento claro do mesmo diante da solicita\u00e7\u00e3o de empr\u00e9stimo do Governo. Instado a se posicionar, Roberto decidiu aceitar o pedido de urgencia urgentissima.<\/p>\n<p dir=\"auto\" style=\"text-align: justify;\">Com o aceite, os tr\u00e2mites legislativos ser\u00e3o mais r\u00e1pidos e a vota\u00e7\u00e3o em plen\u00e1rio pode acontecer, inclusive, na pr\u00f3xima quinta-feira (5), onde haver\u00e1 sess\u00e3o na C\u00e2mara Municipal.<\/p>\n<p dir=\"auto\" style=\"text-align: justify;\">O governo tem maioria para aprovar a autoriza\u00e7\u00e3o legislativa que possibilitar\u00e1 a opera\u00e7\u00e3o de cr\u00e9dito.<\/p>\n<p dir=\"auto\" style=\"text-align: right;\">Por Caio Pimenta para o News Infoco<\/p>\n<div class='share-to-whatsapp-wrapper'><div class='share-on-whsp'>Share on: <\/div><a data-text='Presidente da C\u00e2mara de Alagoinhas aceita pedido de urgencia urgentissima do Governo para aprecia\u00e7\u00e3o da solicita\u00e7\u00e3o do empr\u00e9stimo de R$ 15 milh\u00f5es' data-link='https:\/\/newsinfoco.com.br\/inicio\/presidente-da-camara-de-alagoinhas-aceita-pedido-de-urgencia-urgentissima-do-governo-para-apreciacao-da-solicitacao-do-emprestimo-de-r-15-milhoes\/' class='whatsapp-button whatsapp-share'>WhatsApp<\/a><div class='clear '><\/div><\/div>","protected":false},"excerpt":{"rendered":"<p>O presidente da C\u00e2mara de Vereadores de Alagoinhas, Roberto Torres, acatou nesta segunda-feira (2), solicita\u00e7\u00e3o de urg\u00eancia urgent\u00edssima do governo Joaquim Neto em rela\u00e7\u00e3o ao pedido de autoriza\u00e7\u00e3o de empr\u00e9stimo de R$15 milh\u00f5es. A informa\u00e7\u00e3o \u00e9 do jornalista Maurilio Fontes. A decis\u00e3o de Torres, acontece ap\u00f3s nota da Coluna Tempo Presente do A ATARDE mencionar [&hellip;]<\/p>\n","protected":false},"author":1,"featured_media":15437,"comment_status":"open","ping_status":"open","sticky":false,"template":"","format":"standard","meta":{"om_disable_all_campaigns":false,"_exactmetrics_skip_tracking":false,"_exactmetrics_sitenote_active":false,"_exactmetrics_sitenote_note":"","_exactmetrics_sitenote_category":0,"footnotes":""},"categories":[167],"tags":[],"class_list":["post-20496","post","type-post","status-publish","format-standard","has-post-thumbnail","hentry","category-exclusivas"],"aioseo_notices":[],"_links":{"self":[{"href":"https:\/\/newsinfoco.com.br\/inicio\/wp-json\/wp\/v2\/posts\/20496","targetHints":{"allow":["GET"]}}],"collection":[{"href":"https:\/\/newsinfoco.com.br\/inicio\/wp-json\/wp\/v2\/posts"}],"about":[{"href":"https:\/\/newsinfoco.com.br\/inicio\/wp-json\/wp\/v2\/types\/post"}],"author":[{"embeddable":true,"href":"https:\/\/newsinfoco.com.br\/inicio\/wp-json\/wp\/v2\/users\/1"}],"replies":[{"embeddable":true,"href":"https:\/\/newsinfoco.com.br\/inicio\/wp-json\/wp\/v2\/comments?post=20496"}],"version-history":[{"count":0,"href":"https:\/\/newsinfoco.com.br\/inicio\/wp-json\/wp\/v2\/posts\/20496\/revisions"}],"wp:featuredmedia":[{"embeddable":true,"href":"https:\/\/newsinfoco.com.br\/inicio\/wp-json\/wp\/v2\/media\/15437"}],"wp:attachment":[{"href":"https:\/\/newsinfoco.com.br\/inicio\/wp-json\/wp\/v2\/media?parent=20496"}],"wp:term":[{"taxonomy":"category","embeddable":true,"href":"https:\/\/newsinfoco.com.br\/inicio\/wp-json\/wp\/v2\/categories?post=20496"},{"taxonomy":"post_tag","embeddable":true,"href":"https:\/\/newsinfoco.com.br\/inicio\/wp-json\/wp\/v2\/tags?post=20496"}],"curies":[{"name":"wp","href":"https:\/\/api.w.org\/{rel}","templated":true}]}}