{"id":20507,"date":"2020-03-02T22:47:32","date_gmt":"2020-03-03T01:47:32","guid":{"rendered":"http:\/\/newsinfoco.com.br\/?p=20507"},"modified":"2020-03-02T22:47:32","modified_gmt":"2020-03-03T01:47:32","slug":"prefeito-joaquim-neto-da-posse-a-16-novos-servidores-da-saude-e-assistencia-social","status":"publish","type":"post","link":"https:\/\/newsinfoco.com.br\/inicio\/prefeito-joaquim-neto-da-posse-a-16-novos-servidores-da-saude-e-assistencia-social\/","title":{"rendered":"Prefeito Joaquim Neto d\u00e1 posse a 16 novos servidores da Sa\u00fade e Assist\u00eancia Social"},"content":{"rendered":"<p style=\"text-align: justify;\">Em cerim\u00f4nia realizada na manh\u00e3 desta segunda-feira (02), no Gabinete da Prefeitura, o prefeito Joaquim Neto deu posse a 16 novos aprovados em Processos Seletivos Simplificados, que ir\u00e3o compor o quadro de servidores do munic\u00edpio. Foram empossados os aprovados nos cargos de Auxiliar de Sa\u00fade Bucal, Enfermeiro de PSF, T\u00e9cnico de Enfermagem, Assistente Social e Coordenador.<\/p>\n<p style=\"text-align: justify;\">Os servidores empossados foram aprovados no PSS 01\/2015, da Secretaria de Sa\u00fade e no PSS 02\/2019, da Secretaria de Assist\u00eancia Social. Em seu discurso de boas-vindas, o prefeito Joaquim Neto parabenizou os candidatos e destacou a import\u00e2ncia do valoriza\u00e7\u00e3o dos servidores. \u201cAs novas posses de hoje integram a pol\u00edtica de valoriza\u00e7\u00e3o do servidor e do servi\u00e7o p\u00fablico municipal, visando garantir maior efic\u00e1cia no trabalho voltado ao desenvolvimento da cidade e em benef\u00edcio da popula\u00e7\u00e3o. Da mesma forma, todos os servidores devem ter a no\u00e7\u00e3o do compromisso com a sociedade, com o dinheiro p\u00fablico, cumprindo suas atividades pela consci\u00eancia da import\u00e2ncia de cada servi\u00e7o prestado\u201d, pontuou o prefeito.<\/p><div class=\"newsi-conteudo_19\" id=\"newsi-3971693513\"><a href=\"https:\/\/www.instagram.com\/prefeituraalagoinhas?igsh=YzgzdDJ1bWR3aWI4\" aria-label=\"SAVE_20251006_221555\"><img loading=\"lazy\" decoding=\"async\" src=\"https:\/\/newsinfoco.com.br\/inicio\/wp-content\/uploads\/2025\/10\/SAVE_20251006_221555-rotated.jpg\" alt=\"\"  srcset=\"https:\/\/newsinfoco.com.br\/inicio\/wp-content\/uploads\/2025\/10\/SAVE_20251006_221555-rotated.jpg 1140w, https:\/\/newsinfoco.com.br\/inicio\/wp-content\/uploads\/2025\/10\/SAVE_20251006_221555-300x52.jpg 300w, https:\/\/newsinfoco.com.br\/inicio\/wp-content\/uploads\/2025\/10\/SAVE_20251006_221555-1024x177.jpg 1024w, https:\/\/newsinfoco.com.br\/inicio\/wp-content\/uploads\/2025\/10\/SAVE_20251006_221555-768x133.jpg 768w, https:\/\/newsinfoco.com.br\/inicio\/wp-content\/uploads\/2025\/10\/SAVE_20251006_221555-600x104.jpg 600w, https:\/\/newsinfoco.com.br\/inicio\/wp-content\/uploads\/2025\/10\/SAVE_20251006_221555-696x120.jpg 696w, https:\/\/newsinfoco.com.br\/inicio\/wp-content\/uploads\/2025\/10\/SAVE_20251006_221555-1068x185.jpg 1068w\" sizes=\"(max-width: 1140px) 100vw, 1140px\" width=\"1140\" height=\"197\"   \/><\/a><\/div>\n<p style=\"text-align: justify;\">A mesma no\u00e7\u00e3o de seriedade e compromisso em acolher e servir \u00e0 popula\u00e7\u00e3o \u00e9 compartilhada por Williana Martins de Carvalho, uma das 10 profissionais que tomaram posse para o cargo de T\u00e9cnica de Enfermagem. \u201cEstou muito feliz com a convoca\u00e7\u00e3o, pois me encantei com a \u00e1rea da sa\u00fade quando eu ainda tinha 16 anos de idade e me esforcei muito para a aprova\u00e7\u00e3o neste processo seletivo. Agora vou ter a oportunidade de por em pr\u00e1tica toda a experi\u00eancia que obtive nesses \u00faltimos anos e darei o melhor de mim para atender \u00e0 popula\u00e7\u00e3o\u201d, afirmou.<\/p>\n<p>&nbsp;<\/p>\n<p style=\"text-align: justify;\">\n<div class='share-to-whatsapp-wrapper'><div class='share-on-whsp'>Share on: <\/div><a data-text='Prefeito Joaquim Neto d\u00e1 posse a 16 novos servidores da Sa\u00fade e Assist\u00eancia Social' data-link='https:\/\/newsinfoco.com.br\/inicio\/prefeito-joaquim-neto-da-posse-a-16-novos-servidores-da-saude-e-assistencia-social\/' class='whatsapp-button whatsapp-share'>WhatsApp<\/a><div class='clear '><\/div><\/div>","protected":false},"excerpt":{"rendered":"<p>Em cerim\u00f4nia realizada na manh\u00e3 desta segunda-feira (02), no Gabinete da Prefeitura, o prefeito Joaquim Neto deu posse a 16 novos aprovados em Processos Seletivos Simplificados, que ir\u00e3o compor o quadro de servidores do munic\u00edpio. Foram empossados os aprovados nos cargos de Auxiliar de Sa\u00fade Bucal, Enfermeiro de PSF, T\u00e9cnico de Enfermagem, Assistente Social e [&hellip;]<\/p>\n","protected":false},"author":1,"featured_media":20508,"comment_status":"open","ping_status":"open","sticky":false,"template":"","format":"standard","meta":{"om_disable_all_campaigns":false,"_exactmetrics_skip_tracking":false,"_exactmetrics_sitenote_active":false,"_exactmetrics_sitenote_note":"","_exactmetrics_sitenote_category":0,"footnotes":""},"categories":[38],"tags":[],"class_list":["post-20507","post","type-post","status-publish","format-standard","has-post-thumbnail","hentry","category-alagoinhas-e-regiao"],"aioseo_notices":[],"_links":{"self":[{"href":"https:\/\/newsinfoco.com.br\/inicio\/wp-json\/wp\/v2\/posts\/20507","targetHints":{"allow":["GET"]}}],"collection":[{"href":"https:\/\/newsinfoco.com.br\/inicio\/wp-json\/wp\/v2\/posts"}],"about":[{"href":"https:\/\/newsinfoco.com.br\/inicio\/wp-json\/wp\/v2\/types\/post"}],"author":[{"embeddable":true,"href":"https:\/\/newsinfoco.com.br\/inicio\/wp-json\/wp\/v2\/users\/1"}],"replies":[{"embeddable":true,"href":"https:\/\/newsinfoco.com.br\/inicio\/wp-json\/wp\/v2\/comments?post=20507"}],"version-history":[{"count":0,"href":"https:\/\/newsinfoco.com.br\/inicio\/wp-json\/wp\/v2\/posts\/20507\/revisions"}],"wp:featuredmedia":[{"embeddable":true,"href":"https:\/\/newsinfoco.com.br\/inicio\/wp-json\/wp\/v2\/media\/20508"}],"wp:attachment":[{"href":"https:\/\/newsinfoco.com.br\/inicio\/wp-json\/wp\/v2\/media?parent=20507"}],"wp:term":[{"taxonomy":"category","embeddable":true,"href":"https:\/\/newsinfoco.com.br\/inicio\/wp-json\/wp\/v2\/categories?post=20507"},{"taxonomy":"post_tag","embeddable":true,"href":"https:\/\/newsinfoco.com.br\/inicio\/wp-json\/wp\/v2\/tags?post=20507"}],"curies":[{"name":"wp","href":"https:\/\/api.w.org\/{rel}","templated":true}]}}