{"id":20510,"date":"2020-03-02T22:56:42","date_gmt":"2020-03-03T01:56:42","guid":{"rendered":"http:\/\/newsinfoco.com.br\/?p=20510"},"modified":"2020-03-02T22:56:42","modified_gmt":"2020-03-03T01:56:42","slug":"projeto-arca-de-noe-estimula-o-desenvolvimento-de-jovens-e-adolescentes-com-atividades-realizadas-no-sitio-da-pastoral-do-menor-reaberto-com-apoio-da-prefeitura","status":"publish","type":"post","link":"https:\/\/newsinfoco.com.br\/inicio\/projeto-arca-de-noe-estimula-o-desenvolvimento-de-jovens-e-adolescentes-com-atividades-realizadas-no-sitio-da-pastoral-do-menor-reaberto-com-apoio-da-prefeitura\/","title":{"rendered":"Projeto Arca de No\u00e9 estimula o desenvolvimento de jovens e adolescentes com atividades realizadas no S\u00edtio da Pastoral do Menor, reaberto com apoio da Prefeitura"},"content":{"rendered":"<p style=\"text-align: justify;\">O S\u00edtio da Pastoral do Menor, localizado na BR 101, foi reaberto para atividades nesta segunda-feira (2), quando o secret\u00e1rio municipal de educa\u00e7\u00e3o, Jean Afonso, a subsecret\u00e1ria Keite Lima, estudantes, representantes das comunidades locais e membros da Pastoral do Menor se reuniram para a retomada do Projeto Arca de No\u00e9, que estimula o desenvolvimento de jovens e adolescentes atrav\u00e9s de atividades de complemento educacional, dan\u00e7a, m\u00fasica, teatro e esporte, realizadas no contraturno das aulas regulares<\/p>\n<p style=\"text-align: justify;\">O projeto, que contempla mais de 160 estudantes, ser\u00e1 realizado por meio de um termo de fomento firmado entre Prefeitura e Pastoral do Menor de Alagoinhas. \u201cSem o apoio da SEDUC, a gente n\u00e3o teria condi\u00e7\u00f5es de fazer\u201d, pontuou Maria Divaneide Rodrigues Rabelo, da institui\u00e7\u00e3o. Segundo ela, por solicita\u00e7\u00e3o da Secretaria Municipal de Educa\u00e7\u00e3o (SEDUC), o Projeto Arca de No\u00e9 oferece ainda refor\u00e7o escolar de Portugu\u00eas e Matem\u00e1tica. \u201cApesar da gente n\u00e3o fazer dever de casa, a gente utiliza ferramentas para estimular o desenvolvimento nessas \u00e1reas. Temos tamb\u00e9m dan\u00e7a, m\u00fasica, teatro e esporte, de 8h at\u00e9 as 17h\u201d, explicou Maria Divaneide. \u201cCrian\u00e7a precisa de lazer, de escola, de educa\u00e7\u00e3o, al\u00e9m da educa\u00e7\u00e3o formal. E entendemos que a gente traz atividades que, na vida desse menino, dessa menina, v\u00e3o fazer uma grande diferen\u00e7a l\u00e1 na frente\u201d, completou a representante da Pastoral.<\/p><div class=\"newsi-conteudo_19\" id=\"newsi-3939302856\"><a href=\"https:\/\/www.instagram.com\/prefeituraalagoinhas?igsh=YzgzdDJ1bWR3aWI4\" aria-label=\"SAVE_20251006_221555\"><img loading=\"lazy\" decoding=\"async\" src=\"https:\/\/newsinfoco.com.br\/inicio\/wp-content\/uploads\/2025\/10\/SAVE_20251006_221555-rotated.jpg\" alt=\"\"  srcset=\"https:\/\/newsinfoco.com.br\/inicio\/wp-content\/uploads\/2025\/10\/SAVE_20251006_221555-rotated.jpg 1140w, https:\/\/newsinfoco.com.br\/inicio\/wp-content\/uploads\/2025\/10\/SAVE_20251006_221555-300x52.jpg 300w, https:\/\/newsinfoco.com.br\/inicio\/wp-content\/uploads\/2025\/10\/SAVE_20251006_221555-1024x177.jpg 1024w, https:\/\/newsinfoco.com.br\/inicio\/wp-content\/uploads\/2025\/10\/SAVE_20251006_221555-768x133.jpg 768w, https:\/\/newsinfoco.com.br\/inicio\/wp-content\/uploads\/2025\/10\/SAVE_20251006_221555-600x104.jpg 600w, https:\/\/newsinfoco.com.br\/inicio\/wp-content\/uploads\/2025\/10\/SAVE_20251006_221555-696x120.jpg 696w, https:\/\/newsinfoco.com.br\/inicio\/wp-content\/uploads\/2025\/10\/SAVE_20251006_221555-1068x185.jpg 1068w\" sizes=\"(max-width: 1140px) 100vw, 1140px\" width=\"1140\" height=\"197\"   \/><\/a><\/div>\n<p style=\"text-align: justify;\">O secret\u00e1rio Jean Afonso, que esteve no local, refor\u00e7ou o compromisso com a Educa\u00e7\u00e3o e a preocupa\u00e7\u00e3o latente da SEDUC em oferecer, aos estudantes da rede municipal, um ensino de qualidade em todas as \u00e1reas.<\/p>\n<p style=\"text-align: justify;\">Para o presidente da Associa\u00e7\u00e3o Comunit\u00e1ria da Espuma, Ailton Alves, o projeto cumpre tamb\u00e9m um papel social importante. \u201cPercebi aqui na comunidade o \u00edndice de crian\u00e7as indo para o mundo das drogas e bastante vulnerabilidade. Esse projeto veio a calhar, porque, durante a semana, esses jovens e adolescentes v\u00e3o ser acompanhados [\u2026]. Desde que fechou a Pastoral aqui [na BR 101], nunca houve um projeto dessa magnitude\u201d, ressaltou Alves, que avaliou positivamente a iniciativa.<\/p>\n<p style=\"text-align: justify;\">M\u00e3e de Maria Eduarda, de 10 anos, Clemildes dos Santos tamb\u00e9m aprovou o Projeto Arca de No\u00e9 e a parceria firmada com a Prefeitura. \u201cEsse projeto \u00e9 muito bom pra comunidade, maravilhoso. Depois que isso aqui fechou, a gente achou que nunca mais ia realizar o sonho que est\u00e1 acontecendo agora. N\u00f3s todos estamos gostando\u201d, relatou a moradora.<\/p>\n<p style=\"text-align: justify;\">O termo de fomento celebrado mediante realiza\u00e7\u00e3o de chamamento p\u00fablico \u00e9 da ordem de R$ 116.000,00. O documento est\u00e1 dispon\u00edvel em Di\u00e1rio Oficial do Munic\u00edpio.<\/p>\n<div class='share-to-whatsapp-wrapper'><div class='share-on-whsp'>Share on: <\/div><a data-text='Projeto Arca de No\u00e9 estimula o desenvolvimento de jovens e adolescentes com atividades realizadas no S\u00edtio da Pastoral do Menor, reaberto com apoio da Prefeitura' data-link='https:\/\/newsinfoco.com.br\/inicio\/projeto-arca-de-noe-estimula-o-desenvolvimento-de-jovens-e-adolescentes-com-atividades-realizadas-no-sitio-da-pastoral-do-menor-reaberto-com-apoio-da-prefeitura\/' class='whatsapp-button whatsapp-share'>WhatsApp<\/a><div class='clear '><\/div><\/div>","protected":false},"excerpt":{"rendered":"<p>O S\u00edtio da Pastoral do Menor, localizado na BR 101, foi reaberto para atividades nesta segunda-feira (2), quando o secret\u00e1rio municipal de educa\u00e7\u00e3o, Jean Afonso, a subsecret\u00e1ria Keite Lima, estudantes, representantes das comunidades locais e membros da Pastoral do Menor se reuniram para a retomada do Projeto Arca de No\u00e9, que estimula o desenvolvimento de [&hellip;]<\/p>\n","protected":false},"author":1,"featured_media":20511,"comment_status":"open","ping_status":"open","sticky":false,"template":"","format":"standard","meta":{"om_disable_all_campaigns":false,"_exactmetrics_skip_tracking":false,"_exactmetrics_sitenote_active":false,"_exactmetrics_sitenote_note":"","_exactmetrics_sitenote_category":0,"footnotes":""},"categories":[38],"tags":[],"class_list":["post-20510","post","type-post","status-publish","format-standard","has-post-thumbnail","hentry","category-alagoinhas-e-regiao"],"aioseo_notices":[],"_links":{"self":[{"href":"https:\/\/newsinfoco.com.br\/inicio\/wp-json\/wp\/v2\/posts\/20510","targetHints":{"allow":["GET"]}}],"collection":[{"href":"https:\/\/newsinfoco.com.br\/inicio\/wp-json\/wp\/v2\/posts"}],"about":[{"href":"https:\/\/newsinfoco.com.br\/inicio\/wp-json\/wp\/v2\/types\/post"}],"author":[{"embeddable":true,"href":"https:\/\/newsinfoco.com.br\/inicio\/wp-json\/wp\/v2\/users\/1"}],"replies":[{"embeddable":true,"href":"https:\/\/newsinfoco.com.br\/inicio\/wp-json\/wp\/v2\/comments?post=20510"}],"version-history":[{"count":0,"href":"https:\/\/newsinfoco.com.br\/inicio\/wp-json\/wp\/v2\/posts\/20510\/revisions"}],"wp:featuredmedia":[{"embeddable":true,"href":"https:\/\/newsinfoco.com.br\/inicio\/wp-json\/wp\/v2\/media\/20511"}],"wp:attachment":[{"href":"https:\/\/newsinfoco.com.br\/inicio\/wp-json\/wp\/v2\/media?parent=20510"}],"wp:term":[{"taxonomy":"category","embeddable":true,"href":"https:\/\/newsinfoco.com.br\/inicio\/wp-json\/wp\/v2\/categories?post=20510"},{"taxonomy":"post_tag","embeddable":true,"href":"https:\/\/newsinfoco.com.br\/inicio\/wp-json\/wp\/v2\/tags?post=20510"}],"curies":[{"name":"wp","href":"https:\/\/api.w.org\/{rel}","templated":true}]}}