{"id":20513,"date":"2020-03-02T23:04:17","date_gmt":"2020-03-03T02:04:17","guid":{"rendered":"http:\/\/newsinfoco.com.br\/?p=20513"},"modified":"2020-03-02T23:04:17","modified_gmt":"2020-03-03T02:04:17","slug":"todos-por-elas-agenda-do-marco-mulher-e-lancada-e-tera-acoes-ate-o-dia-27","status":"publish","type":"post","link":"https:\/\/newsinfoco.com.br\/inicio\/todos-por-elas-agenda-do-marco-mulher-e-lancada-e-tera-acoes-ate-o-dia-27\/","title":{"rendered":"\u201cTodos por Elas\u201d: Agenda do Mar\u00e7o Mulher \u00e9 lan\u00e7ada e ter\u00e1 a\u00e7\u00f5es at\u00e9 o dia 27"},"content":{"rendered":"<p style=\"text-align: justify;\">Com o tema central \u201cTodos por Elas\u201d, palestras, oficinas, blitz, rodas de conversas, sarau, exibi\u00e7\u00e3o de filmes e capacita\u00e7\u00f5es para dialogar sobre empoderamento, combate \u00e0 viol\u00eancia de g\u00eanero e enfrentamento do ass\u00e9dio moral e sexual ser\u00e3o promovidos at\u00e9 o dia 27 de mar\u00e7o pela Rede de Prote\u00e7\u00e3o \u00e0 Mulher do Munic\u00edpio de Alagoinhas. As a\u00e7\u00f5es marcam a programa\u00e7\u00e3o do Mar\u00e7o Mulher 2020, que foi lan\u00e7ada, oficialmente, na tarde desta segunda-feira(02), em evento no Centro de Refer\u00eancia de Atendimento \u00e0 Mulher (CRAM).<\/p>\n<p style=\"text-align: justify;\">O momento contou com as presen\u00e7as da vice-prefeita, Iraci Gama, da representante da Secretaria de Pol\u00edticas para as Mulheres da Bahia, Uiara Lopes e de membros das organiza\u00e7\u00f5es que fazem parte da Rede de Prote\u00e7\u00e3o \u00e0 Mulher, o secret\u00e1rio de Assist\u00eancia Social (SEMAS), Alfredo Menezes, a comandante da Guarda Municipal e coordenadora da Patrulha Maria da Penha, Renata Fortaleza, a Diretora de Inclus\u00e3o da Semas, Leidiane Rocha, a Coordenadora Municipal de Pol\u00edticas para as Mulheres, Cristiane Nascimento, a presidente do Conselho Municipal de Defesa do Direito das Mulheres (CONDEDIM), Juci Cardoso, Gilbert Santos, do Minist\u00e9rio P\u00fablico, Camile Alves e Nat\u00e1lia Castelucci, da Defensoria P\u00fablica, Capit\u00e3 Auren\u00edvea Peixoto, do 4\u00ba Batalh\u00e3o e Maur\u00edcio Souza, representando a 2\u00aa Vara Crime.<\/p><div class=\"newsi-conteudo_19\" id=\"newsi-4263919290\"><a href=\"https:\/\/www.instagram.com\/prefeituraalagoinhas?igsh=YzgzdDJ1bWR3aWI4\" aria-label=\"SAVE_20251006_221555\"><img loading=\"lazy\" decoding=\"async\" src=\"https:\/\/newsinfoco.com.br\/inicio\/wp-content\/uploads\/2025\/10\/SAVE_20251006_221555-rotated.jpg\" alt=\"\"  srcset=\"https:\/\/newsinfoco.com.br\/inicio\/wp-content\/uploads\/2025\/10\/SAVE_20251006_221555-rotated.jpg 1140w, https:\/\/newsinfoco.com.br\/inicio\/wp-content\/uploads\/2025\/10\/SAVE_20251006_221555-300x52.jpg 300w, https:\/\/newsinfoco.com.br\/inicio\/wp-content\/uploads\/2025\/10\/SAVE_20251006_221555-1024x177.jpg 1024w, https:\/\/newsinfoco.com.br\/inicio\/wp-content\/uploads\/2025\/10\/SAVE_20251006_221555-768x133.jpg 768w, https:\/\/newsinfoco.com.br\/inicio\/wp-content\/uploads\/2025\/10\/SAVE_20251006_221555-600x104.jpg 600w, https:\/\/newsinfoco.com.br\/inicio\/wp-content\/uploads\/2025\/10\/SAVE_20251006_221555-696x120.jpg 696w, https:\/\/newsinfoco.com.br\/inicio\/wp-content\/uploads\/2025\/10\/SAVE_20251006_221555-1068x185.jpg 1068w\" sizes=\"(max-width: 1140px) 100vw, 1140px\" width=\"1140\" height=\"197\"   \/><\/a><\/div>\n<p style=\"text-align: justify;\">No Dia Internacional da Mulher, 8 de mar\u00e7o, haver\u00e1 uma celebra\u00e7\u00e3o da data na Pra\u00e7a Rui Barbosa, com atividades l\u00fadicas e continuidade das a\u00e7\u00f5es da Feira da Sa\u00fade da Mulher, promovida pela Secretaria Municipal de Sa\u00fade (SESAU).<\/p>\n<p style=\"text-align: justify;\"><strong>Confira a programa\u00e7\u00e3o completa:<\/strong><\/p>\n<table>\n<tbody>\n<tr>\n<td width=\"100\"><strong>DATA<\/strong><\/td>\n<td width=\"210\"><strong>ATIVIDADE<\/strong><\/td>\n<td width=\"189\"><strong>LOCAL<\/strong><\/td>\n<td width=\"76\"><strong>HOR\u00c1RIO<\/strong><\/td>\n<\/tr>\n<tr>\n<td width=\"100\">04\/03<\/td>\n<td width=\"210\">Palestra sobre viol\u00eancia\u00a0 e apresenta\u00e7\u00e3o da Rede de Prote\u00e7\u00e3o \u00e0 Mulher do Munic\u00edpio<\/td>\n<td width=\"189\">Empresa Naturalle<\/td>\n<td width=\"76\">7h<\/td>\n<\/tr>\n<tr>\n<td width=\"100\">04\/03<\/td>\n<td width=\"210\">Palestra -Escola<\/td>\n<td width=\"189\">Narandiba<\/td>\n<td width=\"76\">8h30<\/td>\n<\/tr>\n<tr>\n<td width=\"100\">07\/03<\/td>\n<td width=\"210\">RODA DE CONVERSA<\/td>\n<td width=\"189\">Col\u00e9gio S\u00e3o Francisco<\/td>\n<td width=\"76\">9h30<\/td>\n<\/tr>\n<tr>\n<td width=\"100\">08\/03<\/td>\n<td width=\"210\">Aul\u00e3o e Feira da Sa\u00fade da Mulher<\/td>\n<td width=\"189\">Pra\u00e7a Rui Barbosa<\/td>\n<td width=\"76\">7h<\/td>\n<\/tr>\n<tr>\n<td width=\"100\">09\/03<\/td>\n<td width=\"210\"><\/td>\n<td width=\"189\">ASSOCIA\u00c7\u00c3O DO CATUZINHO<\/td>\n<td width=\"76\">14h<\/td>\n<\/tr>\n<tr>\n<td width=\"100\">10\/03<\/td>\n<td width=\"210\">OFICINA DE CUIDADOS\/SENAC<\/td>\n<td width=\"189\">CRAS RIACHO DA GUIA<\/td>\n<td width=\"76\">\u00a0A definir<\/td>\n<\/tr>\n<tr>\n<td width=\"100\">12\/03<\/td>\n<td width=\"210\">Roda de Conversa<\/td>\n<td width=\"189\">Col\u00e9gio Lu\u00eds Eduardo Magalh\u00e3es<\/td>\n<td width=\"76\">7h<\/td>\n<\/tr>\n<tr>\n<td width=\"100\">12\/03<\/td>\n<td width=\"210\">Semin\u00e1rio<\/td>\n<td width=\"189\">UNEB<\/td>\n<td width=\"76\">O dia todo<\/td>\n<\/tr>\n<tr>\n<td width=\"100\">14\/03<\/td>\n<td width=\"210\">BLITZ<\/td>\n<td width=\"189\">Estacionamento da Prefeitura<\/td>\n<td width=\"76\">8h<\/td>\n<\/tr>\n<tr>\n<td width=\"100\">16\/03<\/td>\n<td width=\"210\">OFICINA DE DIREITOS DAS MULHERES<\/td>\n<td width=\"189\">CRAS BOA UNI\u00c3O<\/td>\n<td width=\"76\">8h<\/td>\n<\/tr>\n<tr>\n<td width=\"100\">18\/03<\/td>\n<td width=\"210\">CAPACITA\u00c7\u00c3O PARA A REDE DE PROTE\u00c7\u00c3O<\/td>\n<td width=\"189\">TEATRO DA PRA\u00c7A DO CEU<\/td>\n<td width=\"76\">13h \u00c0S 17h<\/td>\n<\/tr>\n<tr>\n<td width=\"100\">21\/03<\/td>\n<td width=\"210\">Roda de conversa<\/p>\n<p>&nbsp;<\/td>\n<td width=\"189\">E- Parking<\/td>\n<td width=\"76\">8h<\/td>\n<\/tr>\n<tr>\n<td width=\"100\">23\/03<\/td>\n<td width=\"210\">MULHERES EM A\u00c7\u00c3O<\/td>\n<td width=\"189\">ASSOCIA\u00c7\u00c3O DO CANGU<br \/>\nLA<\/td>\n<td width=\"76\">14h<\/td>\n<\/tr>\n<tr>\n<td width=\"100\">25\/03<\/td>\n<td width=\"210\">Cinema em comunidade: Discutindo Viol\u00eancia de G\u00eanero e Suas interconex\u00f5es<\/p>\n<p>&nbsp;<\/td>\n<td width=\"189\">A definir<\/td>\n<td width=\"76\">14h<\/td>\n<\/tr>\n<tr>\n<td width=\"100\">26\/03<\/td>\n<td width=\"210\">OFICINA DE DIREITOS DAS MULHERES<\/td>\n<td width=\"189\">CRAS NOVA BRASILIA<\/td>\n<td width=\"76\">O dia todo<\/td>\n<\/tr>\n<tr>\n<td width=\"100\">27\/03<\/td>\n<td width=\"210\">Sarau \u2013 As mulheres n\u00e3o silenciam<\/p>\n<p>&nbsp;<\/td>\n<td width=\"189\">Casa do Poeta \u2013 Mercado do Artes\u00e3o<\/td>\n<td width=\"76\">17h30<\/td>\n<\/tr>\n<\/tbody>\n<\/table>\n<p style=\"text-align: justify;\">\n<div class='share-to-whatsapp-wrapper'><div class='share-on-whsp'>Share on: <\/div><a data-text='\u201cTodos por Elas\u201d: Agenda do Mar\u00e7o Mulher \u00e9 lan\u00e7ada e ter\u00e1 a\u00e7\u00f5es at\u00e9 o dia 27' data-link='https:\/\/newsinfoco.com.br\/inicio\/todos-por-elas-agenda-do-marco-mulher-e-lancada-e-tera-acoes-ate-o-dia-27\/' class='whatsapp-button whatsapp-share'>WhatsApp<\/a><div class='clear '><\/div><\/div>","protected":false},"excerpt":{"rendered":"<p>Com o tema central \u201cTodos por Elas\u201d, palestras, oficinas, blitz, rodas de conversas, sarau, exibi\u00e7\u00e3o de filmes e capacita\u00e7\u00f5es para dialogar sobre empoderamento, combate \u00e0 viol\u00eancia de g\u00eanero e enfrentamento do ass\u00e9dio moral e sexual ser\u00e3o promovidos at\u00e9 o dia 27 de mar\u00e7o pela Rede de Prote\u00e7\u00e3o \u00e0 Mulher do Munic\u00edpio de Alagoinhas. As a\u00e7\u00f5es [&hellip;]<\/p>\n","protected":false},"author":1,"featured_media":0,"comment_status":"open","ping_status":"open","sticky":false,"template":"","format":"standard","meta":{"om_disable_all_campaigns":false,"_exactmetrics_skip_tracking":false,"_exactmetrics_sitenote_active":false,"_exactmetrics_sitenote_note":"","_exactmetrics_sitenote_category":0,"footnotes":""},"categories":[38],"tags":[],"class_list":["post-20513","post","type-post","status-publish","format-standard","hentry","category-alagoinhas-e-regiao"],"aioseo_notices":[],"_links":{"self":[{"href":"https:\/\/newsinfoco.com.br\/inicio\/wp-json\/wp\/v2\/posts\/20513","targetHints":{"allow":["GET"]}}],"collection":[{"href":"https:\/\/newsinfoco.com.br\/inicio\/wp-json\/wp\/v2\/posts"}],"about":[{"href":"https:\/\/newsinfoco.com.br\/inicio\/wp-json\/wp\/v2\/types\/post"}],"author":[{"embeddable":true,"href":"https:\/\/newsinfoco.com.br\/inicio\/wp-json\/wp\/v2\/users\/1"}],"replies":[{"embeddable":true,"href":"https:\/\/newsinfoco.com.br\/inicio\/wp-json\/wp\/v2\/comments?post=20513"}],"version-history":[{"count":0,"href":"https:\/\/newsinfoco.com.br\/inicio\/wp-json\/wp\/v2\/posts\/20513\/revisions"}],"wp:attachment":[{"href":"https:\/\/newsinfoco.com.br\/inicio\/wp-json\/wp\/v2\/media?parent=20513"}],"wp:term":[{"taxonomy":"category","embeddable":true,"href":"https:\/\/newsinfoco.com.br\/inicio\/wp-json\/wp\/v2\/categories?post=20513"},{"taxonomy":"post_tag","embeddable":true,"href":"https:\/\/newsinfoco.com.br\/inicio\/wp-json\/wp\/v2\/tags?post=20513"}],"curies":[{"name":"wp","href":"https:\/\/api.w.org\/{rel}","templated":true}]}}