{"id":20530,"date":"2020-03-05T18:40:28","date_gmt":"2020-03-05T21:40:28","guid":{"rendered":"http:\/\/newsinfoco.com.br\/?p=20530"},"modified":"2020-03-05T18:40:28","modified_gmt":"2020-03-05T21:40:28","slug":"oposicao-derruba-projeto-de-emprestimo-de-r-15-milhoes-e-impoe-derrota-ao-prefeito-joaquim-neto","status":"publish","type":"post","link":"https:\/\/newsinfoco.com.br\/inicio\/oposicao-derruba-projeto-de-emprestimo-de-r-15-milhoes-e-impoe-derrota-ao-prefeito-joaquim-neto\/","title":{"rendered":"Oposi\u00e7\u00e3o derruba projeto de empr\u00e9stimo de R$ 15 milh\u00f5es e imp\u00f5e derrota ao prefeito Joaquim Neto"},"content":{"rendered":"<p style=\"text-align: justify;\">O prefeito de Alagoinhas Joaquim Neto sofreu uma derrota que n\u00e3o estava na conta. O projeto do Executivo que previa um empr\u00e9stimo de R$ 15 milh\u00f5es foi derrubado pela oposi\u00e7\u00e3o por 8 X 7, e teve v\u00e1rios cap\u00edtulos que marcaram a vota\u00e7\u00e3o.<\/p>\n<p style=\"text-align: justify;\">Com a galeria lotada, presen\u00e7a de seis secret\u00e1rios, diretores e coordenadores de diversas \u00e1reas da administra\u00e7\u00e3o, o Executivo dava como certa a aprova\u00e7\u00e3o do projeto, mas foi atropelado por um voto dissidente, o do pastor Lins, que foi a cereja do bolo da oposi\u00e7\u00e3o, al\u00e9m da aus\u00eancia injustificada do vereador Gode, que faz parte da bancada de Governo.<\/p><div class=\"newsi-conteudo_19\" id=\"newsi-179884953\"><a href=\"https:\/\/www.instagram.com\/prefeituraalagoinhas?igsh=YzgzdDJ1bWR3aWI4\" aria-label=\"SAVE_20251006_221555\"><img loading=\"lazy\" decoding=\"async\" src=\"https:\/\/newsinfoco.com.br\/inicio\/wp-content\/uploads\/2025\/10\/SAVE_20251006_221555-rotated.jpg\" alt=\"\"  srcset=\"https:\/\/newsinfoco.com.br\/inicio\/wp-content\/uploads\/2025\/10\/SAVE_20251006_221555-rotated.jpg 1140w, https:\/\/newsinfoco.com.br\/inicio\/wp-content\/uploads\/2025\/10\/SAVE_20251006_221555-300x52.jpg 300w, https:\/\/newsinfoco.com.br\/inicio\/wp-content\/uploads\/2025\/10\/SAVE_20251006_221555-1024x177.jpg 1024w, https:\/\/newsinfoco.com.br\/inicio\/wp-content\/uploads\/2025\/10\/SAVE_20251006_221555-768x133.jpg 768w, https:\/\/newsinfoco.com.br\/inicio\/wp-content\/uploads\/2025\/10\/SAVE_20251006_221555-600x104.jpg 600w, https:\/\/newsinfoco.com.br\/inicio\/wp-content\/uploads\/2025\/10\/SAVE_20251006_221555-696x120.jpg 696w, https:\/\/newsinfoco.com.br\/inicio\/wp-content\/uploads\/2025\/10\/SAVE_20251006_221555-1068x185.jpg 1068w\" sizes=\"(max-width: 1140px) 100vw, 1140px\" width=\"1140\" height=\"197\"   \/><\/a><\/div>\n<p style=\"text-align: justify;\">A oposi\u00e7\u00e3o foi mais r\u00e1pida, intr\u00e9pida e agiu mais r\u00e1pido do que o Executivo, que tinha a m\u00e1quina na m\u00e3o, mas n\u00e3o tinha articula\u00e7\u00e3o suficiente para aprovar o projeto.<\/p>\n<p style=\"text-align: justify;\">Na \u00faltima ter\u00e7a-feira (3), a C\u00e2mara Municipal realizou uma audi\u00eancia p\u00fablica, onde os secret\u00e1rios da Fazenda e Secin apresentaram suas justificativas para a aprova\u00e7\u00e3o do projeto \u00e0 comunidade, tendo muitos opositores presentes.<\/p>\n<p style=\"text-align: justify;\">Hoje (5), o plen\u00e1rio da C\u00e2mara estava lotado e a expectativa era pela aprova\u00e7\u00e3o. Com a aus\u00eancia do vereador Gode e com o voto desfavor\u00e1vel do vereador pastor Lins, o projeto foi derrubado e ser\u00e1 arquivado. A oposi\u00e7\u00e3o comemorou o resultado, mesmo com um placar inesperado.<\/p>\n<p style=\"text-align: justify;\">Os vereadores Luciano Almeida, Luciano S\u00e9rgio, Darlan Lucena, Caio Ramos, Anderson Baqueiro, Pastor Lins, Thor de Ninha e Jo\u00e3o Henrique votaram contra, totalizando 8. Os vereador Gilson Guimar\u00e3es, Jos\u00e9 Cleto, Raimunda Flor\u00eancio, Edilson Ferreira (Duy do Frango), Juracy Nascimento, Noberto Alves (Beb\u00e9) e Ozeas Menezes, votaram favoravelmente ao projeto, totalizando 7, insuficientes para a aprova\u00e7\u00e3o.<\/p>\n<p style=\"text-align: justify;\"><strong>Sobrou articula\u00e7\u00e3o, mas faltou confian\u00e7a<\/strong><\/p>\n<p style=\"text-align: justify;\">As palavras do vereador Pastor Lins \u00e0 imprensa ao final da vota\u00e7\u00e3o resumem a derrota do prefeito Joaquim Neto. \u201cEu falei que n\u00e3o \u00e9 assim que se trata um vereador\u201d, em alus\u00e3o ao tratamento dispensado pela administra\u00e7\u00e3o ao seu mandato.<\/p>\n<p style=\"text-align: justify;\">A oposi\u00e7\u00e3o fez sua parte. Convocou audi\u00eancia p\u00fablica, foi aos ve\u00edculos de comunica\u00e7\u00e3o e convenceu aos seus pares da inviabilidade de o munic\u00edpio contrair mais um empr\u00e9stimo, endividando os cofres p\u00fablicos para o pr\u00f3ximo gestor, mesmo com um ano de car\u00eancia.<\/p>\n<p style=\"text-align: justify;\">Os secret\u00e1rios Gustavo Carmo (Comunica\u00e7\u00e3o e Governo), Jorge da Farinha (Institucional) e Jess\u00e9 Bicodepena foram os respons\u00e1veis pela articula\u00e7\u00e3o junto ao Legislativo, mas surtiu infrut\u00edferos diante dos argumentos e da press\u00e3o da oposi\u00e7\u00e3o.<\/p>\n<p style=\"text-align: justify;\"><strong>Governo Joaquim tem lideran\u00e7a fraca e inconsistente<\/strong><\/p>\n<p style=\"text-align: justify;\">A lideran\u00e7a do vereador Jos\u00e9 Cleto, \u00e0 frente da bancada Governista, se mostrou mais fr\u00e1gil do que nunca. A aus\u00eancia do vereador Gode deixou a C\u00e2mara em suspense, mas nem o l\u00edder nem os demais membros da bancada sabiam onde o vereador se encontrava.<\/p>\n<p style=\"text-align: justify;\">Cleto n\u00e3o agrupa, conversa demais e n\u00e3o tem consist\u00eancia de aglutina\u00e7\u00e3o. Sua lideran\u00e7a \u00e9 contestava, mas sobrava o vereador Gilson Guimar\u00e3es, tamb\u00e9m inconsistente em seus argumentos. Os demais se mantiveram calados do in\u00edcio ao final da sess\u00e3o. Ningu\u00e9m queria se comprometer em falar algo que viesse a depor contra seu mandato e seu eleitorado no futuro pr\u00f3ximo.<\/p>\n<p style=\"text-align: justify;\">O desaparecimento do vereador Gode lembrou vota\u00e7\u00f5es do passado, quando um vereador, que teria voto decisivo na C\u00e2mara, desapareceu da cidade. Foi visto em Salvador, almo\u00e7ando com a fam\u00edlia. Ainda n\u00e3o se sabe o paradeiro de Gode e o porque de sua aus\u00eancia.<\/p>\n<p style=\"text-align: justify;\"><strong>Vereador Roberto Torres se exime da responsabilidade de aprova\u00e7\u00e3o<\/strong><\/p>\n<p style=\"text-align: justify;\">Se o prefeito Joaquim Neto saiu derrotado na vota\u00e7\u00e3o, o vereador Roberto Torres, presidente da C\u00e2mara, saiu vitorioso. Caso tivesse o voto do vereador Gode e o processo ficasse empatado, como era previsto, o voto de minerva do presidente da casa seria decisivo.<\/p>\n<p style=\"text-align: justify;\">Como n\u00e3o foi necess\u00e1rio, pois a vota\u00e7\u00e3o ficou em 8 X 7, Roberto Torres tirou um peso das costas, pois, mesmo com total independ\u00eancia e sabendo do \u00f4nus que arcaria, seu voto seria favor\u00e1vel ao projeto.<\/p>\n<p style=\"text-align: justify;\">Com a vota\u00e7\u00e3o favor\u00e1vel \u00e0 oposi\u00e7\u00e3o, o vereador Roberto Torres saiu fortalecido politicamente, mas desconfort\u00e1vel perante o grupo joaquinista, que ter\u00e1 que rever seu projeto de reelei\u00e7\u00e3o.<\/p>\n<p style=\"text-align: justify;\"><strong>Aprova\u00e7\u00e3o seria importante, mas em ano de elei\u00e7\u00e3o o jogo virou<\/strong><\/p>\n<p style=\"text-align: justify;\">A elei\u00e7\u00e3o em Alagoinhas foi colocada na bandeja durante o processo de vota\u00e7\u00e3o do projeto que garantiria ao prefeito Joaquim Neto um volume de recursos de R$ 15 milh\u00f5es e mais R$ 15 milh\u00f5es j\u00e1 assegurados por ele na consolida\u00e7\u00e3o de obras em bairros que nos \u00faltimos tr\u00eas anos n\u00e3o foram beneficiados.<\/p>\n<p style=\"text-align: justify;\">Por\u00e9m, em ano eleitoral, o peso da oposi\u00e7\u00e3o foi grande e imputou ao prefeito Joaquim Neto uma nova derrota, uma vez que no final do ano passado j\u00e1 havia sido derrotado em outro projeto que previa empr\u00e9stimos de R$ 35 milh\u00f5es.<\/p>\n<p style=\"text-align: justify;\">Agora, o prefeito Joaquim Neto dever\u00e1 fazer uma s\u00e9rie de mudan\u00e7as em seu corpo de secretariado, fortalecendo sua base e arrumando a casa para as elei\u00e7\u00f5es do dia 4 de outubro.<\/p>\n<p style=\"text-align: right;\">Gazetadosmunicipios<\/p>\n<p>&nbsp;<\/p>\n<p>&nbsp;<\/p>\n<div class='share-to-whatsapp-wrapper'><div class='share-on-whsp'>Share on: <\/div><a data-text='Oposi\u00e7\u00e3o derruba projeto de empr\u00e9stimo de R$ 15 milh\u00f5es e imp\u00f5e derrota ao prefeito Joaquim Neto' data-link='https:\/\/newsinfoco.com.br\/inicio\/oposicao-derruba-projeto-de-emprestimo-de-r-15-milhoes-e-impoe-derrota-ao-prefeito-joaquim-neto\/' class='whatsapp-button whatsapp-share'>WhatsApp<\/a><div class='clear '><\/div><\/div>","protected":false},"excerpt":{"rendered":"<p>O prefeito de Alagoinhas Joaquim Neto sofreu uma derrota que n\u00e3o estava na conta. O projeto do Executivo que previa um empr\u00e9stimo de R$ 15 milh\u00f5es foi derrubado pela oposi\u00e7\u00e3o por 8 X 7, e teve v\u00e1rios cap\u00edtulos que marcaram a vota\u00e7\u00e3o. Com a galeria lotada, presen\u00e7a de seis secret\u00e1rios, diretores e coordenadores de diversas [&hellip;]<\/p>\n","protected":false},"author":1,"featured_media":12659,"comment_status":"open","ping_status":"open","sticky":false,"template":"","format":"standard","meta":{"om_disable_all_campaigns":false,"_exactmetrics_skip_tracking":false,"_exactmetrics_sitenote_active":false,"_exactmetrics_sitenote_note":"","_exactmetrics_sitenote_category":0,"footnotes":""},"categories":[38],"tags":[],"class_list":["post-20530","post","type-post","status-publish","format-standard","has-post-thumbnail","hentry","category-alagoinhas-e-regiao"],"aioseo_notices":[],"_links":{"self":[{"href":"https:\/\/newsinfoco.com.br\/inicio\/wp-json\/wp\/v2\/posts\/20530","targetHints":{"allow":["GET"]}}],"collection":[{"href":"https:\/\/newsinfoco.com.br\/inicio\/wp-json\/wp\/v2\/posts"}],"about":[{"href":"https:\/\/newsinfoco.com.br\/inicio\/wp-json\/wp\/v2\/types\/post"}],"author":[{"embeddable":true,"href":"https:\/\/newsinfoco.com.br\/inicio\/wp-json\/wp\/v2\/users\/1"}],"replies":[{"embeddable":true,"href":"https:\/\/newsinfoco.com.br\/inicio\/wp-json\/wp\/v2\/comments?post=20530"}],"version-history":[{"count":0,"href":"https:\/\/newsinfoco.com.br\/inicio\/wp-json\/wp\/v2\/posts\/20530\/revisions"}],"wp:featuredmedia":[{"embeddable":true,"href":"https:\/\/newsinfoco.com.br\/inicio\/wp-json\/wp\/v2\/media\/12659"}],"wp:attachment":[{"href":"https:\/\/newsinfoco.com.br\/inicio\/wp-json\/wp\/v2\/media?parent=20530"}],"wp:term":[{"taxonomy":"category","embeddable":true,"href":"https:\/\/newsinfoco.com.br\/inicio\/wp-json\/wp\/v2\/categories?post=20530"},{"taxonomy":"post_tag","embeddable":true,"href":"https:\/\/newsinfoco.com.br\/inicio\/wp-json\/wp\/v2\/tags?post=20530"}],"curies":[{"name":"wp","href":"https:\/\/api.w.org\/{rel}","templated":true}]}}