{"id":20539,"date":"2020-03-08T18:55:48","date_gmt":"2020-03-08T21:55:48","guid":{"rendered":"http:\/\/newsinfoco.com.br\/?p=20539"},"modified":"2020-03-08T18:55:48","modified_gmt":"2020-03-08T21:55:48","slug":"congresso-prepara-reacao-ao-executivo-apos-bolsonaro-insuflar-atos-do-dia-15","status":"publish","type":"post","link":"https:\/\/newsinfoco.com.br\/inicio\/congresso-prepara-reacao-ao-executivo-apos-bolsonaro-insuflar-atos-do-dia-15\/","title":{"rendered":"Congresso prepara rea\u00e7\u00e3o ao Executivo ap\u00f3s Bolsonaro insuflar atos do dia 15"},"content":{"rendered":"<p style=\"text-align: justify;\">Sem acreditar em entendimentos, parlamentares preparam rea\u00e7\u00e3o ao Executivo em pautas do Senado e da C\u00e2mara ap\u00f3s atos do dia 15 de mar\u00e7o, cuja convoca\u00e7\u00e3o foi insuflada no s\u00e1bado (7) pelo presidente Jair Bolsonaro de s\u00e1bado. Segundo a coluna Painel, da Folha de S. Paulo, o n\u00edvel da resposta depender\u00e1 da ades\u00e3o da popula\u00e7\u00e3o aos movimentos e da for\u00e7a pol\u00edtica que Bolsonaro demonstrar\u00e1.<\/p>\n<p style=\"text-align: justify;\">Mesmo com a decis\u00e3o de parlamentares de esperar\u00a0os protestos, que t\u00eam na pauta cr\u00edticas ao Congresso e o Supremo Tribunal Federal, a falado presidente\u00a0 foi um divisor de \u00e1guas nas rela\u00e7\u00f5es com o Legislativo.<\/p><div class=\"newsi-conteudo_19\" id=\"newsi-751704730\"><a href=\"https:\/\/www.instagram.com\/prefeituraalagoinhas?igsh=YzgzdDJ1bWR3aWI4\" aria-label=\"SAVE_20251006_221555\"><img loading=\"lazy\" decoding=\"async\" src=\"https:\/\/newsinfoco.com.br\/inicio\/wp-content\/uploads\/2025\/10\/SAVE_20251006_221555-rotated.jpg\" alt=\"\"  srcset=\"https:\/\/newsinfoco.com.br\/inicio\/wp-content\/uploads\/2025\/10\/SAVE_20251006_221555-rotated.jpg 1140w, https:\/\/newsinfoco.com.br\/inicio\/wp-content\/uploads\/2025\/10\/SAVE_20251006_221555-300x52.jpg 300w, https:\/\/newsinfoco.com.br\/inicio\/wp-content\/uploads\/2025\/10\/SAVE_20251006_221555-1024x177.jpg 1024w, https:\/\/newsinfoco.com.br\/inicio\/wp-content\/uploads\/2025\/10\/SAVE_20251006_221555-768x133.jpg 768w, https:\/\/newsinfoco.com.br\/inicio\/wp-content\/uploads\/2025\/10\/SAVE_20251006_221555-600x104.jpg 600w, https:\/\/newsinfoco.com.br\/inicio\/wp-content\/uploads\/2025\/10\/SAVE_20251006_221555-696x120.jpg 696w, https:\/\/newsinfoco.com.br\/inicio\/wp-content\/uploads\/2025\/10\/SAVE_20251006_221555-1068x185.jpg 1068w\" sizes=\"(max-width: 1140px) 100vw, 1140px\" width=\"1140\" height=\"197\"   \/><\/a><\/div>\n<p style=\"text-align: justify;\">Por ter ocorrido uma semana ap\u00f3s l\u00edderes partid\u00e1rios terem atuado para pacificar a rela\u00e7\u00e3o entre os Poderes, o discurso de Bolsonaro minou ainda mais a confian\u00e7a de que ele gozava com a c\u00fapula do Congresso.<\/p>\n<div class='share-to-whatsapp-wrapper'><div class='share-on-whsp'>Share on: <\/div><a data-text='Congresso prepara rea\u00e7\u00e3o ao Executivo ap\u00f3s Bolsonaro insuflar atos do dia 15' data-link='https:\/\/newsinfoco.com.br\/inicio\/congresso-prepara-reacao-ao-executivo-apos-bolsonaro-insuflar-atos-do-dia-15\/' class='whatsapp-button whatsapp-share'>WhatsApp<\/a><div class='clear '><\/div><\/div>","protected":false},"excerpt":{"rendered":"<p>Sem acreditar em entendimentos, parlamentares preparam rea\u00e7\u00e3o ao Executivo em pautas do Senado e da C\u00e2mara ap\u00f3s atos do dia 15 de mar\u00e7o, cuja convoca\u00e7\u00e3o foi insuflada no s\u00e1bado (7) pelo presidente Jair Bolsonaro de s\u00e1bado. Segundo a coluna Painel, da Folha de S. Paulo, o n\u00edvel da resposta depender\u00e1 da ades\u00e3o da popula\u00e7\u00e3o aos [&hellip;]<\/p>\n","protected":false},"author":1,"featured_media":20540,"comment_status":"open","ping_status":"open","sticky":false,"template":"","format":"standard","meta":{"om_disable_all_campaigns":false,"_exactmetrics_skip_tracking":false,"_exactmetrics_sitenote_active":false,"_exactmetrics_sitenote_note":"","_exactmetrics_sitenote_category":0,"footnotes":""},"categories":[21],"tags":[],"class_list":["post-20539","post","type-post","status-publish","format-standard","has-post-thumbnail","hentry","category-brasil"],"aioseo_notices":[],"_links":{"self":[{"href":"https:\/\/newsinfoco.com.br\/inicio\/wp-json\/wp\/v2\/posts\/20539","targetHints":{"allow":["GET"]}}],"collection":[{"href":"https:\/\/newsinfoco.com.br\/inicio\/wp-json\/wp\/v2\/posts"}],"about":[{"href":"https:\/\/newsinfoco.com.br\/inicio\/wp-json\/wp\/v2\/types\/post"}],"author":[{"embeddable":true,"href":"https:\/\/newsinfoco.com.br\/inicio\/wp-json\/wp\/v2\/users\/1"}],"replies":[{"embeddable":true,"href":"https:\/\/newsinfoco.com.br\/inicio\/wp-json\/wp\/v2\/comments?post=20539"}],"version-history":[{"count":0,"href":"https:\/\/newsinfoco.com.br\/inicio\/wp-json\/wp\/v2\/posts\/20539\/revisions"}],"wp:featuredmedia":[{"embeddable":true,"href":"https:\/\/newsinfoco.com.br\/inicio\/wp-json\/wp\/v2\/media\/20540"}],"wp:attachment":[{"href":"https:\/\/newsinfoco.com.br\/inicio\/wp-json\/wp\/v2\/media?parent=20539"}],"wp:term":[{"taxonomy":"category","embeddable":true,"href":"https:\/\/newsinfoco.com.br\/inicio\/wp-json\/wp\/v2\/categories?post=20539"},{"taxonomy":"post_tag","embeddable":true,"href":"https:\/\/newsinfoco.com.br\/inicio\/wp-json\/wp\/v2\/tags?post=20539"}],"curies":[{"name":"wp","href":"https:\/\/api.w.org\/{rel}","templated":true}]}}