{"id":20545,"date":"2020-03-08T19:09:01","date_gmt":"2020-03-08T22:09:01","guid":{"rendered":"http:\/\/newsinfoco.com.br\/?p=20545"},"modified":"2020-03-08T19:09:01","modified_gmt":"2020-03-08T22:09:01","slug":"tce-ba-encaminha-prestacao-de-contas-de-2019-a-assembleia","status":"publish","type":"post","link":"https:\/\/newsinfoco.com.br\/inicio\/tce-ba-encaminha-prestacao-de-contas-de-2019-a-assembleia\/","title":{"rendered":"TCE-BA encaminha presta\u00e7\u00e3o de contas de 2019 \u00e0 Assembleia"},"content":{"rendered":"<p style=\"text-align: justify;\">O Tribunal de Contas do Estado da Bahia (TCE-BA) entregou, nesta \u00faltima quarta-feira (4), \u00e0 Assembleia Legislativa da Bahia (Alba), a presta\u00e7\u00e3o de contas anual. Tamb\u00e9m foi enviado o relat\u00f3rio de atividades do exerc\u00edcio 2019, em cumprimento ao que \u00e9 determinado pelo artigo 14 da Lei Complementar n\u00ba 5\/1991.<\/p>\n<p style=\"text-align: justify;\">Al\u00e9m dos resultados do controle externo, o documento mostra a s\u00edntese das atividades desenvolvidas no plano estrat\u00e9gico, a gest\u00e3o or\u00e7ament\u00e1ria e financeira, e as atividades desenvolvidas pelo Minist\u00e9rio P\u00fablico Especial junto ao TCE-BA. O relat\u00f3rio est\u00e1 dispon\u00edvel no\u00a0<a href=\"https:\/\/www.tce.ba.gov.br\/images\/noticias\/2020\/03_mar\/Presta%C3%A7%C3%A3o_de_Contas_e_Relat%C3%B3rio_de_Atividades_-_Exerc%C3%ADcio_2019.pdf\">site<\/a>\u00a0da institui\u00e7\u00e3o.<\/p><div class=\"newsi-conteudo_19\" id=\"newsi-1978187529\"><a href=\"https:\/\/www.instagram.com\/prefeituraalagoinhas?igsh=YzgzdDJ1bWR3aWI4\" aria-label=\"SAVE_20251006_221555\"><img loading=\"lazy\" decoding=\"async\" src=\"https:\/\/newsinfoco.com.br\/inicio\/wp-content\/uploads\/2025\/10\/SAVE_20251006_221555-rotated.jpg\" alt=\"\"  srcset=\"https:\/\/newsinfoco.com.br\/inicio\/wp-content\/uploads\/2025\/10\/SAVE_20251006_221555-rotated.jpg 1140w, https:\/\/newsinfoco.com.br\/inicio\/wp-content\/uploads\/2025\/10\/SAVE_20251006_221555-300x52.jpg 300w, https:\/\/newsinfoco.com.br\/inicio\/wp-content\/uploads\/2025\/10\/SAVE_20251006_221555-1024x177.jpg 1024w, https:\/\/newsinfoco.com.br\/inicio\/wp-content\/uploads\/2025\/10\/SAVE_20251006_221555-768x133.jpg 768w, https:\/\/newsinfoco.com.br\/inicio\/wp-content\/uploads\/2025\/10\/SAVE_20251006_221555-600x104.jpg 600w, https:\/\/newsinfoco.com.br\/inicio\/wp-content\/uploads\/2025\/10\/SAVE_20251006_221555-696x120.jpg 696w, https:\/\/newsinfoco.com.br\/inicio\/wp-content\/uploads\/2025\/10\/SAVE_20251006_221555-1068x185.jpg 1068w\" sizes=\"(max-width: 1140px) 100vw, 1140px\" width=\"1140\" height=\"197\"   \/><\/a><\/div>\n<div class='share-to-whatsapp-wrapper'><div class='share-on-whsp'>Share on: <\/div><a data-text='TCE-BA encaminha presta\u00e7\u00e3o de contas de 2019 \u00e0 Assembleia' data-link='https:\/\/newsinfoco.com.br\/inicio\/tce-ba-encaminha-prestacao-de-contas-de-2019-a-assembleia\/' class='whatsapp-button whatsapp-share'>WhatsApp<\/a><div class='clear '><\/div><\/div>","protected":false},"excerpt":{"rendered":"<p>O Tribunal de Contas do Estado da Bahia (TCE-BA) entregou, nesta \u00faltima quarta-feira (4), \u00e0 Assembleia Legislativa da Bahia (Alba), a presta\u00e7\u00e3o de contas anual. Tamb\u00e9m foi enviado o relat\u00f3rio de atividades do exerc\u00edcio 2019, em cumprimento ao que \u00e9 determinado pelo artigo 14 da Lei Complementar n\u00ba 5\/1991. Al\u00e9m dos resultados do controle externo, [&hellip;]<\/p>\n","protected":false},"author":1,"featured_media":19358,"comment_status":"open","ping_status":"open","sticky":false,"template":"","format":"standard","meta":{"om_disable_all_campaigns":false,"_exactmetrics_skip_tracking":false,"_exactmetrics_sitenote_active":false,"_exactmetrics_sitenote_note":"","_exactmetrics_sitenote_category":0,"footnotes":""},"categories":[19],"tags":[],"class_list":["post-20545","post","type-post","status-publish","format-standard","has-post-thumbnail","hentry","category-bahia"],"aioseo_notices":[],"_links":{"self":[{"href":"https:\/\/newsinfoco.com.br\/inicio\/wp-json\/wp\/v2\/posts\/20545","targetHints":{"allow":["GET"]}}],"collection":[{"href":"https:\/\/newsinfoco.com.br\/inicio\/wp-json\/wp\/v2\/posts"}],"about":[{"href":"https:\/\/newsinfoco.com.br\/inicio\/wp-json\/wp\/v2\/types\/post"}],"author":[{"embeddable":true,"href":"https:\/\/newsinfoco.com.br\/inicio\/wp-json\/wp\/v2\/users\/1"}],"replies":[{"embeddable":true,"href":"https:\/\/newsinfoco.com.br\/inicio\/wp-json\/wp\/v2\/comments?post=20545"}],"version-history":[{"count":0,"href":"https:\/\/newsinfoco.com.br\/inicio\/wp-json\/wp\/v2\/posts\/20545\/revisions"}],"wp:featuredmedia":[{"embeddable":true,"href":"https:\/\/newsinfoco.com.br\/inicio\/wp-json\/wp\/v2\/media\/19358"}],"wp:attachment":[{"href":"https:\/\/newsinfoco.com.br\/inicio\/wp-json\/wp\/v2\/media?parent=20545"}],"wp:term":[{"taxonomy":"category","embeddable":true,"href":"https:\/\/newsinfoco.com.br\/inicio\/wp-json\/wp\/v2\/categories?post=20545"},{"taxonomy":"post_tag","embeddable":true,"href":"https:\/\/newsinfoco.com.br\/inicio\/wp-json\/wp\/v2\/tags?post=20545"}],"curies":[{"name":"wp","href":"https:\/\/api.w.org\/{rel}","templated":true}]}}