{"id":20553,"date":"2020-03-08T19:54:59","date_gmt":"2020-03-08T22:54:59","guid":{"rendered":"http:\/\/newsinfoco.com.br\/?p=20553"},"modified":"2020-03-08T19:54:59","modified_gmt":"2020-03-08T22:54:59","slug":"prefeitura-inicia-trabalho-de-codificacao-postal-em-alagoinhas","status":"publish","type":"post","link":"https:\/\/newsinfoco.com.br\/inicio\/prefeitura-inicia-trabalho-de-codificacao-postal-em-alagoinhas\/","title":{"rendered":"Prefeitura inicia trabalho de codifica\u00e7\u00e3o postal em Alagoinhas"},"content":{"rendered":"<p style=\"text-align: justify;\">Encomendas entregues em endere\u00e7os errados ou devolvidas aos Correios, correspond\u00eancias que nunca chegam, dificuldades para contratar servi\u00e7os, para abrir um neg\u00f3cio e at\u00e9 problemas com a Receita Federal. Durante muitos anos, estes transtornos fazem parte da vida de milhares de moradores de Alagoinhas, uma realidade que ser\u00e1 transformada com a regulariza\u00e7\u00e3o do C\u00f3digo de Endere\u00e7amento Postal (CEP) do munic\u00edpio.<\/p>\n<p style=\"text-align: justify;\">A Ordem de Servi\u00e7o para o in\u00edcio da atualiza\u00e7\u00e3o da base cartogr\u00e1fica do munic\u00edpio junto aos Correios, etapa essencial para o processo, foi assinada pelo prefeito Joaquim Neto, nesta quinta-feira (05), na Secretaria de Desenvolvimento e Meio Ambiente (SEDEA), com as presen\u00e7as de secret\u00e1rios e dos presidentes \u00a0do SICOMERCIO, Benedito Vieira, da C\u00e2mara\u00a0 de Dirigentes Logista (CDL), Bruno Fagundes, da Associa\u00e7\u00e3o Comercial e Industrial (ACIA), Jos\u00e9 Carlos Garcia e de representantes da Uni\u00e3o das Associa\u00e7\u00f5es de Moradores de Alagoinhas (UAMA).<\/p><div class=\"newsi-conteudo_19\" id=\"newsi-3337879930\"><a href=\"https:\/\/www.instagram.com\/prefeituraalagoinhas?igsh=YzgzdDJ1bWR3aWI4\" aria-label=\"SAVE_20251006_221555\"><img loading=\"lazy\" decoding=\"async\" src=\"https:\/\/newsinfoco.com.br\/inicio\/wp-content\/uploads\/2025\/10\/SAVE_20251006_221555-rotated.jpg\" alt=\"\"  srcset=\"https:\/\/newsinfoco.com.br\/inicio\/wp-content\/uploads\/2025\/10\/SAVE_20251006_221555-rotated.jpg 1140w, https:\/\/newsinfoco.com.br\/inicio\/wp-content\/uploads\/2025\/10\/SAVE_20251006_221555-300x52.jpg 300w, https:\/\/newsinfoco.com.br\/inicio\/wp-content\/uploads\/2025\/10\/SAVE_20251006_221555-1024x177.jpg 1024w, https:\/\/newsinfoco.com.br\/inicio\/wp-content\/uploads\/2025\/10\/SAVE_20251006_221555-768x133.jpg 768w, https:\/\/newsinfoco.com.br\/inicio\/wp-content\/uploads\/2025\/10\/SAVE_20251006_221555-600x104.jpg 600w, https:\/\/newsinfoco.com.br\/inicio\/wp-content\/uploads\/2025\/10\/SAVE_20251006_221555-696x120.jpg 696w, https:\/\/newsinfoco.com.br\/inicio\/wp-content\/uploads\/2025\/10\/SAVE_20251006_221555-1068x185.jpg 1068w\" sizes=\"(max-width: 1140px) 100vw, 1140px\" width=\"1140\" height=\"197\"   \/><\/a><\/div>\n<p style=\"text-align: justify;\">\u201c\u00c9 uma imensa satisfa\u00e7\u00e3o termos a oportunidade de contribuir para a organiza\u00e7\u00e3o e planejamento da cidade, \u00e9 mais uma avan\u00e7o para a cidadania\u201d, enfatizou o prefeito Joaquim Neto.<\/p>\n<p style=\"text-align: justify;\">Com prazo para finaliza\u00e7\u00e3o de seis meses, na Administra\u00e7\u00e3o, os trabalhos ser\u00e3o realizados por empresa licitada por meio de preg\u00e3o eletr\u00f4nico e estar\u00e3o sob responsabilidade da Secretaria da Fazenda (SEFAZ). \u201cO problema do CEP mexe com o desenvolvimento local, dificulta a vida da popula\u00e7\u00e3o em todos os \u00e2mbitos, e esta foi uma das primeiras demandas trazidas pelas for\u00e7as empresariais e associa\u00e7\u00f5es de moradores. Ap\u00f3s conversas com Correios e visita a algumas cidade, encontramos um modelo exitoso que agora ser\u00e1 empregado para solu\u00e7\u00e3o deste problema em Alagoinhas. \u00c9 um processo que vai mexer com toda cidade e mais um legado importante da gest\u00e3o\u201d, pontuou o titular da pasta, Daniel Grave.<\/p>\n<p style=\"text-align: justify;\">\u201cSonhamos h\u00e1 muitos anos com isso e precisamos reconhecer o empenho da atual administra\u00e7\u00e3o em por fim a este sofrimento que \u00e9 a falta de numera\u00e7\u00e3o de casas, ruas com nomes duplicados e o mal atendimento dos Correios por conta da falta de CEP.\u201d, comemorou o presidente da UAMA, Hylton Batista.<\/p>\n<p style=\"text-align: justify;\">\n<div class='share-to-whatsapp-wrapper'><div class='share-on-whsp'>Share on: <\/div><a data-text='Prefeitura inicia trabalho de codifica\u00e7\u00e3o postal em Alagoinhas' data-link='https:\/\/newsinfoco.com.br\/inicio\/prefeitura-inicia-trabalho-de-codificacao-postal-em-alagoinhas\/' class='whatsapp-button whatsapp-share'>WhatsApp<\/a><div class='clear '><\/div><\/div>","protected":false},"excerpt":{"rendered":"<p>Encomendas entregues em endere\u00e7os errados ou devolvidas aos Correios, correspond\u00eancias que nunca chegam, dificuldades para contratar servi\u00e7os, para abrir um neg\u00f3cio e at\u00e9 problemas com a Receita Federal. Durante muitos anos, estes transtornos fazem parte da vida de milhares de moradores de Alagoinhas, uma realidade que ser\u00e1 transformada com a regulariza\u00e7\u00e3o do C\u00f3digo de Endere\u00e7amento [&hellip;]<\/p>\n","protected":false},"author":1,"featured_media":20554,"comment_status":"open","ping_status":"open","sticky":false,"template":"","format":"standard","meta":{"om_disable_all_campaigns":false,"_exactmetrics_skip_tracking":false,"_exactmetrics_sitenote_active":false,"_exactmetrics_sitenote_note":"","_exactmetrics_sitenote_category":0,"footnotes":""},"categories":[38],"tags":[],"class_list":["post-20553","post","type-post","status-publish","format-standard","has-post-thumbnail","hentry","category-alagoinhas-e-regiao"],"aioseo_notices":[],"_links":{"self":[{"href":"https:\/\/newsinfoco.com.br\/inicio\/wp-json\/wp\/v2\/posts\/20553","targetHints":{"allow":["GET"]}}],"collection":[{"href":"https:\/\/newsinfoco.com.br\/inicio\/wp-json\/wp\/v2\/posts"}],"about":[{"href":"https:\/\/newsinfoco.com.br\/inicio\/wp-json\/wp\/v2\/types\/post"}],"author":[{"embeddable":true,"href":"https:\/\/newsinfoco.com.br\/inicio\/wp-json\/wp\/v2\/users\/1"}],"replies":[{"embeddable":true,"href":"https:\/\/newsinfoco.com.br\/inicio\/wp-json\/wp\/v2\/comments?post=20553"}],"version-history":[{"count":0,"href":"https:\/\/newsinfoco.com.br\/inicio\/wp-json\/wp\/v2\/posts\/20553\/revisions"}],"wp:featuredmedia":[{"embeddable":true,"href":"https:\/\/newsinfoco.com.br\/inicio\/wp-json\/wp\/v2\/media\/20554"}],"wp:attachment":[{"href":"https:\/\/newsinfoco.com.br\/inicio\/wp-json\/wp\/v2\/media?parent=20553"}],"wp:term":[{"taxonomy":"category","embeddable":true,"href":"https:\/\/newsinfoco.com.br\/inicio\/wp-json\/wp\/v2\/categories?post=20553"},{"taxonomy":"post_tag","embeddable":true,"href":"https:\/\/newsinfoco.com.br\/inicio\/wp-json\/wp\/v2\/tags?post=20553"}],"curies":[{"name":"wp","href":"https:\/\/api.w.org\/{rel}","templated":true}]}}