{"id":20556,"date":"2020-03-08T20:04:29","date_gmt":"2020-03-08T23:04:29","guid":{"rendered":"http:\/\/newsinfoco.com.br\/?p=20556"},"modified":"2020-03-08T20:04:29","modified_gmt":"2020-03-08T23:04:29","slug":"prefeito-inaugura-estacao-de-transporte-alternativo-de-alagoinhas","status":"publish","type":"post","link":"https:\/\/newsinfoco.com.br\/inicio\/prefeito-inaugura-estacao-de-transporte-alternativo-de-alagoinhas\/","title":{"rendered":"Prefeito inaugura Esta\u00e7\u00e3o de Transporte Alternativo de Alagoinhas"},"content":{"rendered":"<p style=\"text-align: justify;\">Alagoinhas ganhou mais um importante equipamento para a moderniza\u00e7\u00e3o e melhoria da mobilidade urbana do munic\u00edpio. Inaugurado pelo prefeito Joaquim Neto nesta sexta-feira (6), a Esta\u00e7\u00e3o de Transporte Alternativo Pedro Lemos Carna\u00faba Filho \u2013 ETAC come\u00e7a a operar j\u00e1 na segunda-feira(09), e vem para garantir mais fluidez no tr\u00e1fego de pessoas e ve\u00edculos, com a desobstru\u00e7\u00e3o das cal\u00e7adas e a retirada dos estacionamentos de ve\u00edculos de m\u00e9dio porte (micro-\u00f4nibus e vans) das ruas no entorno da \u00e1rea central.<\/p>\n<p style=\"text-align: justify;\">Mais uma obra abandonada pela gest\u00e3o anterior, para a requalifica\u00e7\u00e3o e operacionaliza\u00e7\u00e3o do terminal que abrigar\u00e1 os transportes que fazem o trajeto para a zona rural, o governo municipal investiu cerca R$ 330 mil oriundos de recursos pr\u00f3prios. A esta\u00e7\u00e3o \u00e9 equipada com abrigo, institui\u00e7\u00e3o financeira, lanchonetes, guarda-volumes, banheiros, fia\u00e7\u00e3o el\u00e9trica nova, piso t\u00e1til, sinaliza\u00e7\u00e3o horizontal e contar\u00e1 hor\u00e1rios definidos para sa\u00eddas e chegadas.<\/p><div class=\"newsi-conteudo_19\" id=\"newsi-21058052\"><a href=\"https:\/\/www.instagram.com\/prefeituraalagoinhas?igsh=YzgzdDJ1bWR3aWI4\" aria-label=\"SAVE_20251006_221555\"><img loading=\"lazy\" decoding=\"async\" src=\"https:\/\/newsinfoco.com.br\/inicio\/wp-content\/uploads\/2025\/10\/SAVE_20251006_221555-rotated.jpg\" alt=\"\"  srcset=\"https:\/\/newsinfoco.com.br\/inicio\/wp-content\/uploads\/2025\/10\/SAVE_20251006_221555-rotated.jpg 1140w, https:\/\/newsinfoco.com.br\/inicio\/wp-content\/uploads\/2025\/10\/SAVE_20251006_221555-300x52.jpg 300w, https:\/\/newsinfoco.com.br\/inicio\/wp-content\/uploads\/2025\/10\/SAVE_20251006_221555-1024x177.jpg 1024w, https:\/\/newsinfoco.com.br\/inicio\/wp-content\/uploads\/2025\/10\/SAVE_20251006_221555-768x133.jpg 768w, https:\/\/newsinfoco.com.br\/inicio\/wp-content\/uploads\/2025\/10\/SAVE_20251006_221555-600x104.jpg 600w, https:\/\/newsinfoco.com.br\/inicio\/wp-content\/uploads\/2025\/10\/SAVE_20251006_221555-696x120.jpg 696w, https:\/\/newsinfoco.com.br\/inicio\/wp-content\/uploads\/2025\/10\/SAVE_20251006_221555-1068x185.jpg 1068w\" sizes=\"(max-width: 1140px) 100vw, 1140px\" width=\"1140\" height=\"197\"   \/><\/a><\/div>\n<p style=\"text-align: justify;\">Localizado ao lado do Cal\u00e7ad\u00e3o, o novo terminal de transporte da cidade ocupa o espa\u00e7o da primeira esta\u00e7\u00e3o ferrovi\u00e1ria de Alagoinhas, inaugurada em 13 de fevereiro de 1863, e leva o nome de Pedro Lemos Carna\u00faba Filho, ou coronel Carna\u00faba, como era conhecido. Falecido em novembro de 2018, o homenageado foi comandante do 4\u00ba Batalh\u00e3o, primeiro Superintendente de Transporte e Tr\u00e2nsito de Alagoinhas e vereador.<\/p>\n<p style=\"text-align: justify;\">A cerim\u00f4nia de inaugura\u00e7\u00e3o contou com as presen\u00e7as da vice-prefeita Iraci Gama, do gestor da Superintend\u00eancia de Transporte e Tr\u00e2nsito (SMTT), Alberto Menezes, vereadores, secret\u00e1rios, empres\u00e1rios e de familiares do homenageado. \u201cAgrade\u00e7o muito a homenagem feita e bem merecida ao meu pai, porque ele trabalhou muito pela \u00e1rea de transportes e se envolveu com muitas quest\u00f5es para o bem da cidade. Agradecemos muito por esta gest\u00e3o ter se lembrado do percurso dele em Alagoinhas\u201d, disse a filha do coronel, Tati Carna\u00faba. A entrega tamb\u00e9m foi marcada pela participa\u00e7\u00e3o de produtores rurais, que realizaram um Feira de Agricultura Familiar no local.<\/p>\n<p style=\"text-align: justify;\">O prefeito Joaquim Neto falou sobre o orgulho de inaugurar mais um importante equipamento para o sistema de transporte do munic\u00edpio e a import\u00e2ncia de oferecer funcionalidade, conforto e agilidade para os motoristas e usu\u00e1rios. \u201cEssa \u00e9 mais uma obra que foi retomada pela nossa gest\u00e3o e \u00e9 fruto de um compromisso que n\u00f3s firmamos com a popula\u00e7\u00e3o desde 2017. A cidade vem passando por transforma\u00e7\u00f5es muito positivas na \u00e1rea da mobilidade urbana e esse espa\u00e7o \u00e9 mais um avan\u00e7o importante. Tamb\u00e9m fico feliz pelo oportunidade de fazermos esta justa homenagem ao coronel Carna\u00faba\u201d, declarou o prefeito Joaquim Neto.<\/p>\n<p style=\"text-align: justify;\">Na oportunidade o prefeito tamb\u00e9m citou os avan\u00e7os contabilizados pela gest\u00e3o em obras de pavimenta\u00e7\u00e3o, em saneamento b\u00e1sico e o mais novo grande investimento na sa\u00fade, com a constru\u00e7\u00e3o do Hospital Materno Infantil.<\/p>\n<p style=\"text-align: justify;\">O superintende da SMTT, Alberto Menezes, explicou que a opera\u00e7\u00e3o das linhas se dar\u00e1 de forma gradativa, medida que, de acordo com o gestor, visa garantir o sucesso na adapta\u00e7\u00e3o de motoristas e usu\u00e1rios e consequentemente, uma maior efici\u00eancia no funcionamento do novo terminal. \u201cTemos hoje mais de 200 ve\u00edculos atuando no transporte alternativo, embarcando cerca de 2.600 passageiros por dia. Alagoinhas vai prestar, a partir deste momento,\u00a0um grande servi\u00e7o \u00e0 popula\u00e7\u00e3o n\u00e3o s\u00f3 daqui, mas de toda a regi\u00e3o, e para que tudo ocorra de forma tranquila, teremos um per\u00edodo de adapta\u00e7\u00e3o, at\u00e9 que todas as linhas estejam alocadas\u201d, informou Menezes, acrescentando que os passageiros ser\u00e3o devidamente informados a cada etapa do processo.<\/p>\n<p>&nbsp;<\/p>\n<p style=\"text-align: justify;\">\n<div class='share-to-whatsapp-wrapper'><div class='share-on-whsp'>Share on: <\/div><a data-text='Prefeito inaugura Esta\u00e7\u00e3o de Transporte Alternativo de Alagoinhas' data-link='https:\/\/newsinfoco.com.br\/inicio\/prefeito-inaugura-estacao-de-transporte-alternativo-de-alagoinhas\/' class='whatsapp-button whatsapp-share'>WhatsApp<\/a><div class='clear '><\/div><\/div>","protected":false},"excerpt":{"rendered":"<p>Alagoinhas ganhou mais um importante equipamento para a moderniza\u00e7\u00e3o e melhoria da mobilidade urbana do munic\u00edpio. Inaugurado pelo prefeito Joaquim Neto nesta sexta-feira (6), a Esta\u00e7\u00e3o de Transporte Alternativo Pedro Lemos Carna\u00faba Filho \u2013 ETAC come\u00e7a a operar j\u00e1 na segunda-feira(09), e vem para garantir mais fluidez no tr\u00e1fego de pessoas e ve\u00edculos, com a [&hellip;]<\/p>\n","protected":false},"author":1,"featured_media":20557,"comment_status":"open","ping_status":"open","sticky":false,"template":"","format":"standard","meta":{"om_disable_all_campaigns":false,"_exactmetrics_skip_tracking":false,"_exactmetrics_sitenote_active":false,"_exactmetrics_sitenote_note":"","_exactmetrics_sitenote_category":0,"footnotes":""},"categories":[38],"tags":[],"class_list":["post-20556","post","type-post","status-publish","format-standard","has-post-thumbnail","hentry","category-alagoinhas-e-regiao"],"aioseo_notices":[],"_links":{"self":[{"href":"https:\/\/newsinfoco.com.br\/inicio\/wp-json\/wp\/v2\/posts\/20556","targetHints":{"allow":["GET"]}}],"collection":[{"href":"https:\/\/newsinfoco.com.br\/inicio\/wp-json\/wp\/v2\/posts"}],"about":[{"href":"https:\/\/newsinfoco.com.br\/inicio\/wp-json\/wp\/v2\/types\/post"}],"author":[{"embeddable":true,"href":"https:\/\/newsinfoco.com.br\/inicio\/wp-json\/wp\/v2\/users\/1"}],"replies":[{"embeddable":true,"href":"https:\/\/newsinfoco.com.br\/inicio\/wp-json\/wp\/v2\/comments?post=20556"}],"version-history":[{"count":0,"href":"https:\/\/newsinfoco.com.br\/inicio\/wp-json\/wp\/v2\/posts\/20556\/revisions"}],"wp:featuredmedia":[{"embeddable":true,"href":"https:\/\/newsinfoco.com.br\/inicio\/wp-json\/wp\/v2\/media\/20557"}],"wp:attachment":[{"href":"https:\/\/newsinfoco.com.br\/inicio\/wp-json\/wp\/v2\/media?parent=20556"}],"wp:term":[{"taxonomy":"category","embeddable":true,"href":"https:\/\/newsinfoco.com.br\/inicio\/wp-json\/wp\/v2\/categories?post=20556"},{"taxonomy":"post_tag","embeddable":true,"href":"https:\/\/newsinfoco.com.br\/inicio\/wp-json\/wp\/v2\/tags?post=20556"}],"curies":[{"name":"wp","href":"https:\/\/api.w.org\/{rel}","templated":true}]}}