{"id":20560,"date":"2020-03-08T20:16:38","date_gmt":"2020-03-08T23:16:38","guid":{"rendered":"http:\/\/newsinfoco.com.br\/?p=20560"},"modified":"2020-03-08T20:24:40","modified_gmt":"2020-03-08T23:24:40","slug":"roberto-torres-assina-ficha-de-filiacao-ao-republicanos-em-manha-de-plenario-lotado-e-tres-deputados-presentes","status":"publish","type":"post","link":"https:\/\/newsinfoco.com.br\/inicio\/roberto-torres-assina-ficha-de-filiacao-ao-republicanos-em-manha-de-plenario-lotado-e-tres-deputados-presentes\/","title":{"rendered":"Roberto Torres assina ficha de filia\u00e7\u00e3o ao Republicanos em manh\u00e3 de plen\u00e1rio lotado e tr\u00eas deputados presentes"},"content":{"rendered":"<p style=\"text-align: justify;\">O plen\u00e1rio da C\u00e2mara Municipal de Alagoinhas foi pequeno para a multid\u00e3o que foi prestigiar o ato de filia\u00e7\u00e3o do vereador Roberto Torres ao partido Republicanos, na manh\u00e3 desse domingo (8), dentre eles o deputado federal M\u00e1rcio Marinho, presidente Estadual e vice-presidente Nacional da Legenda, dos deputados estaduais Jos\u00e9 de Arimateia e Jurailton Santos, al\u00e9m da vereadora de Salvador, Rog\u00e9ria Santos, presidente do Republicanos Mulher no Estado.<\/p>\n<p class=\"wp-block-image size-large\" style=\"text-align: justify;\"><img loading=\"lazy\" decoding=\"async\" class=\"wp-image-39027 jetpack-lazy-image lazyloaded jetpack-lazy-image--handled\" src=\"https:\/\/i0.wp.com\/gazetadosmunicipios.com.br\/wp-content\/uploads\/2020\/03\/Roberto-Torres-Republicano.jpg?w=640&amp;ssl=1\" sizes=\"auto, (max-width: 640px) 100vw, 640px\" alt=\"\" width=\"1\" height=\"1\" data-attachment-id=\"39027\" data-permalink=\"https:\/\/gazetadosmunicipios.com.br\/2020\/03\/08\/roberto-torres-assina-ficha-de-filiacao-ao-republicanos-em-manha-de-plenario-lotado-e-tres-deputados-presentes\/roberto-torres-republicano\/\" data-orig-file=\"https:\/\/i0.wp.com\/gazetadosmunicipios.com.br\/wp-content\/uploads\/2020\/03\/Roberto-Torres-Republicano.jpg?fit=960%2C960&amp;ssl=1\" data-orig-size=\"960,960\" data-comments-opened=\"1\" data-image-meta=\"{&quot;aperture&quot;:&quot;0&quot;,&quot;credit&quot;:&quot;&quot;,&quot;camera&quot;:&quot;&quot;,&quot;caption&quot;:&quot;&quot;,&quot;created_timestamp&quot;:&quot;0&quot;,&quot;copyright&quot;:&quot;&quot;,&quot;focal_length&quot;:&quot;0&quot;,&quot;iso&quot;:&quot;0&quot;,&quot;shutter_speed&quot;:&quot;0&quot;,&quot;title&quot;:&quot;&quot;,&quot;orientation&quot;:&quot;0&quot;}\" data-image-title=\"Roberto-Torres-Republicano\" data-image-description=\"\" data-medium-file=\"https:\/\/i0.wp.com\/gazetadosmunicipios.com.br\/wp-content\/uploads\/2020\/03\/Roberto-Torres-Republicano.jpg?fit=300%2C300&amp;ssl=1\" data-large-file=\"https:\/\/i0.wp.com\/gazetadosmunicipios.com.br\/wp-content\/uploads\/2020\/03\/Roberto-Torres-Republicano.jpg?fit=640%2C640&amp;ssl=1\" data-lazy-data-srcset=\"https:\/\/i0.wp.com\/gazetadosmunicipios.com.br\/wp-content\/uploads\/2020\/03\/Roberto-Torres-Republicano.jpg?w=960&amp;ssl=1 960w, https:\/\/i0.wp.com\/gazetadosmunicipios.com.br\/wp-content\/uploads\/2020\/03\/Roberto-Torres-Republicano.jpg?resize=300%2C300&amp;ssl=1 300w, https:\/\/i0.wp.com\/gazetadosmunicipios.com.br\/wp-content\/uploads\/2020\/03\/Roberto-Torres-Republicano.jpg?resize=100%2C100&amp;ssl=1 100w, https:\/\/i0.wp.com\/gazetadosmunicipios.com.br\/wp-content\/uploads\/2020\/03\/Roberto-Torres-Republicano.jpg?resize=768%2C768&amp;ssl=1 768w\" data-lazy-=\"\" data-src=\"https:\/\/i0.wp.com\/gazetadosmunicipios.com.br\/wp-content\/uploads\/2020\/03\/Roberto-Torres-Republicano.jpg?w=640&amp;ssl=1\" data-lazy-loaded=\"1\" \/>De Alagoinhas compareceram ao evento o prefeito da cidade, Joaquim Neto, os secret\u00e1rios Gustavo Carmo (Governo e Comunica\u00e7\u00e3o) e Alfredo Menezes (Semas), os vereadores Gilson Guimar\u00e3es, Duy do Franco, Ozeas Menezes, Jo\u00e3o Henrique, e Jos\u00e9 Cleto, al\u00e9m de presidentes de diversos partidos de Alagoinhas e de Aramari, Irar\u00e1 e Ouri\u00e7angas.<\/p><div class=\"newsi-conteudo_19\" id=\"newsi-2759028269\"><a href=\"https:\/\/www.instagram.com\/prefeituraalagoinhas?igsh=YzgzdDJ1bWR3aWI4\" aria-label=\"SAVE_20251006_221555\"><img loading=\"lazy\" decoding=\"async\" src=\"https:\/\/newsinfoco.com.br\/inicio\/wp-content\/uploads\/2025\/10\/SAVE_20251006_221555-rotated.jpg\" alt=\"\"  srcset=\"https:\/\/newsinfoco.com.br\/inicio\/wp-content\/uploads\/2025\/10\/SAVE_20251006_221555-rotated.jpg 1140w, https:\/\/newsinfoco.com.br\/inicio\/wp-content\/uploads\/2025\/10\/SAVE_20251006_221555-300x52.jpg 300w, https:\/\/newsinfoco.com.br\/inicio\/wp-content\/uploads\/2025\/10\/SAVE_20251006_221555-1024x177.jpg 1024w, https:\/\/newsinfoco.com.br\/inicio\/wp-content\/uploads\/2025\/10\/SAVE_20251006_221555-768x133.jpg 768w, https:\/\/newsinfoco.com.br\/inicio\/wp-content\/uploads\/2025\/10\/SAVE_20251006_221555-600x104.jpg 600w, https:\/\/newsinfoco.com.br\/inicio\/wp-content\/uploads\/2025\/10\/SAVE_20251006_221555-696x120.jpg 696w, https:\/\/newsinfoco.com.br\/inicio\/wp-content\/uploads\/2025\/10\/SAVE_20251006_221555-1068x185.jpg 1068w\" sizes=\"(max-width: 1140px) 100vw, 1140px\" width=\"1140\" height=\"197\"   \/><\/a><\/div>\n<p class=\"wp-block-image size-large\" style=\"text-align: justify;\"><img loading=\"lazy\" decoding=\"async\" class=\"wp-image-39028 jetpack-lazy-image jetpack-lazy-image--handled lazyloaded\" src=\"https:\/\/i2.wp.com\/gazetadosmunicipios.com.br\/wp-content\/uploads\/2020\/03\/Roberto-Torres-Republicanos-3.jpg?w=640&amp;ssl=1\" sizes=\"auto, (max-width: 640px) 100vw, 640px\" alt=\"\" width=\"1\" height=\"1\" data-attachment-id=\"39028\" data-permalink=\"https:\/\/gazetadosmunicipios.com.br\/2020\/03\/08\/roberto-torres-assina-ficha-de-filiacao-ao-republicanos-em-manha-de-plenario-lotado-e-tres-deputados-presentes\/roberto-torres-republicanos-3\/\" data-orig-file=\"https:\/\/i2.wp.com\/gazetadosmunicipios.com.br\/wp-content\/uploads\/2020\/03\/Roberto-Torres-Republicanos-3.jpg?fit=960%2C960&amp;ssl=1\" data-orig-size=\"960,960\" data-comments-opened=\"1\" data-image-meta=\"{&quot;aperture&quot;:&quot;0&quot;,&quot;credit&quot;:&quot;&quot;,&quot;camera&quot;:&quot;&quot;,&quot;caption&quot;:&quot;&quot;,&quot;created_timestamp&quot;:&quot;0&quot;,&quot;copyright&quot;:&quot;&quot;,&quot;focal_length&quot;:&quot;0&quot;,&quot;iso&quot;:&quot;0&quot;,&quot;shutter_speed&quot;:&quot;0&quot;,&quot;title&quot;:&quot;&quot;,&quot;orientation&quot;:&quot;0&quot;}\" data-image-title=\"Roberto-Torres-Republicanos-3\" data-image-description=\"\" data-medium-file=\"https:\/\/i2.wp.com\/gazetadosmunicipios.com.br\/wp-content\/uploads\/2020\/03\/Roberto-Torres-Republicanos-3.jpg?fit=300%2C300&amp;ssl=1\" data-large-file=\"https:\/\/i2.wp.com\/gazetadosmunicipios.com.br\/wp-content\/uploads\/2020\/03\/Roberto-Torres-Republicanos-3.jpg?fit=640%2C640&amp;ssl=1\" data-lazy-data-srcset=\"https:\/\/i2.wp.com\/gazetadosmunicipios.com.br\/wp-content\/uploads\/2020\/03\/Roberto-Torres-Republicanos-3.jpg?w=960&amp;ssl=1 960w, https:\/\/i2.wp.com\/gazetadosmunicipios.com.br\/wp-content\/uploads\/2020\/03\/Roberto-Torres-Republicanos-3.jpg?resize=300%2C300&amp;ssl=1 300w, https:\/\/i2.wp.com\/gazetadosmunicipios.com.br\/wp-content\/uploads\/2020\/03\/Roberto-Torres-Republicanos-3.jpg?resize=100%2C100&amp;ssl=1 100w, https:\/\/i2.wp.com\/gazetadosmunicipios.com.br\/wp-content\/uploads\/2020\/03\/Roberto-Torres-Republicanos-3.jpg?resize=768%2C768&amp;ssl=1 768w\" data-lazy-=\"\" data-src=\"https:\/\/i2.wp.com\/gazetadosmunicipios.com.br\/wp-content\/uploads\/2020\/03\/Roberto-Torres-Republicanos-3.jpg?w=640&amp;ssl=1\" data-lazy-loaded=\"1\" \/>O deputado estadual Jos\u00e9 de Arimateia foi o primeiro a discursar, lembrando o dia especial, dedicado \u00e0 mulher, enaltecendo a presen\u00e7a feminina nos diversos segmentos da sociedade, inclusive na pol\u00edtica.<\/p>\n<p style=\"text-align: justify;\">\u201cHoje \u00e9 um momento hist\u00f3rico, pois estamos tendo a honra de abrir as portas do partido para uma das pessoas mais bem credenciadas no munic\u00edpio\u201d, disse Arimateia, referindo-se ao vereador Roberto Torres.<\/p>\n<p class=\"wp-block-image size-large\" style=\"text-align: justify;\"><img loading=\"lazy\" decoding=\"async\" class=\"wp-image-39029 jetpack-lazy-image jetpack-lazy-image--handled lazyloaded\" src=\"https:\/\/i2.wp.com\/gazetadosmunicipios.com.br\/wp-content\/uploads\/2020\/03\/Roberto-Torres-Republicanos-2.jpg?w=640&amp;ssl=1\" sizes=\"auto, (max-width: 640px) 100vw, 640px\" alt=\"\" width=\"1\" height=\"1\" data-attachment-id=\"39029\" data-permalink=\"https:\/\/gazetadosmunicipios.com.br\/2020\/03\/08\/roberto-torres-assina-ficha-de-filiacao-ao-republicanos-em-manha-de-plenario-lotado-e-tres-deputados-presentes\/roberto-torres-republicanos-2\/\" data-orig-file=\"https:\/\/i2.wp.com\/gazetadosmunicipios.com.br\/wp-content\/uploads\/2020\/03\/Roberto-Torres-Republicanos-2.jpg?fit=960%2C960&amp;ssl=1\" data-orig-size=\"960,960\" data-comments-opened=\"1\" data-image-meta=\"{&quot;aperture&quot;:&quot;0&quot;,&quot;credit&quot;:&quot;&quot;,&quot;camera&quot;:&quot;&quot;,&quot;caption&quot;:&quot;&quot;,&quot;created_timestamp&quot;:&quot;0&quot;,&quot;copyright&quot;:&quot;&quot;,&quot;focal_length&quot;:&quot;0&quot;,&quot;iso&quot;:&quot;0&quot;,&quot;shutter_speed&quot;:&quot;0&quot;,&quot;title&quot;:&quot;&quot;,&quot;orientation&quot;:&quot;0&quot;}\" data-image-title=\"Roberto-Torres-Republicanos-2\" data-image-description=\"\" data-medium-file=\"https:\/\/i2.wp.com\/gazetadosmunicipios.com.br\/wp-content\/uploads\/2020\/03\/Roberto-Torres-Republicanos-2.jpg?fit=300%2C300&amp;ssl=1\" data-large-file=\"https:\/\/i2.wp.com\/gazetadosmunicipios.com.br\/wp-content\/uploads\/2020\/03\/Roberto-Torres-Republicanos-2.jpg?fit=640%2C640&amp;ssl=1\" data-lazy-data-srcset=\"https:\/\/i2.wp.com\/gazetadosmunicipios.com.br\/wp-content\/uploads\/2020\/03\/Roberto-Torres-Republicanos-2.jpg?w=960&amp;ssl=1 960w, https:\/\/i2.wp.com\/gazetadosmunicipios.com.br\/wp-content\/uploads\/2020\/03\/Roberto-Torres-Republicanos-2.jpg?resize=300%2C300&amp;ssl=1 300w, https:\/\/i2.wp.com\/gazetadosmunicipios.com.br\/wp-content\/uploads\/2020\/03\/Roberto-Torres-Republicanos-2.jpg?resize=100%2C100&amp;ssl=1 100w, https:\/\/i2.wp.com\/gazetadosmunicipios.com.br\/wp-content\/uploads\/2020\/03\/Roberto-Torres-Republicanos-2.jpg?resize=768%2C768&amp;ssl=1 768w\" data-lazy-=\"\" data-src=\"https:\/\/i2.wp.com\/gazetadosmunicipios.com.br\/wp-content\/uploads\/2020\/03\/Roberto-Torres-Republicanos-2.jpg?w=640&amp;ssl=1\" data-lazy-loaded=\"1\" \/>A vereadora Rog\u00e9ria Santos, de Salvador, lembrou que as mulheres s\u00e3o 54,76% das mulheres em Alagoinhas e, portanto, importantes na defini\u00e7\u00e3o pol\u00edtica-eleitoral que se avizinha.<\/p>\n<p style=\"text-align: justify;\">O prefeito Joaquim Neto elogiou o ingresso e a postura do vereador Roberto Torres ao longo de sua vida profissional e pol\u00edtica. \u201cEstamos diante de uma pessoa que tem uma hist\u00f3ria, um passado, um presente e um futuro brilhante por Alagoinhas\u201d, disse Joaquim.<\/p>\n<p style=\"text-align: justify;\">Roberto Torres discursou lembrando a sua trajet\u00f3ria, a import\u00e2ncia de entrar num partido que j\u00e1 vem trabalhando h\u00e1 muitos anos por Alagoinhas atrav\u00e9s de emendas federais e indica\u00e7\u00f5es estaduais que resultaram em obras importantes para a cidade.<\/p>\n<p style=\"text-align: justify;\">\u00daltimo a discursar, o deputado federal M\u00e1rcio Marinho, presidente estadual do Republicanos, disse que era chegada a hora de Roberto Torres dar um passo mais largo em sua bela trajet\u00f3ria pol\u00edtica, apresentando-o como postulante \u00e0 sucess\u00e3o do prefeito Joaquim Neto.<\/p>\n<p style=\"text-align: right;\">Gazetadosmunicipios<\/p>\n<div class='share-to-whatsapp-wrapper'><div class='share-on-whsp'>Share on: <\/div><a data-text='Roberto Torres assina ficha de filia\u00e7\u00e3o ao Republicanos em manh\u00e3 de plen\u00e1rio lotado e tr\u00eas deputados presentes' data-link='https:\/\/newsinfoco.com.br\/inicio\/roberto-torres-assina-ficha-de-filiacao-ao-republicanos-em-manha-de-plenario-lotado-e-tres-deputados-presentes\/' class='whatsapp-button whatsapp-share'>WhatsApp<\/a><div class='clear '><\/div><\/div>","protected":false},"excerpt":{"rendered":"<p>O plen\u00e1rio da C\u00e2mara Municipal de Alagoinhas foi pequeno para a multid\u00e3o que foi prestigiar o ato de filia\u00e7\u00e3o do vereador Roberto Torres ao partido Republicanos, na manh\u00e3 desse domingo (8), dentre eles o deputado federal M\u00e1rcio Marinho, presidente Estadual e vice-presidente Nacional da Legenda, dos deputados estaduais Jos\u00e9 de Arimateia e Jurailton Santos, al\u00e9m [&hellip;]<\/p>\n","protected":false},"author":1,"featured_media":20561,"comment_status":"open","ping_status":"open","sticky":false,"template":"","format":"standard","meta":{"om_disable_all_campaigns":false,"_exactmetrics_skip_tracking":false,"_exactmetrics_sitenote_active":false,"_exactmetrics_sitenote_note":"","_exactmetrics_sitenote_category":0,"footnotes":""},"categories":[38],"tags":[],"class_list":["post-20560","post","type-post","status-publish","format-standard","has-post-thumbnail","hentry","category-alagoinhas-e-regiao"],"aioseo_notices":[],"_links":{"self":[{"href":"https:\/\/newsinfoco.com.br\/inicio\/wp-json\/wp\/v2\/posts\/20560","targetHints":{"allow":["GET"]}}],"collection":[{"href":"https:\/\/newsinfoco.com.br\/inicio\/wp-json\/wp\/v2\/posts"}],"about":[{"href":"https:\/\/newsinfoco.com.br\/inicio\/wp-json\/wp\/v2\/types\/post"}],"author":[{"embeddable":true,"href":"https:\/\/newsinfoco.com.br\/inicio\/wp-json\/wp\/v2\/users\/1"}],"replies":[{"embeddable":true,"href":"https:\/\/newsinfoco.com.br\/inicio\/wp-json\/wp\/v2\/comments?post=20560"}],"version-history":[{"count":0,"href":"https:\/\/newsinfoco.com.br\/inicio\/wp-json\/wp\/v2\/posts\/20560\/revisions"}],"wp:featuredmedia":[{"embeddable":true,"href":"https:\/\/newsinfoco.com.br\/inicio\/wp-json\/wp\/v2\/media\/20561"}],"wp:attachment":[{"href":"https:\/\/newsinfoco.com.br\/inicio\/wp-json\/wp\/v2\/media?parent=20560"}],"wp:term":[{"taxonomy":"category","embeddable":true,"href":"https:\/\/newsinfoco.com.br\/inicio\/wp-json\/wp\/v2\/categories?post=20560"},{"taxonomy":"post_tag","embeddable":true,"href":"https:\/\/newsinfoco.com.br\/inicio\/wp-json\/wp\/v2\/tags?post=20560"}],"curies":[{"name":"wp","href":"https:\/\/api.w.org\/{rel}","templated":true}]}}