{"id":20565,"date":"2020-03-09T16:32:18","date_gmt":"2020-03-09T19:32:18","guid":{"rendered":"http:\/\/newsinfoco.com.br\/?p=20565"},"modified":"2020-03-09T16:32:18","modified_gmt":"2020-03-09T19:32:18","slug":"mais-de-1000-atendimentos-dia-internacional-da-mulher-em-alagoinhas-e-comemorado-com-acao-estendida-da-feira-de-saude","status":"publish","type":"post","link":"https:\/\/newsinfoco.com.br\/inicio\/mais-de-1000-atendimentos-dia-internacional-da-mulher-em-alagoinhas-e-comemorado-com-acao-estendida-da-feira-de-saude\/","title":{"rendered":"Mais de 1000 atendimentos: Dia Internacional da Mulher em Alagoinhas \u00e9 comemorado com a\u00e7\u00e3o estendida da Feira de Sa\u00fade"},"content":{"rendered":"<p style=\"text-align: justify;\">Uma a\u00e7\u00e3o estendida da Feira de Sa\u00fade que ocorre desde o final de fevereiro na pra\u00e7a Rui Barbosa marcou o Dia Internacional da Mulher, neste domingo(08), em Alagoinhas.Para comemorar a data, a Prefeitura ofereceu, com demanda livre, atendimentos com ortopedista, gastroenterologista, endocrinologista, ginecologista, cl\u00ednico geral, exames de ultrassonografia, mamografia, preventivo e teste r\u00e1pido. Houve ainda espa\u00e7o de beleza, massoterapia e distribui\u00e7\u00e3o de flores \u00e0s participantes.<\/p>\n<p style=\"text-align: justify;\">No evento, o prefeito Joaquim Neto destacou que a melhor forma de homenagear as mulheres \u00e9 proporcionando a elas um acolhimento e um atendimento de qualidade. \u201cA SESAU n\u00e3o mede esfor\u00e7os para fortalecer a rede, mobilizar e realizar a\u00e7\u00f5es voltadas \u00e0 tratamento integral da sa\u00fade e preven\u00e7\u00e3o constante\u201d, pontuou o gestor.<\/p><div class=\"newsi-conteudo_19\" id=\"newsi-2702373901\"><a href=\"https:\/\/www.instagram.com\/prefeituraalagoinhas?igsh=YzgzdDJ1bWR3aWI4\" aria-label=\"SAVE_20251006_221555\"><img loading=\"lazy\" decoding=\"async\" src=\"https:\/\/newsinfoco.com.br\/inicio\/wp-content\/uploads\/2025\/10\/SAVE_20251006_221555-rotated.jpg\" alt=\"\"  srcset=\"https:\/\/newsinfoco.com.br\/inicio\/wp-content\/uploads\/2025\/10\/SAVE_20251006_221555-rotated.jpg 1140w, https:\/\/newsinfoco.com.br\/inicio\/wp-content\/uploads\/2025\/10\/SAVE_20251006_221555-300x52.jpg 300w, https:\/\/newsinfoco.com.br\/inicio\/wp-content\/uploads\/2025\/10\/SAVE_20251006_221555-1024x177.jpg 1024w, https:\/\/newsinfoco.com.br\/inicio\/wp-content\/uploads\/2025\/10\/SAVE_20251006_221555-768x133.jpg 768w, https:\/\/newsinfoco.com.br\/inicio\/wp-content\/uploads\/2025\/10\/SAVE_20251006_221555-600x104.jpg 600w, https:\/\/newsinfoco.com.br\/inicio\/wp-content\/uploads\/2025\/10\/SAVE_20251006_221555-696x120.jpg 696w, https:\/\/newsinfoco.com.br\/inicio\/wp-content\/uploads\/2025\/10\/SAVE_20251006_221555-1068x185.jpg 1068w\" sizes=\"(max-width: 1140px) 100vw, 1140px\" width=\"1140\" height=\"197\"   \/><\/a><\/div>\n<p style=\"text-align: justify;\">A\u00a0dona de casa Creuza Batista de Souza, de 49 anos, fez quest\u00e3o de chegar bem cedo para participar. Al\u00e9m de j\u00e1 ter feito o preventivo durante a semana e outros exames, ela aproveitou o dia para passar pelo gastroenterologista e receber massagem. \u201cToda a equipe da prefeitura est\u00e1 mostrando muita compet\u00eancia nas consultas e exames, o acolhimento tamb\u00e9m \u00e9 excelente, e isso \u00a0faz a gente querer participar e voltar para mais atendimentos\u201d, disse Creusa.<\/p>\n<p style=\"text-align: justify;\">De acordo com a\u00a0 Secretaria de Sa\u00fade (SESAU),\u00a0 mais de mil atendimentos foram realizados durante a a\u00e7\u00e3o neste domingo.A Feira de Sa\u00fade da Mulher segue at\u00e9 o dia 14 de mar\u00e7o, das 7h \u00e0s 12h e das 13h \u00e0s 18h, com servi\u00e7os gratuitos de ultrassonografia, vacina\u00e7\u00e3o, preventivo, exames laboratoriais, testes r\u00e1pidos e mamografias.<\/p>\n<p style=\"text-align: justify;\">Para participar, a paciente deve comparecer \u00e0 unidade de sa\u00fade mais pr\u00f3xima de sua resid\u00eancia ou \u00e0 sua unidade de sa\u00fade de refer\u00eancia portando RG, comprovante de resid\u00eancia e Cart\u00e3o SUS para o agendamento pr\u00e9vio. Apenas mulheres de 40 a 69 anos podem realizar a mamografia.<\/p>\n<p>&nbsp;<\/p>\n<div class='share-to-whatsapp-wrapper'><div class='share-on-whsp'>Share on: <\/div><a data-text='Mais de 1000 atendimentos: Dia Internacional da Mulher em Alagoinhas \u00e9 comemorado com a\u00e7\u00e3o estendida da Feira de Sa\u00fade' data-link='https:\/\/newsinfoco.com.br\/inicio\/mais-de-1000-atendimentos-dia-internacional-da-mulher-em-alagoinhas-e-comemorado-com-acao-estendida-da-feira-de-saude\/' class='whatsapp-button whatsapp-share'>WhatsApp<\/a><div class='clear '><\/div><\/div>","protected":false},"excerpt":{"rendered":"<p>Uma a\u00e7\u00e3o estendida da Feira de Sa\u00fade que ocorre desde o final de fevereiro na pra\u00e7a Rui Barbosa marcou o Dia Internacional da Mulher, neste domingo(08), em Alagoinhas.Para comemorar a data, a Prefeitura ofereceu, com demanda livre, atendimentos com ortopedista, gastroenterologista, endocrinologista, ginecologista, cl\u00ednico geral, exames de ultrassonografia, mamografia, preventivo e teste r\u00e1pido. Houve ainda [&hellip;]<\/p>\n","protected":false},"author":1,"featured_media":20566,"comment_status":"open","ping_status":"open","sticky":false,"template":"","format":"standard","meta":{"om_disable_all_campaigns":false,"_exactmetrics_skip_tracking":false,"_exactmetrics_sitenote_active":false,"_exactmetrics_sitenote_note":"","_exactmetrics_sitenote_category":0,"footnotes":""},"categories":[38],"tags":[],"class_list":["post-20565","post","type-post","status-publish","format-standard","has-post-thumbnail","hentry","category-alagoinhas-e-regiao"],"aioseo_notices":[],"_links":{"self":[{"href":"https:\/\/newsinfoco.com.br\/inicio\/wp-json\/wp\/v2\/posts\/20565","targetHints":{"allow":["GET"]}}],"collection":[{"href":"https:\/\/newsinfoco.com.br\/inicio\/wp-json\/wp\/v2\/posts"}],"about":[{"href":"https:\/\/newsinfoco.com.br\/inicio\/wp-json\/wp\/v2\/types\/post"}],"author":[{"embeddable":true,"href":"https:\/\/newsinfoco.com.br\/inicio\/wp-json\/wp\/v2\/users\/1"}],"replies":[{"embeddable":true,"href":"https:\/\/newsinfoco.com.br\/inicio\/wp-json\/wp\/v2\/comments?post=20565"}],"version-history":[{"count":0,"href":"https:\/\/newsinfoco.com.br\/inicio\/wp-json\/wp\/v2\/posts\/20565\/revisions"}],"wp:featuredmedia":[{"embeddable":true,"href":"https:\/\/newsinfoco.com.br\/inicio\/wp-json\/wp\/v2\/media\/20566"}],"wp:attachment":[{"href":"https:\/\/newsinfoco.com.br\/inicio\/wp-json\/wp\/v2\/media?parent=20565"}],"wp:term":[{"taxonomy":"category","embeddable":true,"href":"https:\/\/newsinfoco.com.br\/inicio\/wp-json\/wp\/v2\/categories?post=20565"},{"taxonomy":"post_tag","embeddable":true,"href":"https:\/\/newsinfoco.com.br\/inicio\/wp-json\/wp\/v2\/tags?post=20565"}],"curies":[{"name":"wp","href":"https:\/\/api.w.org\/{rel}","templated":true}]}}