{"id":20568,"date":"2020-03-09T16:40:49","date_gmt":"2020-03-09T19:40:49","guid":{"rendered":"http:\/\/newsinfoco.com.br\/?p=20568"},"modified":"2020-03-09T16:40:49","modified_gmt":"2020-03-09T19:40:49","slug":"com-casos-de-coronavirus-na-cidade-prefeito-de-feira-diz-que-nao-ha-razao-para-cancelamento-de-micareta","status":"publish","type":"post","link":"https:\/\/newsinfoco.com.br\/inicio\/com-casos-de-coronavirus-na-cidade-prefeito-de-feira-diz-que-nao-ha-razao-para-cancelamento-de-micareta\/","title":{"rendered":"Com casos de coronav\u00edrus na cidade, prefeito de Feira diz que n\u00e3o h\u00e1 raz\u00e3o para cancelamento de micareta"},"content":{"rendered":"<p style=\"text-align: justify;\">Diante da confirma\u00e7\u00e3o de dois casos do novo Coronav\u00edrus em Feira de Santana, muito se questiona acerca da realiza\u00e7\u00e3o da tradicional micareta da cidade, at\u00e9 ent\u00e3o confirmada para acontecer de 23 a 26 de abril. O Minist\u00e9rio P\u00fablico da Bahia, atrav\u00e9s do promotor Aldo Rodrigues, pretende questionar a prefeitura da Princesinha do Sert\u00e3o e o governo sobre o assunto.<\/p>\n<p style=\"text-align: justify;\">O secret\u00e1rio de comunica\u00e7\u00e3o de Feira de Santana, Valdomiro Silva, afirmou ao BNews que vai resolver o assunto ainda na tarde desta segunda-feira (9) com o prefeito Colbert Martins Filho (MDB). O prefeito enviou nota \u00e0 imprensa afirmando que n\u00e3o h\u00e1 motivo, neste momento, em raz\u00e3o de dois casos confirmados do coronav\u00edrus no munic\u00edpio, para uma decis\u00e3o de cancelamento da Micareta 2020. O chefe do Executivo, profissional da \u00a0medicina, observa que o quadro se encontra sob controle at\u00e9 o momento.<\/p><div class=\"newsi-conteudo_19\" id=\"newsi-3274378637\"><a href=\"https:\/\/www.instagram.com\/prefeituraalagoinhas?igsh=YzgzdDJ1bWR3aWI4\" aria-label=\"SAVE_20251006_221555\"><img loading=\"lazy\" decoding=\"async\" src=\"https:\/\/newsinfoco.com.br\/inicio\/wp-content\/uploads\/2025\/10\/SAVE_20251006_221555-rotated.jpg\" alt=\"\"  srcset=\"https:\/\/newsinfoco.com.br\/inicio\/wp-content\/uploads\/2025\/10\/SAVE_20251006_221555-rotated.jpg 1140w, https:\/\/newsinfoco.com.br\/inicio\/wp-content\/uploads\/2025\/10\/SAVE_20251006_221555-300x52.jpg 300w, https:\/\/newsinfoco.com.br\/inicio\/wp-content\/uploads\/2025\/10\/SAVE_20251006_221555-1024x177.jpg 1024w, https:\/\/newsinfoco.com.br\/inicio\/wp-content\/uploads\/2025\/10\/SAVE_20251006_221555-768x133.jpg 768w, https:\/\/newsinfoco.com.br\/inicio\/wp-content\/uploads\/2025\/10\/SAVE_20251006_221555-600x104.jpg 600w, https:\/\/newsinfoco.com.br\/inicio\/wp-content\/uploads\/2025\/10\/SAVE_20251006_221555-696x120.jpg 696w, https:\/\/newsinfoco.com.br\/inicio\/wp-content\/uploads\/2025\/10\/SAVE_20251006_221555-1068x185.jpg 1068w\" sizes=\"(max-width: 1140px) 100vw, 1140px\" width=\"1140\" height=\"197\"   \/><\/a><\/div>\n<p style=\"text-align: justify;\">De acordo com o prefeito, segmentos da imprensa tem interpretado equivocadamente sobre uma consulta do Minist\u00e9rio P\u00fablico acerca do assunto. O prefeito alerta que o MP-BA n\u00e3o pediu o cancelamento do evento, mas que um promotor solicitou das secretarias de sa\u00fade do munic\u00edpio e do estado informa\u00e7\u00f5es sobre o risco de transmiss\u00e3o do coronav\u00edrus durante a festa. A resposta ainda n\u00e3o foi dada e o assunto ser\u00e1 devidamente examinado pelos t\u00e9cnicos, segundo o gestor.<\/p>\n<p style=\"text-align: justify;\">Colbert informa que em Feira de Santana o Comit\u00ea Municipal de Acompanhamento das A\u00e7\u00f5es de Controle ao Coronav\u00edrus tem obtido \u00eaxito em seu trabalho desde que foi criado na semana passada. Exames de familiares com as quais as duas mulheres infectadas mantiveram contato deram negativo, o que significa que o v\u00edrus n\u00e3o est\u00e1 em cadeia de transmiss\u00e3o no munic\u00edpio, afirmou.<\/p>\n<p style=\"text-align: justify;\">Para o prefeito, \u00e9 preciso aguardar antes de se tomar uma decis\u00e3o que impactaria fortemente na economia e nas expectativas de milhares de feirenses que esperam o ano inteiro pela Micareta. \u201cSaude \u00e0 frente de tudo, essa \u00e9 a prioridade. As portas estar\u00e3o sempre abertas para a an\u00e1lise de fazer ou n\u00e3o a festa, o que depender\u00e1 do andamento desse controle do v\u00edrus em nossa cidade. Devemos ter muita cautela para n\u00e3o haver precipita\u00e7\u00f5es\u201d.<\/p>\n<p style=\"text-align: justify;\">Procurada, a secretaria de Sa\u00fade do Estado afirmou que s\u00f3 ir\u00e1 se manifestar ap\u00f3s receber o pedido de posicionamento do MP-BA, o que ainda n\u00e3o aconteceu.<\/p>\n<p>&nbsp;<\/p>\n<div class='share-to-whatsapp-wrapper'><div class='share-on-whsp'>Share on: <\/div><a data-text='Com casos de coronav\u00edrus na cidade, prefeito de Feira diz que n\u00e3o h\u00e1 raz\u00e3o para cancelamento de micareta' data-link='https:\/\/newsinfoco.com.br\/inicio\/com-casos-de-coronavirus-na-cidade-prefeito-de-feira-diz-que-nao-ha-razao-para-cancelamento-de-micareta\/' class='whatsapp-button whatsapp-share'>WhatsApp<\/a><div class='clear '><\/div><\/div>","protected":false},"excerpt":{"rendered":"<p>Diante da confirma\u00e7\u00e3o de dois casos do novo Coronav\u00edrus em Feira de Santana, muito se questiona acerca da realiza\u00e7\u00e3o da tradicional micareta da cidade, at\u00e9 ent\u00e3o confirmada para acontecer de 23 a 26 de abril. O Minist\u00e9rio P\u00fablico da Bahia, atrav\u00e9s do promotor Aldo Rodrigues, pretende questionar a prefeitura da Princesinha do Sert\u00e3o e o [&hellip;]<\/p>\n","protected":false},"author":1,"featured_media":12586,"comment_status":"open","ping_status":"open","sticky":false,"template":"","format":"standard","meta":{"om_disable_all_campaigns":false,"_exactmetrics_skip_tracking":false,"_exactmetrics_sitenote_active":false,"_exactmetrics_sitenote_note":"","_exactmetrics_sitenote_category":0,"footnotes":""},"categories":[19],"tags":[],"class_list":["post-20568","post","type-post","status-publish","format-standard","has-post-thumbnail","hentry","category-bahia"],"aioseo_notices":[],"_links":{"self":[{"href":"https:\/\/newsinfoco.com.br\/inicio\/wp-json\/wp\/v2\/posts\/20568","targetHints":{"allow":["GET"]}}],"collection":[{"href":"https:\/\/newsinfoco.com.br\/inicio\/wp-json\/wp\/v2\/posts"}],"about":[{"href":"https:\/\/newsinfoco.com.br\/inicio\/wp-json\/wp\/v2\/types\/post"}],"author":[{"embeddable":true,"href":"https:\/\/newsinfoco.com.br\/inicio\/wp-json\/wp\/v2\/users\/1"}],"replies":[{"embeddable":true,"href":"https:\/\/newsinfoco.com.br\/inicio\/wp-json\/wp\/v2\/comments?post=20568"}],"version-history":[{"count":0,"href":"https:\/\/newsinfoco.com.br\/inicio\/wp-json\/wp\/v2\/posts\/20568\/revisions"}],"wp:featuredmedia":[{"embeddable":true,"href":"https:\/\/newsinfoco.com.br\/inicio\/wp-json\/wp\/v2\/media\/12586"}],"wp:attachment":[{"href":"https:\/\/newsinfoco.com.br\/inicio\/wp-json\/wp\/v2\/media?parent=20568"}],"wp:term":[{"taxonomy":"category","embeddable":true,"href":"https:\/\/newsinfoco.com.br\/inicio\/wp-json\/wp\/v2\/categories?post=20568"},{"taxonomy":"post_tag","embeddable":true,"href":"https:\/\/newsinfoco.com.br\/inicio\/wp-json\/wp\/v2\/tags?post=20568"}],"curies":[{"name":"wp","href":"https:\/\/api.w.org\/{rel}","templated":true}]}}