{"id":20571,"date":"2020-03-09T16:49:59","date_gmt":"2020-03-09T19:49:59","guid":{"rendered":"http:\/\/newsinfoco.com.br\/?p=20571"},"modified":"2020-03-09T16:49:59","modified_gmt":"2020-03-09T19:49:59","slug":"rui-autoriza-alienacao-de-imovel-em-salvador-da-universidade-estadual-de-santa-cruz","status":"publish","type":"post","link":"https:\/\/newsinfoco.com.br\/inicio\/rui-autoriza-alienacao-de-imovel-em-salvador-da-universidade-estadual-de-santa-cruz\/","title":{"rendered":"Rui autoriza aliena\u00e7\u00e3o de im\u00f3vel em Salvador da Universidade Estadual de Santa Cruz"},"content":{"rendered":"<p style=\"text-align: justify;\">O governador da Bahia, Rui Costa (PT), autorizou, ap\u00f3s aprova\u00e7\u00e3o do projeto na Assembleia Legislativa, a aliena\u00e7\u00e3o do im\u00f3vel, mediante leil\u00e3o, da Universidade Estadual de Santa Cruz (UESC), no bairro de Piat\u00e3. A san\u00e7\u00e3o foi publicada na edi\u00e7\u00e3o de sexta-feira (6) do Di\u00e1rio Oficial do estado.<\/p>\n<p style=\"text-align: justify;\">Segundo a publica\u00e7\u00e3o, o dinheiro arrecadado com a venda do terreno, com \u00e1rea total de 630m\u00b2, ser\u00e1 investido na pr\u00f3pria institui\u00e7\u00e3o, como autorizado pelo Conselho Universit\u00e1rio.<\/p><div class=\"newsi-conteudo_19\" id=\"newsi-3648958633\"><a href=\"https:\/\/www.instagram.com\/prefeituraalagoinhas?igsh=YzgzdDJ1bWR3aWI4\" aria-label=\"SAVE_20251006_221555\"><img loading=\"lazy\" decoding=\"async\" src=\"https:\/\/newsinfoco.com.br\/inicio\/wp-content\/uploads\/2025\/10\/SAVE_20251006_221555-rotated.jpg\" alt=\"\"  srcset=\"https:\/\/newsinfoco.com.br\/inicio\/wp-content\/uploads\/2025\/10\/SAVE_20251006_221555-rotated.jpg 1140w, https:\/\/newsinfoco.com.br\/inicio\/wp-content\/uploads\/2025\/10\/SAVE_20251006_221555-300x52.jpg 300w, https:\/\/newsinfoco.com.br\/inicio\/wp-content\/uploads\/2025\/10\/SAVE_20251006_221555-1024x177.jpg 1024w, https:\/\/newsinfoco.com.br\/inicio\/wp-content\/uploads\/2025\/10\/SAVE_20251006_221555-768x133.jpg 768w, https:\/\/newsinfoco.com.br\/inicio\/wp-content\/uploads\/2025\/10\/SAVE_20251006_221555-600x104.jpg 600w, https:\/\/newsinfoco.com.br\/inicio\/wp-content\/uploads\/2025\/10\/SAVE_20251006_221555-696x120.jpg 696w, https:\/\/newsinfoco.com.br\/inicio\/wp-content\/uploads\/2025\/10\/SAVE_20251006_221555-1068x185.jpg 1068w\" sizes=\"(max-width: 1140px) 100vw, 1140px\" width=\"1140\" height=\"197\"   \/><\/a><\/div>\n<div class='share-to-whatsapp-wrapper'><div class='share-on-whsp'>Share on: <\/div><a data-text='Rui autoriza aliena\u00e7\u00e3o de im\u00f3vel em Salvador da Universidade Estadual de Santa Cruz' data-link='https:\/\/newsinfoco.com.br\/inicio\/rui-autoriza-alienacao-de-imovel-em-salvador-da-universidade-estadual-de-santa-cruz\/' class='whatsapp-button whatsapp-share'>WhatsApp<\/a><div class='clear '><\/div><\/div>","protected":false},"excerpt":{"rendered":"<p>O governador da Bahia, Rui Costa (PT), autorizou, ap\u00f3s aprova\u00e7\u00e3o do projeto na Assembleia Legislativa, a aliena\u00e7\u00e3o do im\u00f3vel, mediante leil\u00e3o, da Universidade Estadual de Santa Cruz (UESC), no bairro de Piat\u00e3. A san\u00e7\u00e3o foi publicada na edi\u00e7\u00e3o de sexta-feira (6) do Di\u00e1rio Oficial do estado. Segundo a publica\u00e7\u00e3o, o dinheiro arrecadado com a venda [&hellip;]<\/p>\n","protected":false},"author":1,"featured_media":20572,"comment_status":"open","ping_status":"open","sticky":false,"template":"","format":"standard","meta":{"om_disable_all_campaigns":false,"_exactmetrics_skip_tracking":false,"_exactmetrics_sitenote_active":false,"_exactmetrics_sitenote_note":"","_exactmetrics_sitenote_category":0,"footnotes":""},"categories":[19],"tags":[],"class_list":["post-20571","post","type-post","status-publish","format-standard","has-post-thumbnail","hentry","category-bahia"],"aioseo_notices":[],"_links":{"self":[{"href":"https:\/\/newsinfoco.com.br\/inicio\/wp-json\/wp\/v2\/posts\/20571","targetHints":{"allow":["GET"]}}],"collection":[{"href":"https:\/\/newsinfoco.com.br\/inicio\/wp-json\/wp\/v2\/posts"}],"about":[{"href":"https:\/\/newsinfoco.com.br\/inicio\/wp-json\/wp\/v2\/types\/post"}],"author":[{"embeddable":true,"href":"https:\/\/newsinfoco.com.br\/inicio\/wp-json\/wp\/v2\/users\/1"}],"replies":[{"embeddable":true,"href":"https:\/\/newsinfoco.com.br\/inicio\/wp-json\/wp\/v2\/comments?post=20571"}],"version-history":[{"count":0,"href":"https:\/\/newsinfoco.com.br\/inicio\/wp-json\/wp\/v2\/posts\/20571\/revisions"}],"wp:featuredmedia":[{"embeddable":true,"href":"https:\/\/newsinfoco.com.br\/inicio\/wp-json\/wp\/v2\/media\/20572"}],"wp:attachment":[{"href":"https:\/\/newsinfoco.com.br\/inicio\/wp-json\/wp\/v2\/media?parent=20571"}],"wp:term":[{"taxonomy":"category","embeddable":true,"href":"https:\/\/newsinfoco.com.br\/inicio\/wp-json\/wp\/v2\/categories?post=20571"},{"taxonomy":"post_tag","embeddable":true,"href":"https:\/\/newsinfoco.com.br\/inicio\/wp-json\/wp\/v2\/tags?post=20571"}],"curies":[{"name":"wp","href":"https:\/\/api.w.org\/{rel}","templated":true}]}}