{"id":20574,"date":"2020-03-09T16:54:51","date_gmt":"2020-03-09T19:54:51","guid":{"rendered":"http:\/\/newsinfoco.com.br\/?p=20574"},"modified":"2020-03-09T16:54:51","modified_gmt":"2020-03-09T19:54:51","slug":"sesab-e-sec-listam-medidas-de-prevencao-contra-coronavirus-para-escolas-baianas-veja","status":"publish","type":"post","link":"https:\/\/newsinfoco.com.br\/inicio\/sesab-e-sec-listam-medidas-de-prevencao-contra-coronavirus-para-escolas-baianas-veja\/","title":{"rendered":"Sesab e SEC listam medidas de preven\u00e7\u00e3o contra Coronav\u00edrus para escolas baianas; veja"},"content":{"rendered":"<p style=\"text-align: justify;\">A Secretaria Estadual de Sa\u00fade (SESAB) e Secretaria de Educa\u00e7\u00e3o (SEC) emitiu uma nota conjunta, nesta segunda-feira (9), dirigida \u00e0s escolas da Bahia de todos os n\u00edveis, com orienta\u00e7\u00f5es sobre #COVID2019 , o Coronav\u00edrus. A ideia, segundo o secret\u00e1rio de Sa\u00fade, F\u00e1bio Vilas Boas, \u00e9 dar dicar de \u201cpreven\u00e7\u00e3o da dissemina\u00e7\u00e3o\u201d e \u201cmanejo de poss\u00edveis infectados\u201d.<\/p>\n<p style=\"text-align: justify;\">\u201cCom objetivo de prevenir a transmiss\u00e3o, recomendamos medidas \u00e0s institui\u00e7\u00f5es escolares, bem como medidas comportamentais, cuja iniciativa cabe aos membros da comunidade escolar\u201d, diz o texto.<\/p><div class=\"newsi-conteudo_19\" id=\"newsi-3857769982\"><a href=\"https:\/\/www.instagram.com\/prefeituraalagoinhas?igsh=YzgzdDJ1bWR3aWI4\" aria-label=\"SAVE_20251006_221555\"><img loading=\"lazy\" decoding=\"async\" src=\"https:\/\/newsinfoco.com.br\/inicio\/wp-content\/uploads\/2025\/10\/SAVE_20251006_221555-rotated.jpg\" alt=\"\"  srcset=\"https:\/\/newsinfoco.com.br\/inicio\/wp-content\/uploads\/2025\/10\/SAVE_20251006_221555-rotated.jpg 1140w, https:\/\/newsinfoco.com.br\/inicio\/wp-content\/uploads\/2025\/10\/SAVE_20251006_221555-300x52.jpg 300w, https:\/\/newsinfoco.com.br\/inicio\/wp-content\/uploads\/2025\/10\/SAVE_20251006_221555-1024x177.jpg 1024w, https:\/\/newsinfoco.com.br\/inicio\/wp-content\/uploads\/2025\/10\/SAVE_20251006_221555-768x133.jpg 768w, https:\/\/newsinfoco.com.br\/inicio\/wp-content\/uploads\/2025\/10\/SAVE_20251006_221555-600x104.jpg 600w, https:\/\/newsinfoco.com.br\/inicio\/wp-content\/uploads\/2025\/10\/SAVE_20251006_221555-696x120.jpg 696w, https:\/\/newsinfoco.com.br\/inicio\/wp-content\/uploads\/2025\/10\/SAVE_20251006_221555-1068x185.jpg 1068w\" sizes=\"(max-width: 1140px) 100vw, 1140px\" width=\"1140\" height=\"197\"   \/><\/a><\/div>\n<p style=\"text-align: justify;\">Veja a lista:<\/p>\n<p style=\"text-align: justify;\"><strong>Medidas Institucionais<\/strong><br \/>\n\u2022 Promover, em parceria com a Secretaria da Sa\u00fade do Estado da Bahia<br \/>\n(Sesab), a\u00e7\u00f5es de divulga\u00e7\u00e3o das medidas preventivas nas escolas;<br \/>\n\u2022 Promover atividades educativas sobre higiene de m\u00e3os e etiqueta<br \/>\nrespirat\u00f3ria (conjunto de medidas comportamentais que devem ser<br \/>\ntomadas ao tossir ou espirrar);<br \/>\n\u2022 Recomenda-se a aquisi\u00e7\u00e3o de sabonete l\u00edquido e\/ou \u00e1lcool em gel (70%),<br \/>\na fim de estimular a correta higieniza\u00e7\u00e3o das m\u00e3os. Sempre que poss\u00edvel,<br \/>\nutilizar dispensadores de sabonete l\u00edquido, suporte de papel toalha e<br \/>\nlixeiras com tampa por acionamento por pedal nos lavat\u00f3rios e<br \/>\nbanheiros. J\u00e1 os dispensadores de prepara\u00e7\u00f5es alco\u00f3licas para as m\u00e3os<br \/>\ndevem ser instalados em pontos de maior circula\u00e7\u00e3o, tais como:<br \/>\nrecep\u00e7\u00e3o, corredores de acessos \u00e0 sala de aulas e refeit\u00f3rio;<br \/>\n\u2022 Estimular o uso de len\u00e7os de papel, bem como seu descarte adequado;<br \/>\n\u2022 Realizar a limpeza e desinfec\u00e7\u00e3o das superf\u00edcies das salas de aula e<br \/>\ndemais espa\u00e7os da escola (classes, cadeiras, mesas, aparelhos,<br \/>\nbebedouros e equipamentos de educa\u00e7\u00e3o f\u00edsica) ap\u00f3s o uso. Preconiza-se<br \/>\na limpeza das superf\u00edcies, com detergente neutro, seguida de desinfec\u00e7\u00e3o<br \/>\n(\u00e1lcool 70% ou hipoclorito de s\u00f3dio);<br \/>\n\u2022 Evitar compartilhamento de copos e vasilhas;<br \/>\n\u2022 Estimular o uso de recipientes individuais para o consumo de \u00e1gua,<br \/>\nevitando o contato direto da boca com as torneiras dos bebedouros;<br \/>\n\u2022 Lavar regularmente os brinquedos com \u00e1gua e sab\u00e3o;<br \/>\n\u2022 Manter os ambientes arejados por ventila\u00e7\u00e3o natural (portas e janelas<br \/>\nabertas);<br \/>\n\u2022 Evitar atividades que envolvam grandes aglomera\u00e7\u00f5es em ambientes<br \/>\nfechados, durante o per\u00edodo de circula\u00e7\u00e3o dos agentes causadores de<br \/>\ns\u00edndromes gripais, como o novo coronav\u00edrus (COVID-19);<br \/>\n\u2022 Manter a aten\u00e7\u00e3o para indiv\u00edduos (estudantes e profissionais) que<br \/>\napresentem febre e sintomas respirat\u00f3rios (tosse, coriza, etc.). Orientar a<br \/>\nprocura por atendimento em servi\u00e7o de sa\u00fade e, conforme<br \/>\nrecomenda\u00e7\u00e3o m\u00e9dica, manter afastamento das atividades;<br \/>\n\u2022 Comunicar \u00e0s autoridades sanit\u00e1rias a ocorr\u00eancia de suspeita de caso(s)<br \/>\nde infec\u00e7\u00e3o humana pelo novo coronav\u00edrus (COVID-19).<br \/>\n\u2022 \u00c9 recomendado a mobiliza\u00e7\u00e3o das fam\u00edlias e de toda a comunidade<br \/>\nescolar, professores, gestores, coordenadores pedag\u00f3gicos, t\u00e9cnico<br \/>\nadministrativos, profissionais da alimenta\u00e7\u00e3o escolar;<\/p>\n<p style=\"text-align: justify;\"><strong>Medidas Individuais (profissionais, estudantes e respons\u00e1veis)<\/strong><\/p>\n<p style=\"text-align: justify;\">\u2022 Higienizar as m\u00e3os com \u00e1gua e sabonete\/sab\u00e3o antes das refei\u00e7\u00f5es, ap\u00f3s<br \/>\ntossir, espirrar ou usar o banheiro. Quando n\u00e3o houver sujidade vis\u00edvel,<br \/>\npode-se usar as prepara\u00e7\u00f5es alco\u00f3licas (\u00e1lcool gel a 70%, por exemplo);<br \/>\n\u2022 Evitar tocar os olhos, nariz ou boca ap\u00f3s tossir ou espirrar ou ap\u00f3s<br \/>\ncontato com superf\u00edcies; &#8211; N\u00e3o compartilhar alimentos, copos, toalhas e<br \/>\nobjetos de uso pessoal;<br \/>\n\u2022 Aplicar a etiqueta respirat\u00f3ria: proteger com len\u00e7os (preferencialmente<br \/>\ndescart\u00e1veis) a boca e nariz ao tossir ou espirrar para evitar dissemina\u00e7\u00e3o<br \/>\nde got\u00edculas das secre\u00e7\u00f5es. Na impossibilidade de serem usados len\u00e7os,<br \/>\nrecomenda-se proteger a face junto \u00e0 dobra do cotovelo ao tossir ou<br \/>\nespirrar;<br \/>\n\u2022 A crian\u00e7a que apresentar febre abaixo de 37.8\u00b0C, tosse e espirros devem<br \/>\npermanecer em casa, em repouso com boa alimenta\u00e7\u00e3o e hidrata\u00e7\u00e3o.<br \/>\n\u2022 Atentar \u00e0 presen\u00e7a de febre acima de 37.8\u00b0C que persiste por mais de 24<br \/>\nhoras e desconfortos respirat\u00f3rios como cansa\u00e7o e dispneia. Se<br \/>\nestiverem presentes, procurar um servi\u00e7o de sa\u00fade e seguir<br \/>\nrecomenda\u00e7\u00f5es m\u00e9dicas;<br \/>\n\u2022 O uso de m\u00e1scaras por indiv\u00edduos sadios n\u00e3o representa, quando<br \/>\nadotado de forma isolada, uma medida de preven\u00e7\u00e3o. A lavagem das<br \/>\nm\u00e3os e a etiqueta respirat\u00f3ria se constituem em medidas de maior<br \/>\nefetividade. Al\u00e9m disso, o uso da m\u00e1scara sem a lavagem das m\u00e3os e a<br \/>\netiqueta respirat\u00f3ria pode prejudicar sua efic\u00e1cia na redu\u00e7\u00e3o do risco de<br \/>\ntransmiss\u00e3o.<\/p>\n<p style=\"text-align: justify;\">A Sesab informou ainda que \u201cmant\u00e9m a vigil\u00e2ncia ativa da circula\u00e7\u00e3o dos v\u00edrus respirat\u00f3rios, atrav\u00e9s do monitoramento constante da situa\u00e7\u00e3o epidemiol\u00f3gica, gerando boletins e notas t\u00e9cnicas para orienta\u00e7\u00e3o dos servi\u00e7os de sa\u00fade, dos demais setores e da popula\u00e7\u00e3o\u201d.<\/p>\n<p style=\"text-align: justify;\">Na Bahia,\u00a0<a href=\"https:\/\/www.bnews.com.br\/noticias\/saude\/saude\/261281,coronavirus-segundo-caso-e-confirmado-em-feira-de-santana.html\">dois casos foram confirmados de infectados pelo Coronav\u00edrus<\/a>, ambos no munic\u00edpio de Feira de Santana.<\/p>\n<div class='share-to-whatsapp-wrapper'><div class='share-on-whsp'>Share on: <\/div><a data-text='Sesab e SEC listam medidas de preven\u00e7\u00e3o contra Coronav\u00edrus para escolas baianas; veja' data-link='https:\/\/newsinfoco.com.br\/inicio\/sesab-e-sec-listam-medidas-de-prevencao-contra-coronavirus-para-escolas-baianas-veja\/' class='whatsapp-button whatsapp-share'>WhatsApp<\/a><div class='clear '><\/div><\/div>","protected":false},"excerpt":{"rendered":"<p>A Secretaria Estadual de Sa\u00fade (SESAB) e Secretaria de Educa\u00e7\u00e3o (SEC) emitiu uma nota conjunta, nesta segunda-feira (9), dirigida \u00e0s escolas da Bahia de todos os n\u00edveis, com orienta\u00e7\u00f5es sobre #COVID2019 , o Coronav\u00edrus. A ideia, segundo o secret\u00e1rio de Sa\u00fade, F\u00e1bio Vilas Boas, \u00e9 dar dicar de \u201cpreven\u00e7\u00e3o da dissemina\u00e7\u00e3o\u201d e \u201cmanejo de poss\u00edveis [&hellip;]<\/p>\n","protected":false},"author":1,"featured_media":20575,"comment_status":"open","ping_status":"open","sticky":false,"template":"","format":"standard","meta":{"om_disable_all_campaigns":false,"_exactmetrics_skip_tracking":false,"_exactmetrics_sitenote_active":false,"_exactmetrics_sitenote_note":"","_exactmetrics_sitenote_category":0,"footnotes":""},"categories":[19],"tags":[],"class_list":["post-20574","post","type-post","status-publish","format-standard","has-post-thumbnail","hentry","category-bahia"],"aioseo_notices":[],"_links":{"self":[{"href":"https:\/\/newsinfoco.com.br\/inicio\/wp-json\/wp\/v2\/posts\/20574","targetHints":{"allow":["GET"]}}],"collection":[{"href":"https:\/\/newsinfoco.com.br\/inicio\/wp-json\/wp\/v2\/posts"}],"about":[{"href":"https:\/\/newsinfoco.com.br\/inicio\/wp-json\/wp\/v2\/types\/post"}],"author":[{"embeddable":true,"href":"https:\/\/newsinfoco.com.br\/inicio\/wp-json\/wp\/v2\/users\/1"}],"replies":[{"embeddable":true,"href":"https:\/\/newsinfoco.com.br\/inicio\/wp-json\/wp\/v2\/comments?post=20574"}],"version-history":[{"count":0,"href":"https:\/\/newsinfoco.com.br\/inicio\/wp-json\/wp\/v2\/posts\/20574\/revisions"}],"wp:featuredmedia":[{"embeddable":true,"href":"https:\/\/newsinfoco.com.br\/inicio\/wp-json\/wp\/v2\/media\/20575"}],"wp:attachment":[{"href":"https:\/\/newsinfoco.com.br\/inicio\/wp-json\/wp\/v2\/media?parent=20574"}],"wp:term":[{"taxonomy":"category","embeddable":true,"href":"https:\/\/newsinfoco.com.br\/inicio\/wp-json\/wp\/v2\/categories?post=20574"},{"taxonomy":"post_tag","embeddable":true,"href":"https:\/\/newsinfoco.com.br\/inicio\/wp-json\/wp\/v2\/tags?post=20574"}],"curies":[{"name":"wp","href":"https:\/\/api.w.org\/{rel}","templated":true}]}}