{"id":20577,"date":"2020-03-09T16:59:23","date_gmt":"2020-03-09T19:59:23","guid":{"rendered":"http:\/\/newsinfoco.com.br\/?p=20577"},"modified":"2020-03-09T16:59:23","modified_gmt":"2020-03-09T19:59:23","slug":"rui-costa-acusa-moro-de-flerte-com-policiais-que-realizaram-motim-no-ceara","status":"publish","type":"post","link":"https:\/\/newsinfoco.com.br\/inicio\/rui-costa-acusa-moro-de-flerte-com-policiais-que-realizaram-motim-no-ceara\/","title":{"rendered":"Rui Costa acusa Moro de flerte com policiais que realizaram motim no Cear\u00e1"},"content":{"rendered":"<p style=\"text-align: justify;\">Em entrevista ao jornal O Globo na edi\u00e7\u00e3o desta segunda-feira (9), o govenador Rui Costa (PT) afirmou que n\u00e3o d\u00favida que o ministro da Justi\u00e7a, S\u00e9rgio Moro, flertou com os policiais militares respons\u00e1veis pelo motim no estado do Cear\u00e1.<\/p>\n<p style=\"text-align: justify;\">\u201cN\u00e3o tenho d\u00favida disso. Tivemos as declara\u00e7\u00f5es dele dizendo que os policiais amotinados n\u00e3o podiam ser julgados. Isso n\u00e3o \u00e9 fazer justi\u00e7a. N\u00e3o entendo uma declara\u00e7\u00e3o dessa de um ministro da Justi\u00e7a\u201d, disse.<\/p><div class=\"newsi-conteudo_19\" id=\"newsi-2115982931\"><a href=\"https:\/\/www.instagram.com\/prefeituraalagoinhas?igsh=YzgzdDJ1bWR3aWI4\" aria-label=\"SAVE_20251006_221555\"><img loading=\"lazy\" decoding=\"async\" src=\"https:\/\/newsinfoco.com.br\/inicio\/wp-content\/uploads\/2025\/10\/SAVE_20251006_221555-rotated.jpg\" alt=\"\"  srcset=\"https:\/\/newsinfoco.com.br\/inicio\/wp-content\/uploads\/2025\/10\/SAVE_20251006_221555-rotated.jpg 1140w, https:\/\/newsinfoco.com.br\/inicio\/wp-content\/uploads\/2025\/10\/SAVE_20251006_221555-300x52.jpg 300w, https:\/\/newsinfoco.com.br\/inicio\/wp-content\/uploads\/2025\/10\/SAVE_20251006_221555-1024x177.jpg 1024w, https:\/\/newsinfoco.com.br\/inicio\/wp-content\/uploads\/2025\/10\/SAVE_20251006_221555-768x133.jpg 768w, https:\/\/newsinfoco.com.br\/inicio\/wp-content\/uploads\/2025\/10\/SAVE_20251006_221555-600x104.jpg 600w, https:\/\/newsinfoco.com.br\/inicio\/wp-content\/uploads\/2025\/10\/SAVE_20251006_221555-696x120.jpg 696w, https:\/\/newsinfoco.com.br\/inicio\/wp-content\/uploads\/2025\/10\/SAVE_20251006_221555-1068x185.jpg 1068w\" sizes=\"(max-width: 1140px) 100vw, 1140px\" width=\"1140\" height=\"197\"   \/><\/a><\/div>\n<p style=\"text-align: justify;\">Ao jornal carioca, Rui, presidente do Cons\u00f3cio dos Estados Nordestinos, explicou a articula\u00e7\u00e3o feita com os demais governadores quando aventada a possibilidade do presidente Jair Bolsonaro n\u00e3o renovar a manuten\u00e7\u00e3o das For\u00e7as Armadas em solo cearense.<\/p>\n<p style=\"text-align: justify;\">\u201cO que os governadores do Brasil t\u00eam tido, independentemente de diferen\u00e7as pol\u00edtico-partid\u00e1rias e ideol\u00f3gicas, \u00e9 uma atua\u00e7\u00e3o unificada em defesa da democracia, da federa\u00e7\u00e3o, do estado de direito. Assim como houve indigna\u00e7\u00e3o geral quando o presidente tentou jogar a popula\u00e7\u00e3o contra os governadores na quest\u00e3o dos combust\u00edveis, houve tamb\u00e9m com as palavras de pessoas do governo federal que beiravam ou tangenciavam apoio ao movimento\u201d, afirmou.<\/p>\n<p style=\"text-align: justify;\">\u201cTivemos palavras d\u00fabias at\u00e9 do ministro da Justi\u00e7a quando a popula\u00e7\u00e3o estava sendo assassinada no Cear\u00e1. \u00c9 inconceb\u00edvel que um presidente da Rep\u00fablica n\u00e3o seja solid\u00e1rio com a popula\u00e7\u00e3o de quase 9 milh\u00f5es de habitantes. Est\u00e1vamos no grupo de WhatsApp dos governadores s\u00f3 esperando uma negativa oficial para prestar apoio\u201d, completou.<\/p>\n<p>&nbsp;<\/p>\n<div class='share-to-whatsapp-wrapper'><div class='share-on-whsp'>Share on: <\/div><a data-text='Rui Costa acusa Moro de flerte com policiais que realizaram motim no Cear\u00e1' data-link='https:\/\/newsinfoco.com.br\/inicio\/rui-costa-acusa-moro-de-flerte-com-policiais-que-realizaram-motim-no-ceara\/' class='whatsapp-button whatsapp-share'>WhatsApp<\/a><div class='clear '><\/div><\/div>","protected":false},"excerpt":{"rendered":"<p>Em entrevista ao jornal O Globo na edi\u00e7\u00e3o desta segunda-feira (9), o govenador Rui Costa (PT) afirmou que n\u00e3o d\u00favida que o ministro da Justi\u00e7a, S\u00e9rgio Moro, flertou com os policiais militares respons\u00e1veis pelo motim no estado do Cear\u00e1. \u201cN\u00e3o tenho d\u00favida disso. Tivemos as declara\u00e7\u00f5es dele dizendo que os policiais amotinados n\u00e3o podiam ser [&hellip;]<\/p>\n","protected":false},"author":1,"featured_media":15304,"comment_status":"open","ping_status":"open","sticky":false,"template":"","format":"standard","meta":{"om_disable_all_campaigns":false,"_exactmetrics_skip_tracking":false,"_exactmetrics_sitenote_active":false,"_exactmetrics_sitenote_note":"","_exactmetrics_sitenote_category":0,"footnotes":""},"categories":[19],"tags":[],"class_list":["post-20577","post","type-post","status-publish","format-standard","has-post-thumbnail","hentry","category-bahia"],"aioseo_notices":[],"_links":{"self":[{"href":"https:\/\/newsinfoco.com.br\/inicio\/wp-json\/wp\/v2\/posts\/20577","targetHints":{"allow":["GET"]}}],"collection":[{"href":"https:\/\/newsinfoco.com.br\/inicio\/wp-json\/wp\/v2\/posts"}],"about":[{"href":"https:\/\/newsinfoco.com.br\/inicio\/wp-json\/wp\/v2\/types\/post"}],"author":[{"embeddable":true,"href":"https:\/\/newsinfoco.com.br\/inicio\/wp-json\/wp\/v2\/users\/1"}],"replies":[{"embeddable":true,"href":"https:\/\/newsinfoco.com.br\/inicio\/wp-json\/wp\/v2\/comments?post=20577"}],"version-history":[{"count":0,"href":"https:\/\/newsinfoco.com.br\/inicio\/wp-json\/wp\/v2\/posts\/20577\/revisions"}],"wp:featuredmedia":[{"embeddable":true,"href":"https:\/\/newsinfoco.com.br\/inicio\/wp-json\/wp\/v2\/media\/15304"}],"wp:attachment":[{"href":"https:\/\/newsinfoco.com.br\/inicio\/wp-json\/wp\/v2\/media?parent=20577"}],"wp:term":[{"taxonomy":"category","embeddable":true,"href":"https:\/\/newsinfoco.com.br\/inicio\/wp-json\/wp\/v2\/categories?post=20577"},{"taxonomy":"post_tag","embeddable":true,"href":"https:\/\/newsinfoco.com.br\/inicio\/wp-json\/wp\/v2\/tags?post=20577"}],"curies":[{"name":"wp","href":"https:\/\/api.w.org\/{rel}","templated":true}]}}