{"id":20581,"date":"2020-03-09T17:13:47","date_gmt":"2020-03-09T20:13:47","guid":{"rendered":"http:\/\/newsinfoco.com.br\/?p=20581"},"modified":"2020-03-09T17:13:47","modified_gmt":"2020-03-09T20:13:47","slug":"paulo-guedes-diz-que-resposta-a-crise-sao-as-reformas","status":"publish","type":"post","link":"https:\/\/newsinfoco.com.br\/inicio\/paulo-guedes-diz-que-resposta-a-crise-sao-as-reformas\/","title":{"rendered":"Paulo Guedes diz que resposta \u00e0 crise s\u00e3o as reformas"},"content":{"rendered":"<p style=\"text-align: justify;\">O ministro da Economia, Paulo Guedes, afirmou nesta segunda-feira (9) que a melhor resposta \u00e0 crise, impulsionada pelo coronav\u00edrus, s\u00e3o as reformas. E que a reforma administrativa pode ser enviada ao Congresso Nacional ainda esta semana, ap\u00f3s o retorno do presidente Jair Bolsonaro dos Estados Undos.<\/p>\n<p style=\"text-align: justify;\">Disse ainda que a \u201ccontribui\u00e7\u00e3o inicial\u201d do governo \u00e0 reforma tribut\u00e1ria ser\u00e1 encaminhada ao Congresso nesta ou na pr\u00f3xima semana.<\/p><div class=\"newsi-conteudo_19\" id=\"newsi-562579991\"><a href=\"https:\/\/www.instagram.com\/prefeituraalagoinhas?igsh=YzgzdDJ1bWR3aWI4\" aria-label=\"SAVE_20251006_221555\"><img loading=\"lazy\" decoding=\"async\" src=\"https:\/\/newsinfoco.com.br\/inicio\/wp-content\/uploads\/2025\/10\/SAVE_20251006_221555-rotated.jpg\" alt=\"\"  srcset=\"https:\/\/newsinfoco.com.br\/inicio\/wp-content\/uploads\/2025\/10\/SAVE_20251006_221555-rotated.jpg 1140w, https:\/\/newsinfoco.com.br\/inicio\/wp-content\/uploads\/2025\/10\/SAVE_20251006_221555-300x52.jpg 300w, https:\/\/newsinfoco.com.br\/inicio\/wp-content\/uploads\/2025\/10\/SAVE_20251006_221555-1024x177.jpg 1024w, https:\/\/newsinfoco.com.br\/inicio\/wp-content\/uploads\/2025\/10\/SAVE_20251006_221555-768x133.jpg 768w, https:\/\/newsinfoco.com.br\/inicio\/wp-content\/uploads\/2025\/10\/SAVE_20251006_221555-600x104.jpg 600w, https:\/\/newsinfoco.com.br\/inicio\/wp-content\/uploads\/2025\/10\/SAVE_20251006_221555-696x120.jpg 696w, https:\/\/newsinfoco.com.br\/inicio\/wp-content\/uploads\/2025\/10\/SAVE_20251006_221555-1068x185.jpg 1068w\" sizes=\"(max-width: 1140px) 100vw, 1140px\" width=\"1140\" height=\"197\"   \/><\/a><\/div>\n<p style=\"text-align: justify;\">\u201cTemos que manter absoluta serenidade. E a maior resposta \u00e0 crise s\u00e3o as reformas. Vamos mandar a reforma administrativa, o pacto federativo j\u00e1 est\u00e1 l\u00e1, vamos mandar a reforma tribut\u00e1ria e vamos seguir o nosso trabalho. O Brasil tem din\u00e2mica pr\u00f3pria de crescimento. Se fizermos as coisas certas, o Brasil reacelerar\u00e1\u201d, disse ao chegar ao Minist\u00e9rio da Economia.<\/p>\n<p style=\"text-align: justify;\">Guedes disse que o coronav\u00edrus est\u00e1 sendo a gota d\u2019\u00e1gua para a redu\u00e7\u00e3o do crescimento econ\u00f4mico mundial. \u201cO mundo est\u00e1 realmente em um momento cr\u00edtico. O coronav\u00edrus est\u00e1 sendo a gota d\u2019\u00e1gua porque o mundo j\u00e1 estava desacelerando\u201d. J\u00e1 o Brasil, disse o ministro, est\u00e1 em situa\u00e7\u00e3o contr\u00e1ria. \u201cNo quarto trimestre deste ano que acabou [2019] sobre o quarto trimestre do ano anterior [2018] j\u00e1 estava crescendo a 1,7%\u201d, disse.<\/p>\n<p style=\"text-align: justify;\">Guedes destacou que a trag\u00e9dia de Brumadinho e a crise na Argentina levaram \u00e0 redu\u00e7\u00e3o do crescimento econ\u00f4mico do Brasil em 2019. \u201cCom esses dois epis\u00f3dios no in\u00edcio do ano passado, a taxa de crescimento do Brasil rachou pela metade. O Brasil estava crescendo 1,3% e caiu para 0,7% [primeiro trimestre de 2019]. S\u00f3 que no segundo trimestre j\u00e1 come\u00e7ou a voltar, [subiu] para 0,9%, no terceiro j\u00e1 estava em 1,1% e o no final do ano j\u00e1 estava crescendo 1,7%\u201d, disse.<\/p>\n<div class='share-to-whatsapp-wrapper'><div class='share-on-whsp'>Share on: <\/div><a data-text='Paulo Guedes diz que resposta \u00e0 crise s\u00e3o as reformas' data-link='https:\/\/newsinfoco.com.br\/inicio\/paulo-guedes-diz-que-resposta-a-crise-sao-as-reformas\/' class='whatsapp-button whatsapp-share'>WhatsApp<\/a><div class='clear '><\/div><\/div>","protected":false},"excerpt":{"rendered":"<p>O ministro da Economia, Paulo Guedes, afirmou nesta segunda-feira (9) que a melhor resposta \u00e0 crise, impulsionada pelo coronav\u00edrus, s\u00e3o as reformas. E que a reforma administrativa pode ser enviada ao Congresso Nacional ainda esta semana, ap\u00f3s o retorno do presidente Jair Bolsonaro dos Estados Undos. Disse ainda que a \u201ccontribui\u00e7\u00e3o inicial\u201d do governo \u00e0 [&hellip;]<\/p>\n","protected":false},"author":1,"featured_media":17757,"comment_status":"open","ping_status":"open","sticky":false,"template":"","format":"standard","meta":{"om_disable_all_campaigns":false,"_exactmetrics_skip_tracking":false,"_exactmetrics_sitenote_active":false,"_exactmetrics_sitenote_note":"","_exactmetrics_sitenote_category":0,"footnotes":""},"categories":[21],"tags":[],"class_list":["post-20581","post","type-post","status-publish","format-standard","has-post-thumbnail","hentry","category-brasil"],"aioseo_notices":[],"_links":{"self":[{"href":"https:\/\/newsinfoco.com.br\/inicio\/wp-json\/wp\/v2\/posts\/20581","targetHints":{"allow":["GET"]}}],"collection":[{"href":"https:\/\/newsinfoco.com.br\/inicio\/wp-json\/wp\/v2\/posts"}],"about":[{"href":"https:\/\/newsinfoco.com.br\/inicio\/wp-json\/wp\/v2\/types\/post"}],"author":[{"embeddable":true,"href":"https:\/\/newsinfoco.com.br\/inicio\/wp-json\/wp\/v2\/users\/1"}],"replies":[{"embeddable":true,"href":"https:\/\/newsinfoco.com.br\/inicio\/wp-json\/wp\/v2\/comments?post=20581"}],"version-history":[{"count":0,"href":"https:\/\/newsinfoco.com.br\/inicio\/wp-json\/wp\/v2\/posts\/20581\/revisions"}],"wp:featuredmedia":[{"embeddable":true,"href":"https:\/\/newsinfoco.com.br\/inicio\/wp-json\/wp\/v2\/media\/17757"}],"wp:attachment":[{"href":"https:\/\/newsinfoco.com.br\/inicio\/wp-json\/wp\/v2\/media?parent=20581"}],"wp:term":[{"taxonomy":"category","embeddable":true,"href":"https:\/\/newsinfoco.com.br\/inicio\/wp-json\/wp\/v2\/categories?post=20581"},{"taxonomy":"post_tag","embeddable":true,"href":"https:\/\/newsinfoco.com.br\/inicio\/wp-json\/wp\/v2\/tags?post=20581"}],"curies":[{"name":"wp","href":"https:\/\/api.w.org\/{rel}","templated":true}]}}