{"id":20583,"date":"2020-03-09T17:19:22","date_gmt":"2020-03-09T20:19:22","guid":{"rendered":"http:\/\/newsinfoco.com.br\/?p=20583"},"modified":"2020-03-09T17:19:22","modified_gmt":"2020-03-09T20:19:22","slug":"caso-adriano-pericia-do-rio-de-janeiro-nao-diverge-do-laudo-da-policia-civil-da-bahia","status":"publish","type":"post","link":"https:\/\/newsinfoco.com.br\/inicio\/caso-adriano-pericia-do-rio-de-janeiro-nao-diverge-do-laudo-da-policia-civil-da-bahia\/","title":{"rendered":"Caso Adriano: Per\u00edcia do Rio de Janeiro n\u00e3o diverge do laudo da Pol\u00edcia Civil da Bahia"},"content":{"rendered":"<p style=\"text-align: justify;\">A per\u00edcia realizada pela Pol\u00edcia Civil do Rio no corpo do miliciano Adriano da N\u00f3brega &#8220;n\u00e3o divergir\u00e1 em praticamente nada&#8221; do laudo produzido pela Pol\u00edcia Civil da Bahia, segundo a coluna Radar, da revista Veja.<\/p>\n<p style=\"text-align: justify;\">De acordo com a publica\u00e7\u00e3o, a \u00fanica diverg\u00eancia \u00e9 em rela\u00e7\u00e3o a uma fratura nas costelas, que n\u00e3o chegou a ser mencionada no relat\u00f3rio baiano.<\/p><div class=\"newsi-conteudo_19\" id=\"newsi-882893731\"><a href=\"https:\/\/www.instagram.com\/prefeituraalagoinhas?igsh=YzgzdDJ1bWR3aWI4\" aria-label=\"SAVE_20251006_221555\"><img loading=\"lazy\" decoding=\"async\" src=\"https:\/\/newsinfoco.com.br\/inicio\/wp-content\/uploads\/2025\/10\/SAVE_20251006_221555-rotated.jpg\" alt=\"\"  srcset=\"https:\/\/newsinfoco.com.br\/inicio\/wp-content\/uploads\/2025\/10\/SAVE_20251006_221555-rotated.jpg 1140w, https:\/\/newsinfoco.com.br\/inicio\/wp-content\/uploads\/2025\/10\/SAVE_20251006_221555-300x52.jpg 300w, https:\/\/newsinfoco.com.br\/inicio\/wp-content\/uploads\/2025\/10\/SAVE_20251006_221555-1024x177.jpg 1024w, https:\/\/newsinfoco.com.br\/inicio\/wp-content\/uploads\/2025\/10\/SAVE_20251006_221555-768x133.jpg 768w, https:\/\/newsinfoco.com.br\/inicio\/wp-content\/uploads\/2025\/10\/SAVE_20251006_221555-600x104.jpg 600w, https:\/\/newsinfoco.com.br\/inicio\/wp-content\/uploads\/2025\/10\/SAVE_20251006_221555-696x120.jpg 696w, https:\/\/newsinfoco.com.br\/inicio\/wp-content\/uploads\/2025\/10\/SAVE_20251006_221555-1068x185.jpg 1068w\" sizes=\"(max-width: 1140px) 100vw, 1140px\" width=\"1140\" height=\"197\"   \/><\/a><\/div>\n<p style=\"text-align: justify;\">O relat\u00f3rio da Pol\u00edcia Civil do Rio tamb\u00e9m vai apontar que o corpo do miliciano n\u00e3o apresenta sinais de tortura, segundo a coluna.<\/p>\n<div class='share-to-whatsapp-wrapper'><div class='share-on-whsp'>Share on: <\/div><a data-text='Caso Adriano: Per\u00edcia do Rio de Janeiro n\u00e3o diverge do laudo da Pol\u00edcia Civil da Bahia' data-link='https:\/\/newsinfoco.com.br\/inicio\/caso-adriano-pericia-do-rio-de-janeiro-nao-diverge-do-laudo-da-policia-civil-da-bahia\/' class='whatsapp-button whatsapp-share'>WhatsApp<\/a><div class='clear '><\/div><\/div>","protected":false},"excerpt":{"rendered":"<p>A per\u00edcia realizada pela Pol\u00edcia Civil do Rio no corpo do miliciano Adriano da N\u00f3brega &#8220;n\u00e3o divergir\u00e1 em praticamente nada&#8221; do laudo produzido pela Pol\u00edcia Civil da Bahia, segundo a coluna Radar, da revista Veja. De acordo com a publica\u00e7\u00e3o, a \u00fanica diverg\u00eancia \u00e9 em rela\u00e7\u00e3o a uma fratura nas costelas, que n\u00e3o chegou a [&hellip;]<\/p>\n","protected":false},"author":1,"featured_media":20584,"comment_status":"open","ping_status":"open","sticky":false,"template":"","format":"standard","meta":{"om_disable_all_campaigns":false,"_exactmetrics_skip_tracking":false,"_exactmetrics_sitenote_active":false,"_exactmetrics_sitenote_note":"","_exactmetrics_sitenote_category":0,"footnotes":""},"categories":[21],"tags":[],"class_list":["post-20583","post","type-post","status-publish","format-standard","has-post-thumbnail","hentry","category-brasil"],"aioseo_notices":[],"_links":{"self":[{"href":"https:\/\/newsinfoco.com.br\/inicio\/wp-json\/wp\/v2\/posts\/20583","targetHints":{"allow":["GET"]}}],"collection":[{"href":"https:\/\/newsinfoco.com.br\/inicio\/wp-json\/wp\/v2\/posts"}],"about":[{"href":"https:\/\/newsinfoco.com.br\/inicio\/wp-json\/wp\/v2\/types\/post"}],"author":[{"embeddable":true,"href":"https:\/\/newsinfoco.com.br\/inicio\/wp-json\/wp\/v2\/users\/1"}],"replies":[{"embeddable":true,"href":"https:\/\/newsinfoco.com.br\/inicio\/wp-json\/wp\/v2\/comments?post=20583"}],"version-history":[{"count":0,"href":"https:\/\/newsinfoco.com.br\/inicio\/wp-json\/wp\/v2\/posts\/20583\/revisions"}],"wp:featuredmedia":[{"embeddable":true,"href":"https:\/\/newsinfoco.com.br\/inicio\/wp-json\/wp\/v2\/media\/20584"}],"wp:attachment":[{"href":"https:\/\/newsinfoco.com.br\/inicio\/wp-json\/wp\/v2\/media?parent=20583"}],"wp:term":[{"taxonomy":"category","embeddable":true,"href":"https:\/\/newsinfoco.com.br\/inicio\/wp-json\/wp\/v2\/categories?post=20583"},{"taxonomy":"post_tag","embeddable":true,"href":"https:\/\/newsinfoco.com.br\/inicio\/wp-json\/wp\/v2\/tags?post=20583"}],"curies":[{"name":"wp","href":"https:\/\/api.w.org\/{rel}","templated":true}]}}