{"id":20586,"date":"2020-03-09T17:24:59","date_gmt":"2020-03-09T20:24:59","guid":{"rendered":"http:\/\/newsinfoco.com.br\/?p=20586"},"modified":"2020-03-09T17:24:59","modified_gmt":"2020-03-09T20:24:59","slug":"mourao-sobre-coronavirus-panico-nao-e-compativel-com-a-realidade","status":"publish","type":"post","link":"https:\/\/newsinfoco.com.br\/inicio\/mourao-sobre-coronavirus-panico-nao-e-compativel-com-a-realidade\/","title":{"rendered":"Mour\u00e3o sobre coronav\u00edrus: \u2018P\u00e2nico n\u00e3o \u00e9 compat\u00edvel com a realidade\u2019"},"content":{"rendered":"<p style=\"text-align: justify;\">Presidente em exerc\u00edcio, Hamilton Mour\u00e3o comentou nesta segunda-feira (9) sobre a crise mundial provocada pelo coronav\u00edrus. Em sua an\u00e1lise, \u201cexiste um p\u00e2nico que n\u00e3o \u00e9 compat\u00edvel com a realidade\u201d<\/p>\n<p style=\"text-align: justify;\">Atualmente s\u00e3o mais de 111 mil casos da doen\u00e7a respirat\u00f3ria no mundo, com 3,8 mil mortes. No Brasil foram confirmados 25 casos e 664 est\u00e3o em an\u00e1lise.<\/p><div class=\"newsi-conteudo_19\" id=\"newsi-3711720684\"><a href=\"https:\/\/www.instagram.com\/prefeituraalagoinhas?igsh=YzgzdDJ1bWR3aWI4\" aria-label=\"SAVE_20251006_221555\"><img loading=\"lazy\" decoding=\"async\" src=\"https:\/\/newsinfoco.com.br\/inicio\/wp-content\/uploads\/2025\/10\/SAVE_20251006_221555-rotated.jpg\" alt=\"\"  srcset=\"https:\/\/newsinfoco.com.br\/inicio\/wp-content\/uploads\/2025\/10\/SAVE_20251006_221555-rotated.jpg 1140w, https:\/\/newsinfoco.com.br\/inicio\/wp-content\/uploads\/2025\/10\/SAVE_20251006_221555-300x52.jpg 300w, https:\/\/newsinfoco.com.br\/inicio\/wp-content\/uploads\/2025\/10\/SAVE_20251006_221555-1024x177.jpg 1024w, https:\/\/newsinfoco.com.br\/inicio\/wp-content\/uploads\/2025\/10\/SAVE_20251006_221555-768x133.jpg 768w, https:\/\/newsinfoco.com.br\/inicio\/wp-content\/uploads\/2025\/10\/SAVE_20251006_221555-600x104.jpg 600w, https:\/\/newsinfoco.com.br\/inicio\/wp-content\/uploads\/2025\/10\/SAVE_20251006_221555-696x120.jpg 696w, https:\/\/newsinfoco.com.br\/inicio\/wp-content\/uploads\/2025\/10\/SAVE_20251006_221555-1068x185.jpg 1068w\" sizes=\"(max-width: 1140px) 100vw, 1140px\" width=\"1140\" height=\"197\"   \/><\/a><\/div>\n<p style=\"text-align: justify;\">\u201cN\u00e3o est\u00e1 muito bem, mas \u00e9 uma quest\u00e3o transit\u00f3ria, a gente sabe que essa \u00e9 a primeira epidemia da internet, por isso existe um p\u00e2nico que n\u00e3o \u00e9 compat\u00edvel com a realidade, apesar de ter havido mortes. Vamos olhar, s\u00f3 aqui no Brasil, quantas pessoas morreram de dengue esse ano e ningu\u00e9m comentou\u201d, indagou.<\/p>\n<p style=\"text-align: justify;\">As bolsas do mundo todo abriram em queda nesta segunda-feira abaladas pela epidemia do coronav\u00edrus e pela queda dos pre\u00e7os do petr\u00f3leo. Para o vice-presidente, a partir do momento que a situa\u00e7\u00e3o da China melhorar, os mercados v\u00e3o se reequilibrar.<\/p>\n<p style=\"text-align: justify;\">\u201cA atividade econ\u00f4mica est\u00e1 caindo porque as pessoas est\u00e3o deixando de trabalhar, principalmente em pa\u00edses que s\u00e3o motor da economia mundial, como a China. \u00c9 uma situa\u00e7\u00e3o normal, transit\u00f3ria, acredito que mais uns dois meses, a partir do momento que a situa\u00e7\u00e3o da China melhorar, os mercados v\u00e3o se reequilibrar\u201d, explicou Mour\u00e3o, que assumiu a Presid\u00eancia devido viagem do presidente Jair Bolsonaro aos Estados Unidos.<\/p>\n<div class='share-to-whatsapp-wrapper'><div class='share-on-whsp'>Share on: <\/div><a data-text='Mour\u00e3o sobre coronav\u00edrus: \u2018P\u00e2nico n\u00e3o \u00e9 compat\u00edvel com a realidade\u2019' data-link='https:\/\/newsinfoco.com.br\/inicio\/mourao-sobre-coronavirus-panico-nao-e-compativel-com-a-realidade\/' class='whatsapp-button whatsapp-share'>WhatsApp<\/a><div class='clear '><\/div><\/div>","protected":false},"excerpt":{"rendered":"<p>Presidente em exerc\u00edcio, Hamilton Mour\u00e3o comentou nesta segunda-feira (9) sobre a crise mundial provocada pelo coronav\u00edrus. Em sua an\u00e1lise, \u201cexiste um p\u00e2nico que n\u00e3o \u00e9 compat\u00edvel com a realidade\u201d Atualmente s\u00e3o mais de 111 mil casos da doen\u00e7a respirat\u00f3ria no mundo, com 3,8 mil mortes. No Brasil foram confirmados 25 casos e 664 est\u00e3o em [&hellip;]<\/p>\n","protected":false},"author":1,"featured_media":14760,"comment_status":"open","ping_status":"open","sticky":false,"template":"","format":"standard","meta":{"om_disable_all_campaigns":false,"_exactmetrics_skip_tracking":false,"_exactmetrics_sitenote_active":false,"_exactmetrics_sitenote_note":"","_exactmetrics_sitenote_category":0,"footnotes":""},"categories":[21],"tags":[],"class_list":["post-20586","post","type-post","status-publish","format-standard","has-post-thumbnail","hentry","category-brasil"],"aioseo_notices":[],"_links":{"self":[{"href":"https:\/\/newsinfoco.com.br\/inicio\/wp-json\/wp\/v2\/posts\/20586","targetHints":{"allow":["GET"]}}],"collection":[{"href":"https:\/\/newsinfoco.com.br\/inicio\/wp-json\/wp\/v2\/posts"}],"about":[{"href":"https:\/\/newsinfoco.com.br\/inicio\/wp-json\/wp\/v2\/types\/post"}],"author":[{"embeddable":true,"href":"https:\/\/newsinfoco.com.br\/inicio\/wp-json\/wp\/v2\/users\/1"}],"replies":[{"embeddable":true,"href":"https:\/\/newsinfoco.com.br\/inicio\/wp-json\/wp\/v2\/comments?post=20586"}],"version-history":[{"count":0,"href":"https:\/\/newsinfoco.com.br\/inicio\/wp-json\/wp\/v2\/posts\/20586\/revisions"}],"wp:featuredmedia":[{"embeddable":true,"href":"https:\/\/newsinfoco.com.br\/inicio\/wp-json\/wp\/v2\/media\/14760"}],"wp:attachment":[{"href":"https:\/\/newsinfoco.com.br\/inicio\/wp-json\/wp\/v2\/media?parent=20586"}],"wp:term":[{"taxonomy":"category","embeddable":true,"href":"https:\/\/newsinfoco.com.br\/inicio\/wp-json\/wp\/v2\/categories?post=20586"},{"taxonomy":"post_tag","embeddable":true,"href":"https:\/\/newsinfoco.com.br\/inicio\/wp-json\/wp\/v2\/tags?post=20586"}],"curies":[{"name":"wp","href":"https:\/\/api.w.org\/{rel}","templated":true}]}}