{"id":20589,"date":"2020-03-10T18:10:03","date_gmt":"2020-03-10T21:10:03","guid":{"rendered":"http:\/\/newsinfoco.com.br\/?p=20589"},"modified":"2020-03-10T18:10:03","modified_gmt":"2020-03-10T21:10:03","slug":"governo-joaquim-neto-perde-maioria-na-camara-de-vereadores-gode-e-pastor-lins-integrarao-oposicao","status":"publish","type":"post","link":"https:\/\/newsinfoco.com.br\/inicio\/governo-joaquim-neto-perde-maioria-na-camara-de-vereadores-gode-e-pastor-lins-integrarao-oposicao\/","title":{"rendered":"Governo Joaquim Neto perde maioria na C\u00e2mara de Vereadores; Gode e Pastor Lins integrar\u00e3o Oposi\u00e7\u00e3o"},"content":{"rendered":"<p style=\"text-align: justify;\">Os vereadores Pastor Lins e Gode est\u00e3o oficialmente na oposi\u00e7\u00e3o. Na tarde de hoje(10), ap\u00f3s a sess\u00e3o na C\u00e2mara Municipal, os dois edis se reuniram com o restante da bancada oposicionista, os vereadores Thor de Ninha, Jo\u00e3o Henrique Paolilo, Luciano S\u00e9rgio, Darlan Lucena, Luciano Almeida, Caio Ramos e Anderson Baqueiro para tratar das estrat\u00e9gias de atua\u00e7\u00e3o da oposi\u00e7\u00e3o daqui por diante na Casa Legislativa.<\/p>\n<p style=\"text-align: justify;\">Ap\u00f3s a ida dos dois vereadores, a oposi\u00e7\u00e3o passa a ter oficialmente a maioria na Casa. Essa superioridade no plen\u00e1rio se estende agora para comiss\u00f5es importantes. A CCJ, por exemplo, \u00fanica comiss\u00e3o com for\u00e7a de barrar mat\u00e9rias do executivo, que \u00e9 presidida pelo governista Juraci Nascimento, agora passa a ter maioria oposicionista, com Anderson Baqueiro, relator e Gode como membro. Ou seja, na conjuntura atual, nada chega ao plen\u00e1rio sem a anu\u00eancia da Oposi\u00e7\u00e3o, a menos que o presidente da C\u00e2mara, Roberto Torres, imponha urg\u00eancia na vota\u00e7\u00e3o da mat\u00e9ria.<\/p><div class=\"newsi-conteudo_19\" id=\"newsi-2220509485\"><a href=\"https:\/\/www.instagram.com\/prefeituraalagoinhas?igsh=YzgzdDJ1bWR3aWI4\" aria-label=\"SAVE_20251006_221555\"><img loading=\"lazy\" decoding=\"async\" src=\"https:\/\/newsinfoco.com.br\/inicio\/wp-content\/uploads\/2025\/10\/SAVE_20251006_221555-rotated.jpg\" alt=\"\"  srcset=\"https:\/\/newsinfoco.com.br\/inicio\/wp-content\/uploads\/2025\/10\/SAVE_20251006_221555-rotated.jpg 1140w, https:\/\/newsinfoco.com.br\/inicio\/wp-content\/uploads\/2025\/10\/SAVE_20251006_221555-300x52.jpg 300w, https:\/\/newsinfoco.com.br\/inicio\/wp-content\/uploads\/2025\/10\/SAVE_20251006_221555-1024x177.jpg 1024w, https:\/\/newsinfoco.com.br\/inicio\/wp-content\/uploads\/2025\/10\/SAVE_20251006_221555-768x133.jpg 768w, https:\/\/newsinfoco.com.br\/inicio\/wp-content\/uploads\/2025\/10\/SAVE_20251006_221555-600x104.jpg 600w, https:\/\/newsinfoco.com.br\/inicio\/wp-content\/uploads\/2025\/10\/SAVE_20251006_221555-696x120.jpg 696w, https:\/\/newsinfoco.com.br\/inicio\/wp-content\/uploads\/2025\/10\/SAVE_20251006_221555-1068x185.jpg 1068w\" sizes=\"(max-width: 1140px) 100vw, 1140px\" width=\"1140\" height=\"197\"   \/><\/a><\/div>\n<p style=\"text-align: justify;\">A situa\u00e7\u00e3o do Governo Joaquim Neto, ap\u00f3s a derrota na vota\u00e7\u00e3o do pedido de empr\u00e9stimo de R$15 milh\u00f5es na sess\u00e3o da \u00faltima quinta-feira(05), preocupa aliados. Na sess\u00e3o de hoje, da bancada situacionista, apenas o vereador Duy do Frango compareceu e, apesar disso, n\u00e3o ficou at\u00e9 o final. Para a oposi\u00e7\u00e3o, este \u00e9 um sinal de que a bancada de sustenta\u00e7\u00e3o do Governo ainda n\u00e3o superou a derrota na vota\u00e7\u00e3o e est\u00e1 atordoada.<\/p>\n<p style=\"text-align: justify;\">A oposi\u00e7\u00e3o, que j\u00e1 conta com a maioria num\u00e9rica, 9 vereadores, pode contar com refor\u00e7os nos pr\u00f3ximos meses. Conforme o News Infoco apurou, grupos pol\u00edticos de oposi\u00e7\u00e3o a Joaquim Neto tem feito propostas tentadoras aos remanescentes da base. A inten\u00e7\u00e3o \u00e9 que a bancada de oposi\u00e7\u00e3o alcance os 2\/3 da Casa(12 vereadores), inviabilizando qualquer movimento do Governo na Casa.<\/p>\n<p style=\"text-align: right;\">Por Caio Pimenta para o News Infoco<\/p>\n<div class='share-to-whatsapp-wrapper'><div class='share-on-whsp'>Share on: <\/div><a data-text='Governo Joaquim Neto perde maioria na C\u00e2mara de Vereadores; Gode e Pastor Lins integrar\u00e3o Oposi\u00e7\u00e3o' data-link='https:\/\/newsinfoco.com.br\/inicio\/governo-joaquim-neto-perde-maioria-na-camara-de-vereadores-gode-e-pastor-lins-integrarao-oposicao\/' class='whatsapp-button whatsapp-share'>WhatsApp<\/a><div class='clear '><\/div><\/div>","protected":false},"excerpt":{"rendered":"<p>Os vereadores Pastor Lins e Gode est\u00e3o oficialmente na oposi\u00e7\u00e3o. Na tarde de hoje(10), ap\u00f3s a sess\u00e3o na C\u00e2mara Municipal, os dois edis se reuniram com o restante da bancada oposicionista, os vereadores Thor de Ninha, Jo\u00e3o Henrique Paolilo, Luciano S\u00e9rgio, Darlan Lucena, Luciano Almeida, Caio Ramos e Anderson Baqueiro para tratar das estrat\u00e9gias de [&hellip;]<\/p>\n","protected":false},"author":1,"featured_media":20590,"comment_status":"open","ping_status":"open","sticky":false,"template":"","format":"standard","meta":{"om_disable_all_campaigns":false,"_exactmetrics_skip_tracking":false,"_exactmetrics_sitenote_active":false,"_exactmetrics_sitenote_note":"","_exactmetrics_sitenote_category":0,"footnotes":""},"categories":[167],"tags":[],"class_list":["post-20589","post","type-post","status-publish","format-standard","has-post-thumbnail","hentry","category-exclusivas"],"aioseo_notices":[],"_links":{"self":[{"href":"https:\/\/newsinfoco.com.br\/inicio\/wp-json\/wp\/v2\/posts\/20589","targetHints":{"allow":["GET"]}}],"collection":[{"href":"https:\/\/newsinfoco.com.br\/inicio\/wp-json\/wp\/v2\/posts"}],"about":[{"href":"https:\/\/newsinfoco.com.br\/inicio\/wp-json\/wp\/v2\/types\/post"}],"author":[{"embeddable":true,"href":"https:\/\/newsinfoco.com.br\/inicio\/wp-json\/wp\/v2\/users\/1"}],"replies":[{"embeddable":true,"href":"https:\/\/newsinfoco.com.br\/inicio\/wp-json\/wp\/v2\/comments?post=20589"}],"version-history":[{"count":0,"href":"https:\/\/newsinfoco.com.br\/inicio\/wp-json\/wp\/v2\/posts\/20589\/revisions"}],"wp:featuredmedia":[{"embeddable":true,"href":"https:\/\/newsinfoco.com.br\/inicio\/wp-json\/wp\/v2\/media\/20590"}],"wp:attachment":[{"href":"https:\/\/newsinfoco.com.br\/inicio\/wp-json\/wp\/v2\/media?parent=20589"}],"wp:term":[{"taxonomy":"category","embeddable":true,"href":"https:\/\/newsinfoco.com.br\/inicio\/wp-json\/wp\/v2\/categories?post=20589"},{"taxonomy":"post_tag","embeddable":true,"href":"https:\/\/newsinfoco.com.br\/inicio\/wp-json\/wp\/v2\/tags?post=20589"}],"curies":[{"name":"wp","href":"https:\/\/api.w.org\/{rel}","templated":true}]}}