{"id":20592,"date":"2020-03-10T20:56:17","date_gmt":"2020-03-10T23:56:17","guid":{"rendered":"http:\/\/newsinfoco.com.br\/?p=20592"},"modified":"2020-03-10T20:56:17","modified_gmt":"2020-03-10T23:56:17","slug":"sentindo-o-isolamento-politico-governo-joaquim-neto-tentou-reatar-aliancas-com-o-dem-e-com-o-grupo-ligado-a-chico-reis","status":"publish","type":"post","link":"https:\/\/newsinfoco.com.br\/inicio\/sentindo-o-isolamento-politico-governo-joaquim-neto-tentou-reatar-aliancas-com-o-dem-e-com-o-grupo-ligado-a-chico-reis\/","title":{"rendered":"Sentindo o isolamento politico, Governo Joaquim Neto tentou reatar alian\u00e7as com o DEM e com o grupo ligado a Chico Reis"},"content":{"rendered":"<p style=\"text-align: justify;\">Sentindo o isolamento politico se abater sob seu governo, o prefeito Joaquim Neto buscou reatar alian\u00e7as com o DEM e com o grupo politico ligado ao ex-prefeito Chico Reis. No caso do DEM, foram pelo menos 3 tentativas, segundo fontes relataram a este News Infoco. Em todas as oportunidades foi recha\u00e7ada por parte do partido qualquer inten\u00e7\u00e3o de retornar \u00e0 base de apoio.<\/p>\n<p style=\"text-align: justify;\">O dep. Paulo Azi continua extremamente magoado com a forma que se deu o rompimento. Em entrevista a um programa de r\u00e1dio, o prefeito Joaquim Neto chegou a afirmar na ocasi\u00e3o, que havia se livrado de um &#8216;conteiner&#8217; em referencia a presen\u00e7a de Paulo Azi em seu governo. Integrantes do partido tamb\u00e9m disseram que n\u00e3o acreditam no cumprimento dos acordos por parte do prefeito.<\/p><div class=\"newsi-conteudo_19\" id=\"newsi-3913482124\"><a href=\"https:\/\/www.instagram.com\/prefeituraalagoinhas?igsh=YzgzdDJ1bWR3aWI4\" aria-label=\"SAVE_20251006_221555\"><img loading=\"lazy\" decoding=\"async\" src=\"https:\/\/newsinfoco.com.br\/inicio\/wp-content\/uploads\/2025\/10\/SAVE_20251006_221555-rotated.jpg\" alt=\"\"  srcset=\"https:\/\/newsinfoco.com.br\/inicio\/wp-content\/uploads\/2025\/10\/SAVE_20251006_221555-rotated.jpg 1140w, https:\/\/newsinfoco.com.br\/inicio\/wp-content\/uploads\/2025\/10\/SAVE_20251006_221555-300x52.jpg 300w, https:\/\/newsinfoco.com.br\/inicio\/wp-content\/uploads\/2025\/10\/SAVE_20251006_221555-1024x177.jpg 1024w, https:\/\/newsinfoco.com.br\/inicio\/wp-content\/uploads\/2025\/10\/SAVE_20251006_221555-768x133.jpg 768w, https:\/\/newsinfoco.com.br\/inicio\/wp-content\/uploads\/2025\/10\/SAVE_20251006_221555-600x104.jpg 600w, https:\/\/newsinfoco.com.br\/inicio\/wp-content\/uploads\/2025\/10\/SAVE_20251006_221555-696x120.jpg 696w, https:\/\/newsinfoco.com.br\/inicio\/wp-content\/uploads\/2025\/10\/SAVE_20251006_221555-1068x185.jpg 1068w\" sizes=\"(max-width: 1140px) 100vw, 1140px\" width=\"1140\" height=\"197\"   \/><\/a><\/div>\n<p style=\"text-align: justify;\">O grupo de Chico Reis tamb\u00e9m foi procurado. A vice-prefeita, Iraci Gama, foi escalada pelo Governo para iniciar uma negocia\u00e7\u00e3o com o grupo, com carta branca para oferecer secretarias e espa\u00e7o na gest\u00e3o. Por\u00e9m, a proposta que parecia ser tentadora, n\u00e3o interessou a nenhum dos presentes. Tamb\u00e9m neste caso, houve desconfian\u00e7a por parte deste grupo politico no cumprimento dos acordos por parte do prefeito. Tanto DEM quanto o grupo ligado a Chico Reis integraram a cooliga\u00e7\u00e3o respons\u00e1vel pela vit\u00f3ria de Joaquim Neto na \u00faltima elei\u00e7\u00e3o.<\/p>\n<p style=\"text-align: justify;\">H\u00e1 uma crise de confian\u00e7a por parte dos grupos politicos da cidade na palavra empenhada pela gest\u00e3o municipal. Recentemente outro grupo politico, o de Filadelfo Neto, rejeitou a proposta do governo para formar uma alian\u00e7a. Tamb\u00e9m neste caso houve falta de confian\u00e7a no cumprimento daquilo que houvera sido oferecido, adicionada ainda ao baixo \u00edndice de popularidade da gest\u00e3o \u00e1 \u00e9poca e a pretens\u00e3o do grupo de lan\u00e7ar um candidato pr\u00f3prio \u00e0 prefeitura.<\/p>\n<p style=\"text-align: justify;\">Para completar o isolamento politico, hoje(10), os vereadores Gode e Pastor Lins anunciaram que a partir de agora s\u00e3o oposi\u00e7\u00e3o, fazendo com que o governo perca a maioria na Casa.<\/p>\n<p style=\"text-align: justify;\">A articula\u00e7\u00e3o politica da gest\u00e3o Joaquim Neto n\u00e3o para de colecionar derrotas e assim compromete a possibilidade de reelei\u00e7\u00e3o do atual gestor.<\/p>\n<p style=\"text-align: right;\">Por Caio Pimenta para o News Infoco<\/p>\n<div class='share-to-whatsapp-wrapper'><div class='share-on-whsp'>Share on: <\/div><a data-text='Sentindo o isolamento politico, Governo Joaquim Neto tentou reatar alian\u00e7as com o DEM e com o grupo ligado a Chico Reis' data-link='https:\/\/newsinfoco.com.br\/inicio\/sentindo-o-isolamento-politico-governo-joaquim-neto-tentou-reatar-aliancas-com-o-dem-e-com-o-grupo-ligado-a-chico-reis\/' class='whatsapp-button whatsapp-share'>WhatsApp<\/a><div class='clear '><\/div><\/div>","protected":false},"excerpt":{"rendered":"<p>Sentindo o isolamento politico se abater sob seu governo, o prefeito Joaquim Neto buscou reatar alian\u00e7as com o DEM e com o grupo politico ligado ao ex-prefeito Chico Reis. No caso do DEM, foram pelo menos 3 tentativas, segundo fontes relataram a este News Infoco. Em todas as oportunidades foi recha\u00e7ada por parte do partido [&hellip;]<\/p>\n","protected":false},"author":1,"featured_media":12659,"comment_status":"open","ping_status":"open","sticky":false,"template":"","format":"standard","meta":{"om_disable_all_campaigns":false,"_exactmetrics_skip_tracking":false,"_exactmetrics_sitenote_active":false,"_exactmetrics_sitenote_note":"","_exactmetrics_sitenote_category":0,"footnotes":""},"categories":[167],"tags":[],"class_list":["post-20592","post","type-post","status-publish","format-standard","has-post-thumbnail","hentry","category-exclusivas"],"aioseo_notices":[],"_links":{"self":[{"href":"https:\/\/newsinfoco.com.br\/inicio\/wp-json\/wp\/v2\/posts\/20592","targetHints":{"allow":["GET"]}}],"collection":[{"href":"https:\/\/newsinfoco.com.br\/inicio\/wp-json\/wp\/v2\/posts"}],"about":[{"href":"https:\/\/newsinfoco.com.br\/inicio\/wp-json\/wp\/v2\/types\/post"}],"author":[{"embeddable":true,"href":"https:\/\/newsinfoco.com.br\/inicio\/wp-json\/wp\/v2\/users\/1"}],"replies":[{"embeddable":true,"href":"https:\/\/newsinfoco.com.br\/inicio\/wp-json\/wp\/v2\/comments?post=20592"}],"version-history":[{"count":0,"href":"https:\/\/newsinfoco.com.br\/inicio\/wp-json\/wp\/v2\/posts\/20592\/revisions"}],"wp:featuredmedia":[{"embeddable":true,"href":"https:\/\/newsinfoco.com.br\/inicio\/wp-json\/wp\/v2\/media\/12659"}],"wp:attachment":[{"href":"https:\/\/newsinfoco.com.br\/inicio\/wp-json\/wp\/v2\/media?parent=20592"}],"wp:term":[{"taxonomy":"category","embeddable":true,"href":"https:\/\/newsinfoco.com.br\/inicio\/wp-json\/wp\/v2\/categories?post=20592"},{"taxonomy":"post_tag","embeddable":true,"href":"https:\/\/newsinfoco.com.br\/inicio\/wp-json\/wp\/v2\/tags?post=20592"}],"curies":[{"name":"wp","href":"https:\/\/api.w.org\/{rel}","templated":true}]}}