{"id":20594,"date":"2020-03-10T21:20:31","date_gmt":"2020-03-11T00:20:31","guid":{"rendered":"http:\/\/newsinfoco.com.br\/?p=20594"},"modified":"2020-03-10T21:20:31","modified_gmt":"2020-03-11T00:20:31","slug":"prefeitura-de-alagoinhas-recebe-mais-uma-ambulancia","status":"publish","type":"post","link":"https:\/\/newsinfoco.com.br\/inicio\/prefeitura-de-alagoinhas-recebe-mais-uma-ambulancia\/","title":{"rendered":"Prefeitura de Alagoinhas recebe mais uma ambul\u00e2ncia"},"content":{"rendered":"<p style=\"text-align: justify;\">O prefeito Joaquim Neto anunciou, nesta ter\u00e7a-feira (10), mais uma ambul\u00e2ncia para Alagoinhas. O equipamento, indicado pelo deputado estadual Mario Augusto de Almeida Neto, o \u201cJac\u00f3\u201d, atrav\u00e9s do vereador Francisco Ribeiro (\u201cThor de Ninha\u201d), foi entregue ao Chefe do Executivo Municipal, Joaquim Neto, que esteve na Secretaria de Sa\u00fade do Estado da Bahia (SESAB), onde recebeu oficialmente o ve\u00edculo e ressaltou a import\u00e2ncia da conquista para a cidade. Com o autom\u00f3vel, Alagoinhas soma um total de 10 novas ambul\u00e2ncias entregues ao munic\u00edpio em um per\u00edodo de 3 anos de gest\u00e3o.<\/p>\n<p style=\"text-align: justify;\">\u201cA ambul\u00e2ncia significa mais mobilidade e efici\u00eancia para o servi\u00e7o de transporte de pacientes. \u00c9 uma conquista, mais um avan\u00e7o que beneficia diretamente a nossa popula\u00e7\u00e3o e fortalece a nossa rede de sa\u00fade. Alagoinhas j\u00e1 recebeu, s\u00f3 nesse nosso mandato, 10 ambul\u00e2ncias, ent\u00e3o \u00e9 mais uma boa not\u00edcia que trazemos com muito orgulho. Agrade\u00e7o ao Governo do Estado, ao deputado Jac\u00f3, ao vereador Thor de Ninha. O equipamento vai integrar uma frota de ve\u00edculos que foram conquistados com um objetivo primordial, que \u00e9 cuidar da nossa gente\u201d, afirmou o prefeito.<\/p><div class=\"newsi-conteudo_19\" id=\"newsi-1514899219\"><a href=\"https:\/\/www.instagram.com\/prefeituraalagoinhas?igsh=YzgzdDJ1bWR3aWI4\" aria-label=\"SAVE_20251006_221555\"><img loading=\"lazy\" decoding=\"async\" src=\"https:\/\/newsinfoco.com.br\/inicio\/wp-content\/uploads\/2025\/10\/SAVE_20251006_221555-rotated.jpg\" alt=\"\"  srcset=\"https:\/\/newsinfoco.com.br\/inicio\/wp-content\/uploads\/2025\/10\/SAVE_20251006_221555-rotated.jpg 1140w, https:\/\/newsinfoco.com.br\/inicio\/wp-content\/uploads\/2025\/10\/SAVE_20251006_221555-300x52.jpg 300w, https:\/\/newsinfoco.com.br\/inicio\/wp-content\/uploads\/2025\/10\/SAVE_20251006_221555-1024x177.jpg 1024w, https:\/\/newsinfoco.com.br\/inicio\/wp-content\/uploads\/2025\/10\/SAVE_20251006_221555-768x133.jpg 768w, https:\/\/newsinfoco.com.br\/inicio\/wp-content\/uploads\/2025\/10\/SAVE_20251006_221555-600x104.jpg 600w, https:\/\/newsinfoco.com.br\/inicio\/wp-content\/uploads\/2025\/10\/SAVE_20251006_221555-696x120.jpg 696w, https:\/\/newsinfoco.com.br\/inicio\/wp-content\/uploads\/2025\/10\/SAVE_20251006_221555-1068x185.jpg 1068w\" sizes=\"(max-width: 1140px) 100vw, 1140px\" width=\"1140\" height=\"197\"   \/><\/a><\/div>\n<p style=\"text-align: justify;\">Segundo a secret\u00e1ria municipal de sa\u00fade, Rosania Rabelo, a nova ambul\u00e2ncia dever\u00e1 atender ao Hospital Maternidade, trazendo mais comodidade e fortalecendo o atendimento \u00e0s gestantes. No governo Joaquim Neto, ambul\u00e2ncias j\u00e1 foram entregues a Port\u00f5es, na zona rural, a Riacho da Guia, a Boa Uni\u00e3o, ao PSF do Miguel Velho e tamb\u00e9m ao SAMU, contribuindo para a agilidade no atendimento \u00e0s situa\u00e7\u00f5es de urg\u00eancia e emerg\u00eancia.<\/p>\n<p style=\"text-align: justify;\">\n<div class='share-to-whatsapp-wrapper'><div class='share-on-whsp'>Share on: <\/div><a data-text='Prefeitura de Alagoinhas recebe mais uma ambul\u00e2ncia' data-link='https:\/\/newsinfoco.com.br\/inicio\/prefeitura-de-alagoinhas-recebe-mais-uma-ambulancia\/' class='whatsapp-button whatsapp-share'>WhatsApp<\/a><div class='clear '><\/div><\/div>","protected":false},"excerpt":{"rendered":"<p>O prefeito Joaquim Neto anunciou, nesta ter\u00e7a-feira (10), mais uma ambul\u00e2ncia para Alagoinhas. O equipamento, indicado pelo deputado estadual Mario Augusto de Almeida Neto, o \u201cJac\u00f3\u201d, atrav\u00e9s do vereador Francisco Ribeiro (\u201cThor de Ninha\u201d), foi entregue ao Chefe do Executivo Municipal, Joaquim Neto, que esteve na Secretaria de Sa\u00fade do Estado da Bahia (SESAB), onde [&hellip;]<\/p>\n","protected":false},"author":1,"featured_media":20595,"comment_status":"open","ping_status":"open","sticky":false,"template":"","format":"standard","meta":{"om_disable_all_campaigns":false,"_exactmetrics_skip_tracking":false,"_exactmetrics_sitenote_active":false,"_exactmetrics_sitenote_note":"","_exactmetrics_sitenote_category":0,"footnotes":""},"categories":[38],"tags":[],"class_list":["post-20594","post","type-post","status-publish","format-standard","has-post-thumbnail","hentry","category-alagoinhas-e-regiao"],"aioseo_notices":[],"_links":{"self":[{"href":"https:\/\/newsinfoco.com.br\/inicio\/wp-json\/wp\/v2\/posts\/20594","targetHints":{"allow":["GET"]}}],"collection":[{"href":"https:\/\/newsinfoco.com.br\/inicio\/wp-json\/wp\/v2\/posts"}],"about":[{"href":"https:\/\/newsinfoco.com.br\/inicio\/wp-json\/wp\/v2\/types\/post"}],"author":[{"embeddable":true,"href":"https:\/\/newsinfoco.com.br\/inicio\/wp-json\/wp\/v2\/users\/1"}],"replies":[{"embeddable":true,"href":"https:\/\/newsinfoco.com.br\/inicio\/wp-json\/wp\/v2\/comments?post=20594"}],"version-history":[{"count":0,"href":"https:\/\/newsinfoco.com.br\/inicio\/wp-json\/wp\/v2\/posts\/20594\/revisions"}],"wp:featuredmedia":[{"embeddable":true,"href":"https:\/\/newsinfoco.com.br\/inicio\/wp-json\/wp\/v2\/media\/20595"}],"wp:attachment":[{"href":"https:\/\/newsinfoco.com.br\/inicio\/wp-json\/wp\/v2\/media?parent=20594"}],"wp:term":[{"taxonomy":"category","embeddable":true,"href":"https:\/\/newsinfoco.com.br\/inicio\/wp-json\/wp\/v2\/categories?post=20594"},{"taxonomy":"post_tag","embeddable":true,"href":"https:\/\/newsinfoco.com.br\/inicio\/wp-json\/wp\/v2\/tags?post=20594"}],"curies":[{"name":"wp","href":"https:\/\/api.w.org\/{rel}","templated":true}]}}