{"id":20599,"date":"2020-03-11T12:38:42","date_gmt":"2020-03-11T15:38:42","guid":{"rendered":"http:\/\/newsinfoco.com.br\/?p=20599"},"modified":"2020-03-11T12:47:31","modified_gmt":"2020-03-11T15:47:31","slug":"dep-paulo-azi-confirma-informacao-do-news-infoco-por-varias-vezes-o-prefeito-joaquim-tentou-reatar-alianca","status":"publish","type":"post","link":"https:\/\/newsinfoco.com.br\/inicio\/dep-paulo-azi-confirma-informacao-do-news-infoco-por-varias-vezes-o-prefeito-joaquim-tentou-reatar-alianca\/","title":{"rendered":"Dep. Paulo Azi confirma informa\u00e7\u00e3o do News Infoco: &#8216;Por v\u00e1rias vezes o prefeito Joaquim tentou reatar alian\u00e7a&#8217;"},"content":{"rendered":"<p style=\"text-align: justify;\">O deputado federal Paulo Azi, em contato com o News Infoco, na manh\u00e3 desta quarta-feira(11), resolveu rebater as insinua\u00e7\u00f5es do prefeito Joaquim Neto e confirmar a informa\u00e7\u00e3o divulgada pelo jornalista Caio Pimenta na noite de ontem(10) neste site(News Infoco) de que houve uma inciativa clara da gest\u00e3o municipal em reatar a alian\u00e7a com o DEM e com o grupo do ex-prefeito Chico Reis.(<a href=\"http:\/\/newsinfoco.com.br\/2020\/03\/10\/sentindo-o-isolamento-politico-governo-joaquim-neto-tentou-reatar-aliancas-com-o-dem-e-com-o-grupo-ligado-a-chico-reis\/\"><u>veja aqui<\/u><\/a>).<\/p>\n<p style=\"text-align: justify;\">De acordo com o deputado Paulo Azi, ocorreram seguidas tentativas por parte da gest\u00e3o municipal no sentido de retomada da rela\u00e7\u00e3o pol\u00edtica entre as partes. &#8216;V\u00e1rias vezes ele(Joaquim Neto) tentou, por meio de interlocutores, reestabelecer uma alian\u00e7a comigo&#8217;, afirmou Azi. Na mat\u00e9ria, Caio Pimenta menciona pelo menos 3 investidas de reaproxima\u00e7\u00e3o do Governo Joaquim Neto em reaver a antiga parceria politica. O vereador Luciano Almeida, em entrevista ao programa Primeira M\u00e3o, tamb\u00e9m citou o fato, afirmando que &#8216;por diversas vezes durante o ano de 2019&#8217; o DEM foi procurado pelo grupo liderado por Joaquim Neto com a mesma proposta. O prefeito Joaquim Neto nega veementemente qualquer tentativa de reaproxima\u00e7\u00e3o com o grupo do Dep. Paulo Azi.(<a href=\"http:\/\/newsinfoco.com.br\/2020\/03\/10\/prefiro-abandonar-a-politica-do-que-me-aliar-a-paulo-azi-afirma-prefeito-joaquim-neto\/\"><u>veja aqui<\/u><\/a>). Reputando falaciosas as informa\u00e7\u00f5es prestadas, tratando inclusive como imposs\u00edveis, talvez incab\u00edveis, qualquer di\u00e1logo entre ele e o deputado federal.<\/p><div class=\"newsi-conteudo_19\" id=\"newsi-388539678\"><a href=\"https:\/\/www.instagram.com\/prefeituraalagoinhas?igsh=YzgzdDJ1bWR3aWI4\" aria-label=\"SAVE_20251006_221555\"><img loading=\"lazy\" decoding=\"async\" src=\"https:\/\/newsinfoco.com.br\/inicio\/wp-content\/uploads\/2025\/10\/SAVE_20251006_221555-rotated.jpg\" alt=\"\"  srcset=\"https:\/\/newsinfoco.com.br\/inicio\/wp-content\/uploads\/2025\/10\/SAVE_20251006_221555-rotated.jpg 1140w, https:\/\/newsinfoco.com.br\/inicio\/wp-content\/uploads\/2025\/10\/SAVE_20251006_221555-300x52.jpg 300w, https:\/\/newsinfoco.com.br\/inicio\/wp-content\/uploads\/2025\/10\/SAVE_20251006_221555-1024x177.jpg 1024w, https:\/\/newsinfoco.com.br\/inicio\/wp-content\/uploads\/2025\/10\/SAVE_20251006_221555-768x133.jpg 768w, https:\/\/newsinfoco.com.br\/inicio\/wp-content\/uploads\/2025\/10\/SAVE_20251006_221555-600x104.jpg 600w, https:\/\/newsinfoco.com.br\/inicio\/wp-content\/uploads\/2025\/10\/SAVE_20251006_221555-696x120.jpg 696w, https:\/\/newsinfoco.com.br\/inicio\/wp-content\/uploads\/2025\/10\/SAVE_20251006_221555-1068x185.jpg 1068w\" sizes=\"(max-width: 1140px) 100vw, 1140px\" width=\"1140\" height=\"197\"   \/><\/a><\/div>\n<p style=\"text-align: justify;\">Mais do que negar, Joaquim Neto afirmou que preferiria &#8216;abandonar a politica do que se aliar novamente ao deputado Paulo Azi&#8217;. A declara\u00e7\u00e3o teve grande repercuss\u00e3o, ocupando a pauta dos notici\u00e1rios da cidade. O deputado Paulo Azi se mostrou bastante incomodado, disse, por sua vez, que &#8221;esta declara\u00e7\u00e3o real\u00e7a a deslealdade e ingratid\u00e3o do prefeito Joaquim Neto&#8221;.<\/p>\n<p style=\"text-align: justify;\">Joaquim tamb\u00e9m declarou que o grupo do deputado Paulo Azi faz parte de uma elite que sempre se utilizou da prefeitura para obter vantagens e desafiou o deputado a lan\u00e7ar um nome de seu grupo politico para concorrer a prefeitura. \u2018Eles n\u00e3o t\u00eam voto. Vivem de apoiar candidaturas para viver dos cargos\u2019, disse o prefeito.<\/p>\n<p style=\"text-align: justify;\">Paulo Azi n\u00e3o deixou de rebater:&#8217;Qual vantagem n\u00f3s(grupo politico) tivemos? Quando rompemos entreguei todos os cargos. Desde ent\u00e3o permanecemos unidos e sem cargos na administra\u00e7\u00e3o municipal.\u00a0 Como \u00e9 que nosso grupo s\u00f3 vive de cargos?!&#8217;, indagou.<\/p>\n<p style=\"text-align: justify;\">Ele aproveitou para cobrar do prefeito Joaquim Neto a utiliza\u00e7\u00e3o dos recursos de sua emenda no valor de R$1,5 mi para realiza\u00e7\u00e3o de cirurgias eletivas. Ele acusa o prefeito de &#8221;desviar os recursos&#8221;. &#8216;Se n\u00e3o utilizou o dinheiro at\u00e9 agora, s\u00f3 pode ter desviado para algum outro lugar. Ele(Joaquim Neto) n\u00e3o responde aonde est\u00e3o esses recursos&#8217;, declarou<\/p>\n<p style=\"text-align: justify;\">Paulo Azi ainda disse se sentir enganado por Joaquim Neto. &#8216;Quando n\u00f3s(grupo politico) o apoiamos, pensei que, por ter sido prefeito, 3 vezes de S\u00e1tiro Dias, ele teria a experiencia necess\u00e1ria para administrar a cidade. Depois fomos perceber a incapacidade administrativa dele&#8217;. E completou &#8216; O desprezo da popula\u00e7\u00e3o tra\u00edda e enganada \u00e9 a maior resposta para este governo&#8217;, indignou-se Paul Azi.<\/p>\n<p style=\"text-align: right;\">Por Paulo Dias para o News Infoco<\/p>\n<p style=\"text-align: justify;\">\n<div class='share-to-whatsapp-wrapper'><div class='share-on-whsp'>Share on: <\/div><a data-text='Dep. Paulo Azi confirma informa\u00e7\u00e3o do News Infoco: 'Por v\u00e1rias vezes o prefeito Joaquim tentou reatar alian\u00e7a'' data-link='https:\/\/newsinfoco.com.br\/inicio\/dep-paulo-azi-confirma-informacao-do-news-infoco-por-varias-vezes-o-prefeito-joaquim-tentou-reatar-alianca\/' class='whatsapp-button whatsapp-share'>WhatsApp<\/a><div class='clear '><\/div><\/div>","protected":false},"excerpt":{"rendered":"<p>O deputado federal Paulo Azi, em contato com o News Infoco, na manh\u00e3 desta quarta-feira(11), resolveu rebater as insinua\u00e7\u00f5es do prefeito Joaquim Neto e confirmar a informa\u00e7\u00e3o divulgada pelo jornalista Caio Pimenta na noite de ontem(10) neste site(News Infoco) de que houve uma inciativa clara da gest\u00e3o municipal em reatar a alian\u00e7a com o DEM [&hellip;]<\/p>\n","protected":false},"author":1,"featured_media":7091,"comment_status":"open","ping_status":"open","sticky":false,"template":"","format":"standard","meta":{"om_disable_all_campaigns":false,"_exactmetrics_skip_tracking":false,"_exactmetrics_sitenote_active":false,"_exactmetrics_sitenote_note":"","_exactmetrics_sitenote_category":0,"footnotes":""},"categories":[167],"tags":[],"class_list":["post-20599","post","type-post","status-publish","format-standard","has-post-thumbnail","hentry","category-exclusivas"],"aioseo_notices":[],"_links":{"self":[{"href":"https:\/\/newsinfoco.com.br\/inicio\/wp-json\/wp\/v2\/posts\/20599","targetHints":{"allow":["GET"]}}],"collection":[{"href":"https:\/\/newsinfoco.com.br\/inicio\/wp-json\/wp\/v2\/posts"}],"about":[{"href":"https:\/\/newsinfoco.com.br\/inicio\/wp-json\/wp\/v2\/types\/post"}],"author":[{"embeddable":true,"href":"https:\/\/newsinfoco.com.br\/inicio\/wp-json\/wp\/v2\/users\/1"}],"replies":[{"embeddable":true,"href":"https:\/\/newsinfoco.com.br\/inicio\/wp-json\/wp\/v2\/comments?post=20599"}],"version-history":[{"count":0,"href":"https:\/\/newsinfoco.com.br\/inicio\/wp-json\/wp\/v2\/posts\/20599\/revisions"}],"wp:featuredmedia":[{"embeddable":true,"href":"https:\/\/newsinfoco.com.br\/inicio\/wp-json\/wp\/v2\/media\/7091"}],"wp:attachment":[{"href":"https:\/\/newsinfoco.com.br\/inicio\/wp-json\/wp\/v2\/media?parent=20599"}],"wp:term":[{"taxonomy":"category","embeddable":true,"href":"https:\/\/newsinfoco.com.br\/inicio\/wp-json\/wp\/v2\/categories?post=20599"},{"taxonomy":"post_tag","embeddable":true,"href":"https:\/\/newsinfoco.com.br\/inicio\/wp-json\/wp\/v2\/tags?post=20599"}],"curies":[{"name":"wp","href":"https:\/\/api.w.org\/{rel}","templated":true}]}}