{"id":20603,"date":"2020-03-11T18:50:35","date_gmt":"2020-03-11T21:50:35","guid":{"rendered":"http:\/\/newsinfoco.com.br\/?p=20603"},"modified":"2020-03-11T19:09:36","modified_gmt":"2020-03-11T22:09:36","slug":"projeto-de-lei-que-estabelece-a-cobranca-fracionada-na-zona-azul-de-alagoinhas-e-aprovado-na-camara-de-vereadores","status":"publish","type":"post","link":"https:\/\/newsinfoco.com.br\/inicio\/projeto-de-lei-que-estabelece-a-cobranca-fracionada-na-zona-azul-de-alagoinhas-e-aprovado-na-camara-de-vereadores\/","title":{"rendered":"Projeto de Lei que estabelece a cobran\u00e7a fracionada na zona azul de Alagoinhas \u00e9 aprovado na C\u00e2mara de Vereadores"},"content":{"rendered":"<p style=\"text-align: justify;\">A C\u00e2mara de Vereadores de Alagoinhas aprovou ontem(10), o Projeto de Lei 039\/19, de autoria do vereador Thor de Ninha, que prev\u00ea a cobran\u00e7a fracionada do estacionamento no sistema zona azul, possibilitando assim, que o motorista pague pelo tempo de perman\u00eancia do ve\u00edculo na vaga, sendo o tempo m\u00ednimo de 30 minutos. Com o n\u00e3o comparecimento dos vereadores da base na sess\u00e3o, o projeto foi aprovado apenas com os votos da oposi\u00e7\u00e3o, que agora \u00e9 maioria na Casa. Votaram pela aprova\u00e7\u00e3o do projeto os vereadores Thor de Ninha, Caio Ramos, Anderson Baqueiro, Jo\u00e3o Henrique Paolilo, Darlan Lucena, Luciano S\u00e9rgio, Luciano Almeida, Pastor Lins e Gode.<\/p>\n<p style=\"text-align: justify;\">Para o autor da proposta, a iniciativa \u00e9 uma quest\u00e3o de justi\u00e7a. \u201cN\u00e3o tem cabimento uma pessoa utilizar o servi\u00e7o por 30 minutos e pagar por duas horas. Esse \u00e9 um Projeto que defende o interesse do consumidor, \u00e9 uma quest\u00e3o de justi\u00e7a social\u201d, justificou Thor, explicando que os pre\u00e7os ser\u00e3o estabelecidos por 30, 60 e 120 minutos, considerando exclusivamente o per\u00edodo proporcional de perman\u00eancia do ve\u00edculo na vaga.<\/p><div class=\"newsi-conteudo_19\" id=\"newsi-639270961\"><a href=\"https:\/\/www.instagram.com\/prefeituraalagoinhas?igsh=YzgzdDJ1bWR3aWI4\" aria-label=\"SAVE_20251006_221555\"><img loading=\"lazy\" decoding=\"async\" src=\"https:\/\/newsinfoco.com.br\/inicio\/wp-content\/uploads\/2025\/10\/SAVE_20251006_221555-rotated.jpg\" alt=\"\"  srcset=\"https:\/\/newsinfoco.com.br\/inicio\/wp-content\/uploads\/2025\/10\/SAVE_20251006_221555-rotated.jpg 1140w, https:\/\/newsinfoco.com.br\/inicio\/wp-content\/uploads\/2025\/10\/SAVE_20251006_221555-300x52.jpg 300w, https:\/\/newsinfoco.com.br\/inicio\/wp-content\/uploads\/2025\/10\/SAVE_20251006_221555-1024x177.jpg 1024w, https:\/\/newsinfoco.com.br\/inicio\/wp-content\/uploads\/2025\/10\/SAVE_20251006_221555-768x133.jpg 768w, https:\/\/newsinfoco.com.br\/inicio\/wp-content\/uploads\/2025\/10\/SAVE_20251006_221555-600x104.jpg 600w, https:\/\/newsinfoco.com.br\/inicio\/wp-content\/uploads\/2025\/10\/SAVE_20251006_221555-696x120.jpg 696w, https:\/\/newsinfoco.com.br\/inicio\/wp-content\/uploads\/2025\/10\/SAVE_20251006_221555-1068x185.jpg 1068w\" sizes=\"(max-width: 1140px) 100vw, 1140px\" width=\"1140\" height=\"197\"   \/><\/a><\/div>\n<p style=\"text-align: justify;\">O projeto aprovado corrige um item da lei da zona azul bastante criticado pela popula\u00e7\u00e3o e que foi criado pelos pr\u00f3prios vereadores, a tarifa de R$2,50 por um per\u00edodo minimo de 2 horas. A \u00e9poca a prefeitura alegou que n\u00e3o poderia modificar o item por ser uma cria\u00e7\u00e3o da pr\u00f3pria C\u00e2mara, cabendo s\u00f3 a ela corrigir o sistema de cobran\u00e7a, o que ocorreu na sess\u00e3o de ontem.<\/p>\n<p style=\"text-align: justify;\">O modelo de cobran\u00e7a proposto pelo vereador j\u00e1 \u00e9 executado em grandes cidades brasileiras, provando que n\u00e3o h\u00e1 dificuldade para a sua execu\u00e7\u00e3o. O Projeto segue para a san\u00e7\u00e3o do prefeito municipal e posteriormente entra em vigor.<\/p>\n<p style=\"text-align: justify;\">Na manh\u00e3 de hoje(11) Thor de Ninha concedeu entrevista ao programa Primeira M\u00e3o e esclareceu as d\u00favidas sobre o projeto, acompanhe:<\/p>\n<p><iframe loading=\"lazy\" title=\"Thor de Ninha fala sobre projeto aprovado na C\u00e2mara que modifica itens da lei da Zona Azul\" width=\"696\" height=\"392\" src=\"https:\/\/www.youtube.com\/embed\/OQ6SjfEnlWM?start=12&#038;feature=oembed\" frameborder=\"0\" allow=\"accelerometer; autoplay; encrypted-media; gyroscope; picture-in-picture\" allowfullscreen><\/iframe><\/p>\n<p style=\"text-align: right;\">Por Caio Pimenta para o News Infoco<\/p>\n<p style=\"text-align: justify;\">\n<div class='share-to-whatsapp-wrapper'><div class='share-on-whsp'>Share on: <\/div><a data-text='Projeto de Lei que estabelece a cobran\u00e7a fracionada na zona azul de Alagoinhas \u00e9 aprovado na C\u00e2mara de Vereadores' data-link='https:\/\/newsinfoco.com.br\/inicio\/projeto-de-lei-que-estabelece-a-cobranca-fracionada-na-zona-azul-de-alagoinhas-e-aprovado-na-camara-de-vereadores\/' class='whatsapp-button whatsapp-share'>WhatsApp<\/a><div class='clear '><\/div><\/div>","protected":false},"excerpt":{"rendered":"<p>A C\u00e2mara de Vereadores de Alagoinhas aprovou ontem(10), o Projeto de Lei 039\/19, de autoria do vereador Thor de Ninha, que prev\u00ea a cobran\u00e7a fracionada do estacionamento no sistema zona azul, possibilitando assim, que o motorista pague pelo tempo de perman\u00eancia do ve\u00edculo na vaga, sendo o tempo m\u00ednimo de 30 minutos. Com o n\u00e3o [&hellip;]<\/p>\n","protected":false},"author":1,"featured_media":5367,"comment_status":"open","ping_status":"open","sticky":false,"template":"","format":"standard","meta":{"om_disable_all_campaigns":false,"_exactmetrics_skip_tracking":false,"_exactmetrics_sitenote_active":false,"_exactmetrics_sitenote_note":"","_exactmetrics_sitenote_category":0,"footnotes":""},"categories":[167],"tags":[],"class_list":["post-20603","post","type-post","status-publish","format-standard","has-post-thumbnail","hentry","category-exclusivas"],"aioseo_notices":[],"_links":{"self":[{"href":"https:\/\/newsinfoco.com.br\/inicio\/wp-json\/wp\/v2\/posts\/20603","targetHints":{"allow":["GET"]}}],"collection":[{"href":"https:\/\/newsinfoco.com.br\/inicio\/wp-json\/wp\/v2\/posts"}],"about":[{"href":"https:\/\/newsinfoco.com.br\/inicio\/wp-json\/wp\/v2\/types\/post"}],"author":[{"embeddable":true,"href":"https:\/\/newsinfoco.com.br\/inicio\/wp-json\/wp\/v2\/users\/1"}],"replies":[{"embeddable":true,"href":"https:\/\/newsinfoco.com.br\/inicio\/wp-json\/wp\/v2\/comments?post=20603"}],"version-history":[{"count":0,"href":"https:\/\/newsinfoco.com.br\/inicio\/wp-json\/wp\/v2\/posts\/20603\/revisions"}],"wp:featuredmedia":[{"embeddable":true,"href":"https:\/\/newsinfoco.com.br\/inicio\/wp-json\/wp\/v2\/media\/5367"}],"wp:attachment":[{"href":"https:\/\/newsinfoco.com.br\/inicio\/wp-json\/wp\/v2\/media?parent=20603"}],"wp:term":[{"taxonomy":"category","embeddable":true,"href":"https:\/\/newsinfoco.com.br\/inicio\/wp-json\/wp\/v2\/categories?post=20603"},{"taxonomy":"post_tag","embeddable":true,"href":"https:\/\/newsinfoco.com.br\/inicio\/wp-json\/wp\/v2\/tags?post=20603"}],"curies":[{"name":"wp","href":"https:\/\/api.w.org\/{rel}","templated":true}]}}